{"id":60007,"date":"2024-05-16T19:53:11","date_gmt":"2024-05-16T18:53:11","guid":{"rendered":"https:\/\/www.o-p-i.fr\/parlonsen\/?p=60007"},"modified":"2024-05-16T19:53:11","modified_gmt":"2024-05-16T18:53:11","slug":"le-quatuor-de-cadars-a-negrepelisse-82","status":"publish","type":"post","link":"https:\/\/www.o-p-i.fr\/parlonsen\/parlons-en\/culture\/le-quatuor-de-cadars-a-negrepelisse-82\/","title":{"rendered":"Le Quatuor de Cadars &#8230; \u00e0 N\u00e8grepelisse (82)"},"content":{"rendered":"<p><strong>Samedi 25 mai 2024<\/strong>, \u00e0 20h.30 au Temple. <!--more--><br \/>\n<img data-recalc-dims=\"1\" loading=\"lazy\" decoding=\"async\" class=\"alignright size-full wp-image-60008\" src=\"https:\/\/i0.wp.com\/www.o-p-i.fr\/parlonsen\/wp-content\/uploads\/la-voix.jpg?resize=425%2C600&#038;ssl=1\" alt=\"\" width=\"425\" height=\"600\" srcset=\"https:\/\/i0.wp.com\/www.o-p-i.fr\/parlonsen\/wp-content\/uploads\/la-voix.jpg?w=425&amp;ssl=1 425w, https:\/\/i0.wp.com\/www.o-p-i.fr\/parlonsen\/wp-content\/uploads\/la-voix.jpg?resize=213%2C300&amp;ssl=1 213w, https:\/\/i0.wp.com\/www.o-p-i.fr\/parlonsen\/wp-content\/uploads\/la-voix.jpg?resize=400%2C565&amp;ssl=1 400w, https:\/\/i0.wp.com\/www.o-p-i.fr\/parlonsen\/wp-content\/uploads\/la-voix.jpg?resize=150%2C212&amp;ssl=1 150w, https:\/\/i0.wp.com\/www.o-p-i.fr\/parlonsen\/wp-content\/uploads\/la-voix.jpg?resize=100%2C141&amp;ssl=1 100w\" sizes=\"auto, (max-width: 425px) 100vw, 425px\" \/>Apr\u00e8s le succ\u00e8s de la premi\u00e8re repr\u00e9sentation de LA VOIX DES SAISONS \u00e0 Montauban, la deuxi\u00e8me date de la nouvelle production du Quatuor de Cadars aura lieu samedi 25 mai \u00e0 20h30 au Temple de N\u00e8grepelisse.<br \/>\n<strong>L\u2019entr\u00e9e sera libre, offerte par la Mairie.<\/strong><br \/>\n<em>Les bourgeons sortent, les feuilles poussent, les oiseaux chantent, coulent les sources (Mozart, Gounod)<\/em><br \/>\n<em>Le soleil tisse des rayons d\u2019or, les bl\u00e9s m\u00fbrissent, le l\u00e9zard dort (Offenbach et Lecocq)<\/em><br \/>\n<em>L\u2019\u00e9t\u00e9 s\u2019ach\u00e8ve, les feuilles tombent, le vent se l\u00e8ve, l\u2019orage gronde (Vivaldi et Mendelssohn)<\/em><br \/>\n<em>Les bois se taisent, les oiseaux fuient, les ruisseaux g\u00e8lent, tombent les pluies (Dvorak, Rameau)<\/em><\/p>\n<p>Les saisons chantent, le chant r\u00e9sonne, le public vibre dans un tourbillon de notes et de rythmes.<br \/>\nSonia Alejos Molina, mezzo-soprano, int\u00e8gre les Ch\u0153urs du Th\u00e9\u00e2tre du Capitole de Toulouse en 2007, puis les Compagnons du Th\u00e9\u00e2tre en 2016 et la compagnie TLA Production en 2023 pour les programmations lyriques du Th\u00e9\u00e2tre de Castres, de Lamalou-les-Bains et du Casino Barri\u00e8re \u00e0 Toulouse.<br \/>\nLa voix cristalline et agile de Cendrine Laran\u00e9, soprano colorature, lui permet d\u2019aborder un r\u00e9pertoire virtuose et accessible \u00e0 tr\u00e8s peu de voix f\u00e9minines.<br \/>\nNadzeya Lumeau, mezzo-soprano et artiste aux multiples facettes, a travaill\u00e9 dans la publicit\u00e9 et le mannequinat. Depuis 1990, elle est cr\u00e9atrice des collections pr\u00eat-\u00e0-porter et haute couture.<br \/>\nGarance Labbe, pianiste, obtient un Master de piano en 2008 au Conservatoire Royal de Bruxelles et l\u2019ann\u00e9e suivante une agr\u00e9gation de l\u2019enseignement secondaire sup\u00e9rieur du piano. Elle est professeur de piano au Conservatoire de Montauban.<br \/>\nBab\u00e9 B\u00e9renguer, narratrice, pr\u00e9sentera les diff\u00e9rentes s\u00e9quences et tableaux, en les illustrant avec des extraits litt\u00e9raires en po\u00e9sie et en prose.<br \/>\nLe Quatuor Magenta est un quatuor \u00e0 corde tarn-et-garonnais (premier violon, second violon, alto et violoncelle), produit par l\u2019Orchestre Symphonique Olympe.<br \/>\nUne repr\u00e9sentation suppl\u00e9mentaire aura lieu le dimanche 1er septembre \u00e0 17h en l\u2019\u00e9glise de Gibignargues \u00e0 Puycornet.<\/p>\n<p><a href=\"http:\/\/soniaalejosmolina.e-monsite.com\/\" target=\"_blank\" rel=\"noopener\">http:\/\/soniaalejosmolina.e-monsite.com\/<\/a><br \/>\nRenseignements\u202f: 06.79.57.25.21<\/p>\n<p><em>Information communiqu\u00e9e par Sonia ALEJOS MOLINA<\/em><\/p>\n<p><a href=\"http:\/\/www.o-p-i.fr\/parlonsen\/agenda\/\">Retrouvez tous les \u00e9v\u00e9nements dans l&rsquo;agenda !<\/a><\/p>\n","protected":false},"excerpt":{"rendered":"<div class=\"mh-excerpt\">Samedi 25 mai 2024, \u00e0 20h.30 au Temple.<\/div>\n","protected":false},"author":4,"featured_media":32540,"comment_status":"open","ping_status":"open","sticky":false,"template":"","format":"standard","meta":{"om_disable_all_campaigns":false,"advanced_seo_description":"","jetpack_seo_html_title":"","jetpack_seo_noindex":false,"_jetpack_memberships_contains_paid_content":false,"footnotes":"","_links_to":"","_links_to_target":""},"categories":[52,42,1,54,5949],"tags":[43,282,845,6127],"class_list":{"0":"post-60007","1":"post","2":"type-post","3":"status-publish","4":"format-standard","5":"has-post-thumbnail","7":"category-parlons-en","8":"category-a-cote-de-chez-nous","9":"category-culture","10":"category-loisirs","11":"category-n-218-mai-2024","12":"tag-concert","13":"tag-sonia-alejos-molina","14":"tag-quatuor-de-cadars","15":"tag-s2024"},"jetpack_featured_media_url":"https:\/\/i0.wp.com\/www.o-p-i.fr\/parlonsen\/wp-content\/uploads\/Sonia.jpg?fit=300%2C433&ssl=1","views":{"total":2,"cached_at":"","cached_date":1738467790},"jetpack_likes_enabled":true,"jetpack_sharing_enabled":true,"jetpack_shortlink":"https:\/\/wp.me\/pg7Wxj-fBR","jetpack-related-posts":[],"_links":{"self":[{"href":"https:\/\/www.o-p-i.fr\/parlonsen\/wp-json\/wp\/v2\/posts\/60007","targetHints":{"allow":["GET"]}}],"collection":[{"href":"https:\/\/www.o-p-i.fr\/parlonsen\/wp-json\/wp\/v2\/posts"}],"about":[{"href":"https:\/\/www.o-p-i.fr\/parlonsen\/wp-json\/wp\/v2\/types\/post"}],"author":[{"embeddable":true,"href":"https:\/\/www.o-p-i.fr\/parlonsen\/wp-json\/wp\/v2\/users\/4"}],"replies":[{"embeddable":true,"href":"https:\/\/www.o-p-i.fr\/parlonsen\/wp-json\/wp\/v2\/comments?post=60007"}],"version-history":[{"count":0,"href":"https:\/\/www.o-p-i.fr\/parlonsen\/wp-json\/wp\/v2\/posts\/60007\/revisions"}],"wp:featuredmedia":[{"embeddable":true,"href":"https:\/\/www.o-p-i.fr\/parlonsen\/wp-json\/wp\/v2\/media\/32540"}],"wp:attachment":[{"href":"https:\/\/www.o-p-i.fr\/parlonsen\/wp-json\/wp\/v2\/media?parent=60007"}],"wp:term":[{"taxonomy":"category","embeddable":true,"href":"https:\/\/www.o-p-i.fr\/parlonsen\/wp-json\/wp\/v2\/categories?post=60007"},{"taxonomy":"post_tag","embeddable":true,"href":"https:\/\/www.o-p-i.fr\/parlonsen\/wp-json\/wp\/v2\/tags?post=60007"}],"curies":[{"name":"wp","href":"https:\/\/api.w.org\/{rel}","templated":true}]}}