{"id":6007,"date":"2010-12-08T19:07:08","date_gmt":"2010-12-08T17:07:08","guid":{"rendered":"\/parlonsen\/?p=6007"},"modified":"2010-12-08T19:07:08","modified_gmt":"2010-12-08T17:07:08","slug":"la-biodiversite-en-midi-pyrenees-un-autre-regard","status":"publish","type":"post","link":"https:\/\/www.o-p-i.fr\/parlonsen\/parlons-en\/culture\/la-biodiversite-en-midi-pyrenees-un-autre-regard\/","title":{"rendered":"La biodiversit\u00e9 en Midi-Pyr\u00e9n\u00e9es &#8230; un autre regard"},"content":{"rendered":"<p style=\"text-align: justify;\">Dans le cadre de l\u2019ann\u00e9e internationale de la biodiversit\u00e9, le <span style=\"color: #0000ff;\"><strong>Petit salon du livre Nature &amp; Biodiversit\u00e9<\/strong><\/span> se tiendra, en pr\u00e9sence d&rsquo;auteurs,\u00a0 le <span style=\"color: #0000ff;\"><strong>Dimanche 12 d\u00e9cembre 2010 <\/strong><\/span>de 10h \u00e0 17h, \u00e0 la Maison de la For\u00eat d\u00e9partementale de Sivens.<!--more--><\/p>\n<p><span style=\"color: #0000ff;\"><strong><\/strong><\/span><\/p>\n<figure id=\"attachment_6012\" aria-describedby=\"caption-attachment-6012\" style=\"width: 346px\" class=\"wp-caption alignright\"><strong><strong><img data-recalc-dims=\"1\" loading=\"lazy\" decoding=\"async\" class=\"size-full wp-image-6012\" title=\"Maison de la For\u00eat  d\u00e9partementale de Sivens\" src=\"https:\/\/i0.wp.com\/www.o-p-i.fr\/parlonsen\/wp-content\/uploads\/fly_biodiversite.jpg?resize=346%2C742&#038;ssl=1\" alt=\"Maison de la For\u00eat  d\u00e9partementale de Sivens\" width=\"346\" height=\"742\" \/><\/strong><\/strong><figcaption id=\"caption-attachment-6012\" class=\"wp-caption-text\">Maison de la For\u00eat  d\u00e9partementale de Sivens<\/figcaption><\/figure>\n<p><span style=\"color: #0000ff;\"><strong>&#8211; Rencontres &#8211;<\/strong><\/span><\/p>\n<p style=\"text-align: justify;\"><span style=\"color: #0000ff;\"><strong>10 h 30<\/strong><\/span> : Conf\u00e9rence diaporama avec J\u00e9r\u00f4me Goust, auteur de l\u2019ouvrage \u00ab Le plaisir de faire ses graines \u00bb, aux \u00e9ditions de Terran.<br \/>\n<span style=\"color: #0000ff;\"><strong>11 h 30<\/strong><\/span> : Pr\u00e9sentation de l\u2019ouvrage \u00ab Arbres remarquables des paysages tarnais \u00bb par l\u2019association Arbres et paysages Tarnais.<br \/>\n<span style=\"color: #0000ff;\"><strong>14 h<\/strong><\/span> : Pr\u00e9sentation par Claude Bernard, auteur de \u00ab La flore de la vall\u00e9e du Viaur \u00bb, aux \u00e9ditions Contrat de rivi\u00e8re du Viaur.<br \/>\n<span style=\"color: #0000ff;\"><strong>15 h<\/strong><\/span> : Rencontre avec Lionel Hignard, auteur de \u00ab L\u2019herbier Fantastique \u00bb, aux \u00e9ditions Plume de carotte.<br \/>\n<span style=\"color: #0000ff;\"><strong>16 h 30<\/strong><\/span> : Pr\u00e9sentation de l\u2019ouvrage \u00ab O\u00f9 voir les oiseaux dans le Tarn \u00bb avec la Ligue Protectrice des Oiseaux (LPO Tarn), aux \u00e9ditions Grand Sud.<\/p>\n<p><span style=\"color: #0000ff;\"><strong>&#8211; Animations &#8211;<\/strong><\/span><span style=\"color: #0000ff;\"><strong><\/strong><\/span><\/p>\n<p style=\"text-align: justify;\"><span style=\"color: #0000ff;\"><strong>De 11 h \u00e0 12 h et de 14 h 30 \u00e0 15 h 30<\/strong><\/span><br \/>\n<span style=\"color: #0000ff;\">\u2022\u2022 Atelier maquillage pour lutins et f\u00e9es\u2026<\/span> avec Coline Gey, illustratrice de livres de contes, aux \u00e9ditions de Terran.<br \/>\n<span style=\"color: #0000ff;\">\u2022\u2022 Atelier cr\u00e9ation d\u2019instruments de musique avec des l\u00e9gumes du jardin\u2026<\/span> avec V\u00e9ronique Barrau, auteur de \u00ab Mon jardin d\u2019artiste \u00bb et de \u00ab M\u00e9moires de paysages \u00bb, aux \u00e9ditions de Plume de carotte.<br \/>\n<span style=\"color: #0000ff;\">\u2022\u2022 Atelier \u00ab I nsectes au jardin \u00bb<\/span> avec l\u2019Opie Midi-Pyr\u00e9n\u00e9es et les Jardiniers de France.<br \/>\n<span style=\"color: #0000ff;\">\u2022\u2022 Projection des films de pr\u00e9sentation d\u2019ouvrages de Bernard Bertrand<\/span>, aux \u00e9ditions de Terran : \u00ab le bouleau \u00bb, \u00ab la vannerie sauvage \u00bb, \u00ab le bois, l\u2019outil, le geste \u00bb.<\/p>\n<p><span style=\"color: #0000ff;\"><strong>16 h<\/strong><\/span> Go\u00fbter inaugural de l\u2019exposition \u00ab La biodiversit\u00e9 en Midi-Pyr\u00e9n\u00e9es\u2026 Un autre regard \u00bb.<\/p>\n<p><span style=\"color: #0000ff;\"><strong>Pour y aller &#8230;<\/strong><\/span><\/p>\n<p>Maison de la\u00a0 For\u00eat d\u00e9partementale de Sivens<br \/>\n12 km de Gaillac, route de Montauban<\/p>\n<p><span style=\"color: #0000ff;\"><strong>Horaires d\u2019ouvertures<\/strong><\/span><br \/>\n<span style=\"color: #0000ff;\">Scolaires :<\/span><br \/>\nlundi, mardi, jeudi et vendredi<br \/>\n<span style=\"color: #0000ff;\">Grand public :<\/span><br \/>\nmercredi de 9 h \u00e0 12 h et de 13 h \u00e0 17 h<br \/>\ndimanche de 13 h 30 \u00e0 18 h,<\/p>\n<p><span style=\"color: #0000ff;\"><strong>Contact : <\/strong><\/span><span style=\"color: #0000ff;\"><strong>Maison de la\u00a0 For\u00eat d\u00e9partementale de Sivens<\/strong><\/span><\/p>\n<p>T\u00e9l. : 05 63 33 10 23<\/p>\n<p><a href=\"https:\/\/www.o-p-i.fr\/parlonsen\/agenda\/\"><strong>Retrouvez tous les \u00e9v\u00e8nements dans l&rsquo;agenda !<\/strong><\/a><\/p>\n","protected":false},"excerpt":{"rendered":"<div class=\"mh-excerpt\">Dans le cadre de l\u2019ann\u00e9e internationale de la biodiversit\u00e9, le Petit salon du livre Nature &amp; Biodiversit\u00e9 se tiendra, en pr\u00e9sence d&rsquo;auteurs,\u00a0 le Dimanche 12 d\u00e9cembre 2010 de 10h \u00e0 17h, \u00e0 la Maison de <a class=\"mh-excerpt-more\" href=\"https:\/\/www.o-p-i.fr\/parlonsen\/parlons-en\/culture\/la-biodiversite-en-midi-pyrenees-un-autre-regard\/\" title=\"La biodiversit\u00e9 en Midi-Pyr\u00e9n\u00e9es &#8230; un autre regard\">[&#8230;]<\/a><\/div>\n","protected":false},"author":2,"featured_media":0,"comment_status":"open","ping_status":"open","sticky":false,"template":"","format":"standard","meta":{"om_disable_all_campaigns":false,"advanced_seo_description":"","jetpack_seo_html_title":"","jetpack_seo_noindex":false,"_jetpack_memberships_contains_paid_content":false,"footnotes":"","_links_to":"","_links_to_target":""},"categories":[3,1,55,54,774],"tags":[105,111,180,302,323,394,498],"class_list":{"0":"post-6007","1":"post","2":"type-post","3":"status-publish","4":"format-standard","6":"category-agriculture","7":"category-culture","8":"category-environnement","9":"category-loisirs","10":"category-n-56-decembre-2010","11":"tag-nature","12":"tag-projection","13":"tag-atelier","14":"tag-sivens","15":"tag-enfant","16":"tag-biodiversite","17":"tag-salon"},"jetpack_featured_media_url":"","views":{"total":1,"cached_at":"","cached_date":1738530230},"jetpack_likes_enabled":true,"jetpack_sharing_enabled":true,"jetpack_shortlink":"https:\/\/wp.me\/pg7Wxj-1yT","jetpack-related-posts":[],"_links":{"self":[{"href":"https:\/\/www.o-p-i.fr\/parlonsen\/wp-json\/wp\/v2\/posts\/6007","targetHints":{"allow":["GET"]}}],"collection":[{"href":"https:\/\/www.o-p-i.fr\/parlonsen\/wp-json\/wp\/v2\/posts"}],"about":[{"href":"https:\/\/www.o-p-i.fr\/parlonsen\/wp-json\/wp\/v2\/types\/post"}],"author":[{"embeddable":true,"href":"https:\/\/www.o-p-i.fr\/parlonsen\/wp-json\/wp\/v2\/users\/2"}],"replies":[{"embeddable":true,"href":"https:\/\/www.o-p-i.fr\/parlonsen\/wp-json\/wp\/v2\/comments?post=6007"}],"version-history":[{"count":0,"href":"https:\/\/www.o-p-i.fr\/parlonsen\/wp-json\/wp\/v2\/posts\/6007\/revisions"}],"wp:attachment":[{"href":"https:\/\/www.o-p-i.fr\/parlonsen\/wp-json\/wp\/v2\/media?parent=6007"}],"wp:term":[{"taxonomy":"category","embeddable":true,"href":"https:\/\/www.o-p-i.fr\/parlonsen\/wp-json\/wp\/v2\/categories?post=6007"},{"taxonomy":"post_tag","embeddable":true,"href":"https:\/\/www.o-p-i.fr\/parlonsen\/wp-json\/wp\/v2\/tags?post=6007"}],"curies":[{"name":"wp","href":"https:\/\/api.w.org\/{rel}","templated":true}]}}