{"id":60948,"date":"2024-06-19T15:37:13","date_gmt":"2024-06-19T14:37:13","guid":{"rendered":"https:\/\/www.o-p-i.fr\/parlonsen\/?p=60948"},"modified":"2024-06-19T15:37:13","modified_gmt":"2024-06-19T14:37:13","slug":"brunch-lecture-a-salvagnac-81-35","status":"publish","type":"post","link":"https:\/\/www.o-p-i.fr\/parlonsen\/parlons-en\/pratique\/brunch-lecture-a-salvagnac-81-35\/","title":{"rendered":"Brunch lecture&#8230; \u00e0 Salvagnac (81)"},"content":{"rendered":"<p><strong>Dimanche 23 juin 2024<\/strong>, \u00e0 10h.30 \u00e0 l&rsquo;Ecrin.<!--more--><\/p>\n<p><img data-recalc-dims=\"1\" loading=\"lazy\" decoding=\"async\" class=\"alignright size-full wp-image-60949\" src=\"https:\/\/i0.wp.com\/www.o-p-i.fr\/parlonsen\/wp-content\/uploads\/brunch-5.jpg?resize=425%2C252&#038;ssl=1\" alt=\"\" width=\"425\" height=\"252\" srcset=\"https:\/\/i0.wp.com\/www.o-p-i.fr\/parlonsen\/wp-content\/uploads\/brunch-5.jpg?w=425&amp;ssl=1 425w, https:\/\/i0.wp.com\/www.o-p-i.fr\/parlonsen\/wp-content\/uploads\/brunch-5.jpg?resize=300%2C178&amp;ssl=1 300w, https:\/\/i0.wp.com\/www.o-p-i.fr\/parlonsen\/wp-content\/uploads\/brunch-5.jpg?resize=400%2C237&amp;ssl=1 400w, https:\/\/i0.wp.com\/www.o-p-i.fr\/parlonsen\/wp-content\/uploads\/brunch-5.jpg?resize=150%2C89&amp;ssl=1 150w, https:\/\/i0.wp.com\/www.o-p-i.fr\/parlonsen\/wp-content\/uploads\/brunch-5.jpg?resize=100%2C59&amp;ssl=1 100w\" sizes=\"auto, (max-width: 425px) 100vw, 425px\" \/><br \/>\nAmies et Amis de l&rsquo;Association Culturelle du Pays Salvagnacois<\/p>\n<p>Nous vous invitons \u00e0 un brunch-lecture exceptionnel !<\/p>\n<p>Ce dimanche 23 juin nous recevons 2 invit\u00e9es<\/p>\n<p>pour \u00e9voquer un auteur mozambicain Mi\u00e0 Couto :<\/p>\n<ul>\n<li>La com\u00e9dienne Catherine Vaniscotte avec des lectures choisies<\/li>\n<li>et la traductrice Elisabeth Monteiro-Rodrigu\u00e8s pour parler de son travail<br \/>\nEchanges en toute convivialit\u00e9, comme nous savons si bien le faire !<\/li>\n<\/ul>\n<p>Ce sera \u00e0 l&rsquo;Ecrin \u00e0 10h30 et nous vous attendons nombreuses et nombreux !<\/p>\n<p>Pour celles et ceux qui le souhaitent<\/p>\n<p>Nous pourrons prolonger la discussion autour d&rsquo;une auberge espagnole<\/p>\n<p>(apporter un plat \u00e0 partager et vos couverts)<\/p>\n<p>A tr\u00e8s bient\u00f4t, l&rsquo;\u00e9quipe de b\u00e9n\u00e9voles<\/p>\n<figure id=\"attachment_28414\" aria-describedby=\"caption-attachment-28414\" style=\"width: 170px\" class=\"wp-caption alignleft\"><img data-recalc-dims=\"1\" loading=\"lazy\" decoding=\"async\" class=\"size-full wp-image-28414\" src=\"https:\/\/i0.wp.com\/www.o-p-i.fr\/parlonsen\/wp-content\/uploads\/assoculturellesalvagnac.jpg?resize=170%2C118&#038;ssl=1\" alt=\"Association Culturelle - Biblioth\u00e8que de alvagnac\" width=\"170\" height=\"118\" srcset=\"https:\/\/i0.wp.com\/www.o-p-i.fr\/parlonsen\/wp-content\/uploads\/assoculturellesalvagnac.jpg?w=170&amp;ssl=1 170w, https:\/\/i0.wp.com\/www.o-p-i.fr\/parlonsen\/wp-content\/uploads\/assoculturellesalvagnac.jpg?resize=150%2C104&amp;ssl=1 150w\" sizes=\"auto, (max-width: 170px) 100vw, 170px\" \/><figcaption id=\"caption-attachment-28414\" class=\"wp-caption-text\">Association Culturelle &#8211; Biblioth\u00e8que de alvagnac<\/figcaption><\/figure>\n<p><strong>Biblioth\u00e8que du Pays Salvagnacois<\/strong><br \/>\n7 all\u00e9es Jean Jaur\u00e8s 81630 SALVAGNAC<br \/>\n05\u00a0 63 40 59 02 aux heures d&rsquo;ouverture:<br \/>\nmercredi de 10h \u00e0 12h30<br \/>\nvendredi de 17h \u00e0 19h<br \/>\ndimanche de10h \u00e0 12h30<\/p>\n<p><em>Information communiqu\u00e9e par Arlette MALLERET<\/em><\/p>\n<p><a href=\"https:\/\/www.o-p-i.fr\/aupays\/au-pays\/agenda\/\">Retrouvez tous les \u00e9v\u00e9nements dans l&rsquo;agenda !<\/a><\/p>\n","protected":false},"excerpt":{"rendered":"<div class=\"mh-excerpt\">Dimanche 23 juin 2024, \u00e0 10h.30 \u00e0 l&rsquo;Ecrin.<\/div>\n","protected":false},"author":4,"featured_media":47977,"comment_status":"open","ping_status":"open","sticky":false,"template":"","format":"standard","meta":{"om_disable_all_campaigns":false,"advanced_seo_description":"","jetpack_seo_html_title":"","jetpack_seo_noindex":false,"_jetpack_memberships_contains_paid_content":false,"footnotes":"","_links_to":"","_links_to_target":""},"categories":[52,6,5950],"tags":[65,2548,3899,6169],"class_list":{"0":"post-60948","1":"post","2":"type-post","3":"status-publish","4":"format-standard","5":"has-post-thumbnail","7":"category-parlons-en","8":"category-pratique","9":"category-n-219-juin-2024","10":"tag-bibliotheque","11":"tag-salvagnac","12":"tag-brunch-lecture","13":"tag-s2524"},"jetpack_featured_media_url":"https:\/\/i0.wp.com\/www.o-p-i.fr\/parlonsen\/wp-content\/uploads\/BRUNCH-1.jpg?fit=340%2C178&ssl=1","views":{"total":0,"cached_at":"","cached_date":1738432685},"jetpack_likes_enabled":true,"jetpack_sharing_enabled":true,"jetpack_shortlink":"https:\/\/wp.me\/pg7Wxj-fR2","jetpack-related-posts":[],"_links":{"self":[{"href":"https:\/\/www.o-p-i.fr\/parlonsen\/wp-json\/wp\/v2\/posts\/60948","targetHints":{"allow":["GET"]}}],"collection":[{"href":"https:\/\/www.o-p-i.fr\/parlonsen\/wp-json\/wp\/v2\/posts"}],"about":[{"href":"https:\/\/www.o-p-i.fr\/parlonsen\/wp-json\/wp\/v2\/types\/post"}],"author":[{"embeddable":true,"href":"https:\/\/www.o-p-i.fr\/parlonsen\/wp-json\/wp\/v2\/users\/4"}],"replies":[{"embeddable":true,"href":"https:\/\/www.o-p-i.fr\/parlonsen\/wp-json\/wp\/v2\/comments?post=60948"}],"version-history":[{"count":0,"href":"https:\/\/www.o-p-i.fr\/parlonsen\/wp-json\/wp\/v2\/posts\/60948\/revisions"}],"wp:featuredmedia":[{"embeddable":true,"href":"https:\/\/www.o-p-i.fr\/parlonsen\/wp-json\/wp\/v2\/media\/47977"}],"wp:attachment":[{"href":"https:\/\/www.o-p-i.fr\/parlonsen\/wp-json\/wp\/v2\/media?parent=60948"}],"wp:term":[{"taxonomy":"category","embeddable":true,"href":"https:\/\/www.o-p-i.fr\/parlonsen\/wp-json\/wp\/v2\/categories?post=60948"},{"taxonomy":"post_tag","embeddable":true,"href":"https:\/\/www.o-p-i.fr\/parlonsen\/wp-json\/wp\/v2\/tags?post=60948"}],"curies":[{"name":"wp","href":"https:\/\/api.w.org\/{rel}","templated":true}]}}