{"id":6133,"date":"2010-12-22T15:40:41","date_gmt":"2010-12-22T13:40:41","guid":{"rendered":"\/parlonsen\/?p=6133"},"modified":"2010-12-22T15:41:05","modified_gmt":"2010-12-22T13:41:05","slug":"parution-du-livre-al-canton","status":"publish","type":"post","link":"https:\/\/www.o-p-i.fr\/parlonsen\/parlons-en\/culture\/parution-du-livre-al-canton\/","title":{"rendered":"Parution du livre &lsquo;Al Canton&rsquo;"},"content":{"rendered":"<p style=\"text-align: justify;\">Plus de soixante-dix personnes dont plusieurs maires et \u00e9lus ont assist\u00e9, jeudi 9 d\u00e9cembre, \u00e0 la pr\u00e9sentation, sous forme de diaporama, de l&rsquo;ouvrage &lsquo;Al Canton de Villebrumier&rsquo;, ax\u00e9 sur la m\u00e9moire occitane, qui donne \u00e0 voir divers aspects historiques et ethnologiques des 6 communes du canton : le chef-lieu, Corbarieu, Reyni\u00e8s, Saint-Nauphary, Varennes et Verlhac-Tescou.<!--more--><\/p>\n<p style=\"text-align: justify;\">\n<figure style=\"width: 270px\" class=\"wp-caption alignright\"><a href=\"Villebrumier (82)\"><img data-recalc-dims=\"1\" loading=\"lazy\" decoding=\"async\" class=\" \" title=\"Villebrumier (82)\" src=\"https:\/\/i0.wp.com\/www.o-p-i.fr\/parlonsen\/wp-content\/uploads\/couv_al_canton1.jpg?resize=270%2C383&#038;ssl=1\" alt=\"Villebrumier (82)\" width=\"270\" height=\"383\" \/><\/a><figcaption class=\"wp-caption-text\">Villebrumier (82)<\/figcaption><\/figure>\n<p>Ce livre de format 20 x 28, compte 304 pages et environ 400 photos et cartes postales anciennes.<\/p>\n<p style=\"text-align: justify;\">R\u00e9dig\u00e9 sous la responsabilit\u00e9 de Christian-Guy Bedel, il comporte des contributions de nombreux chercheurs : Guy Astoul, Paul Burgan, Albert Cast\u00e8s, Jean-Fran\u00e7ois Delord, Jean-Michel Garric, Guy Jamme, Georges Passerat, Yves Tournou, Camille Tr\u00e9gant&#8230; Il rapporte aussi d&rsquo;innombrables t\u00e9moignages d&rsquo;habitants du secteur sur la vie quotidienne, les m\u0153urs, les coutumes, les festivit\u00e9s.<\/p>\n<p style=\"text-align: justify;\">\u00c9dit\u00e9 gr\u00e2ce au financement du Conseil G\u00e9n\u00e9ral du Tarn-et-Garonne, l&rsquo;ouvrage est disponible dans chaque mairie du canton au prix de 25 \u20ac.  Les ch\u00e8ques sont \u00e0 libeller \u00e0 l&rsquo;ordre de &lsquo;Entre Nous \u00e0 Villebrumier&rsquo;, qui assure sa diffusion. L&rsquo;association prend aussi commande adress\u00e9e 33, rue Haute 82370 Villebrumier en ajoutant 6 \u20ac de frais de port.<\/p>\n<p style=\"text-align: justify;\"><em>Communiqu\u00e9 de Guy Jamme<\/em><\/p>\n","protected":false},"excerpt":{"rendered":"<div class=\"mh-excerpt\">Plus de soixante-dix personnes dont plusieurs maires et \u00e9lus ont assist\u00e9, jeudi 9 d\u00e9cembre, \u00e0 la pr\u00e9sentation, sous forme de diaporama, de l&rsquo;ouvrage &lsquo;Al Canton de Villebrumier&rsquo;, ax\u00e9 sur la m\u00e9moire occitane, qui donne \u00e0 <a class=\"mh-excerpt-more\" href=\"https:\/\/www.o-p-i.fr\/parlonsen\/parlons-en\/culture\/parution-du-livre-al-canton\/\" title=\"Parution du livre &lsquo;Al Canton&rsquo;\">[&#8230;]<\/a><\/div>\n","protected":false},"author":2,"featured_media":0,"comment_status":"open","ping_status":"open","sticky":false,"template":"","format":"standard","meta":{"om_disable_all_campaigns":false,"advanced_seo_description":"","jetpack_seo_html_title":"","jetpack_seo_noindex":false,"_jetpack_memberships_contains_paid_content":false,"footnotes":"","_links_to":"","_links_to_target":""},"categories":[42,1,17,27,19,774],"tags":[2542,2550,2544,313,542,773,792],"class_list":{"0":"post-6133","1":"post","2":"type-post","3":"status-publish","4":"format-standard","6":"category-a-cote-de-chez-nous","7":"category-culture","8":"category-saint_nauphary","9":"category-verlhac-tescou","10":"category-villebrumier","11":"category-n-56-decembre-2010","12":"tag-saint_nauphary","13":"tag-verlhac-tescou","14":"tag-villebrumier","15":"tag-reynies","16":"tag-histoire","17":"tag-village","18":"tag-corbarieu"},"jetpack_featured_media_url":"","views":{"total":1,"cached_at":"","cached_date":1738515984},"jetpack_likes_enabled":true,"jetpack_sharing_enabled":true,"jetpack_shortlink":"https:\/\/wp.me\/pg7Wxj-1AV","jetpack-related-posts":[],"_links":{"self":[{"href":"https:\/\/www.o-p-i.fr\/parlonsen\/wp-json\/wp\/v2\/posts\/6133","targetHints":{"allow":["GET"]}}],"collection":[{"href":"https:\/\/www.o-p-i.fr\/parlonsen\/wp-json\/wp\/v2\/posts"}],"about":[{"href":"https:\/\/www.o-p-i.fr\/parlonsen\/wp-json\/wp\/v2\/types\/post"}],"author":[{"embeddable":true,"href":"https:\/\/www.o-p-i.fr\/parlonsen\/wp-json\/wp\/v2\/users\/2"}],"replies":[{"embeddable":true,"href":"https:\/\/www.o-p-i.fr\/parlonsen\/wp-json\/wp\/v2\/comments?post=6133"}],"version-history":[{"count":0,"href":"https:\/\/www.o-p-i.fr\/parlonsen\/wp-json\/wp\/v2\/posts\/6133\/revisions"}],"wp:attachment":[{"href":"https:\/\/www.o-p-i.fr\/parlonsen\/wp-json\/wp\/v2\/media?parent=6133"}],"wp:term":[{"taxonomy":"category","embeddable":true,"href":"https:\/\/www.o-p-i.fr\/parlonsen\/wp-json\/wp\/v2\/categories?post=6133"},{"taxonomy":"post_tag","embeddable":true,"href":"https:\/\/www.o-p-i.fr\/parlonsen\/wp-json\/wp\/v2\/tags?post=6133"}],"curies":[{"name":"wp","href":"https:\/\/api.w.org\/{rel}","templated":true}]}}