{"id":616,"date":"2009-10-07T13:55:24","date_gmt":"2009-10-07T11:55:24","guid":{"rendered":"\/parlonsen\/?p=616"},"modified":"2009-10-07T17:42:45","modified_gmt":"2009-10-07T15:42:45","slug":"la-terragno-expose","status":"publish","type":"post","link":"https:\/\/www.o-p-i.fr\/parlonsen\/parlons-en\/culture\/la-terragno-expose\/","title":{"rendered":"La Terragno expose &#8230;"},"content":{"rendered":"<p class=\"wp-caption-dt\">Quand images et mots se combinent, l&rsquo;\u00e9motion est \u00e0 son comble.<\/p>\n<p><!--more--><\/p>\n<figure id=\"attachment_622\" aria-describedby=\"caption-attachment-622\" style=\"width: 217px\" class=\"wp-caption alignleft\"><img data-recalc-dims=\"1\" loading=\"lazy\" decoding=\"async\" class=\"size-medium wp-image-622\" title=\"portraits\" src=\"https:\/\/i0.wp.com\/www.o-p-i.fr\/parlonsen\/wp-content\/uploads\/portraitsaf2.jpg?resize=217%2C300&#038;ssl=1\" alt=\"exposition &quot;PORTRAITS&quot; \u00e0 la Terragno\" width=\"217\" height=\"300\" srcset=\"https:\/\/i0.wp.com\/www.o-p-i.fr\/parlonsen\/wp-content\/uploads\/portraitsaf2.jpg?resize=217%2C300&amp;ssl=1 217w, https:\/\/i0.wp.com\/www.o-p-i.fr\/parlonsen\/wp-content\/uploads\/portraitsaf2.jpg?w=523&amp;ssl=1 523w\" sizes=\"auto, (max-width: 217px) 100vw, 217px\" \/><figcaption id=\"caption-attachment-622\" class=\"wp-caption-text\">exposition &quot;PORTRAITS&quot; \u00e0 la Terragno<\/figcaption><\/figure>\n<p class=\"wp-caption-dt\" style=\"text-align: justify;\">A la Terragno, R\u00e9gine Added accueille le magnifique travail de ses s\u0153urs.\u00a0Organis\u00e9e par l&rsquo;association \u00ab\u00a0En t\u00e9moignage d&rsquo;humanit\u00e9\u00a0\u00bb, l&rsquo;exposition \u00ab\u00a0PORTRAITS\u00a0\u00bb pr\u00e9sente une collection de tableaux qui sont l&rsquo;\u00e9cho de tr\u00e8s beaux textes. Un diaporama accompagne cet aller retour entre texte et image. Une exposition pas ordinaire dans un lieu ordinaire, une maison de famille chaleureuse.<\/p>\n<p class=\"wp-caption-dt\" style=\"text-align: justify;\">Ouverte tous les jours de 16h30 \u00e0 21 heures et toute la journ\u00e9e le weekend, cette exposition vaut un petit d\u00e9tour sur la route des cr\u00eates.<\/p>\n<p class=\"wp-caption-dt\" style=\"text-align: justify;\">Samedi 10 octobre, soir\u00e9e exceptionnelle : \u00e0 19 heures, ap\u00e9ritif dinatoire avec les artistes, et \u00e0 20h30 sc\u00e8ne ouverte.\u00a0 Pour une bonne organisation de la soir\u00e9e, il est bon de s&rsquo;inscrire :<\/p>\n<p class=\"wp-caption-dt\" style=\"text-align: justify;\">allo:\u00a0 05 63 40 56 26<\/p>\n<p class=\"wp-caption-dt\" style=\"text-align: justify;\">Courriel: <a href=\"mailto:regine.added@orange.fr\">regine.added@orange.fr<\/a><\/p>\n<p class=\"wp-caption-dt\" style=\"text-align: justify;\">Bienvenue \u00e0 la Terragno.<\/p>\n<p class=\"wp-caption-dt\" style=\"text-align: justify;\">Le parcours est fl\u00e9ch\u00e9 depuis la sortie de Salvagnac direction Rabastens ou bien sur\u00a0 la route Rabastens-Montgaillard<\/p>\n","protected":false},"excerpt":{"rendered":"<div class=\"mh-excerpt\">Quand images et mots se combinent, l&rsquo;\u00e9motion est \u00e0 son comble.<\/div>\n","protected":false},"author":6,"featured_media":0,"comment_status":"open","ping_status":"open","sticky":false,"template":"","format":"standard","meta":{"om_disable_all_campaigns":false,"advanced_seo_description":"","jetpack_seo_html_title":"","jetpack_seo_noindex":false,"_jetpack_memberships_contains_paid_content":false,"footnotes":"","_links_to":"","_links_to_target":""},"categories":[1,25,9],"tags":[],"class_list":{"0":"post-616","1":"post","2":"type-post","3":"status-publish","4":"format-standard","6":"category-culture","7":"category-salvagnac","8":"category-n_42"},"jetpack_featured_media_url":"","views":{"total":1,"cached_at":"","cached_date":1738526314},"jetpack_likes_enabled":true,"jetpack_sharing_enabled":true,"jetpack_shortlink":"https:\/\/wp.me\/pg7Wxj-9W","jetpack-related-posts":[],"_links":{"self":[{"href":"https:\/\/www.o-p-i.fr\/parlonsen\/wp-json\/wp\/v2\/posts\/616","targetHints":{"allow":["GET"]}}],"collection":[{"href":"https:\/\/www.o-p-i.fr\/parlonsen\/wp-json\/wp\/v2\/posts"}],"about":[{"href":"https:\/\/www.o-p-i.fr\/parlonsen\/wp-json\/wp\/v2\/types\/post"}],"author":[{"embeddable":true,"href":"https:\/\/www.o-p-i.fr\/parlonsen\/wp-json\/wp\/v2\/users\/6"}],"replies":[{"embeddable":true,"href":"https:\/\/www.o-p-i.fr\/parlonsen\/wp-json\/wp\/v2\/comments?post=616"}],"version-history":[{"count":0,"href":"https:\/\/www.o-p-i.fr\/parlonsen\/wp-json\/wp\/v2\/posts\/616\/revisions"}],"wp:attachment":[{"href":"https:\/\/www.o-p-i.fr\/parlonsen\/wp-json\/wp\/v2\/media?parent=616"}],"wp:term":[{"taxonomy":"category","embeddable":true,"href":"https:\/\/www.o-p-i.fr\/parlonsen\/wp-json\/wp\/v2\/categories?post=616"},{"taxonomy":"post_tag","embeddable":true,"href":"https:\/\/www.o-p-i.fr\/parlonsen\/wp-json\/wp\/v2\/tags?post=616"}],"curies":[{"name":"wp","href":"https:\/\/api.w.org\/{rel}","templated":true}]}}