{"id":61669,"date":"2024-08-08T17:07:04","date_gmt":"2024-08-08T16:07:04","guid":{"rendered":"https:\/\/www.o-p-i.fr\/parlonsen\/?p=61669"},"modified":"2024-08-15T18:52:21","modified_gmt":"2024-08-15T17:52:21","slug":"vide-greniers-des-sapeurs-pompiers-a-monclar-de-quercy-82-2","status":"publish","type":"post","link":"https:\/\/www.o-p-i.fr\/parlonsen\/localisation\/au-pays-des-tescous\/monclar\/vide-greniers-des-sapeurs-pompiers-a-monclar-de-quercy-82-2\/","title":{"rendered":"Vide greniers des Sapeurs Pompiers&#8230;\u00e0 Monclar de Quercy (82)"},"content":{"rendered":"<p><strong>Dimanche 15 septembre 2024<\/strong>, Esplanade des 3 lacs. de 6h.\u00e0 17h.<!--more--><\/p>\n<h3 style=\"text-align: center;\"><a href=\"https:\/\/www.o-p-i.fr\/parlonsen\/localisation\/monclar\/vide-greniers-des-sapeurs-pompiers-a-monclar-de-quercy-82-2\/attachment\/vg-pomp\/\" rel=\"attachment wp-att-61677\"><img data-recalc-dims=\"1\" loading=\"lazy\" decoding=\"async\" class=\"alignright size-full wp-image-61677\" src=\"https:\/\/i0.wp.com\/www.o-p-i.fr\/parlonsen\/wp-content\/uploads\/VG-Pomp.jpg?resize=425%2C601&#038;ssl=1\" alt=\"\" width=\"425\" height=\"601\" srcset=\"https:\/\/i0.wp.com\/www.o-p-i.fr\/parlonsen\/wp-content\/uploads\/VG-Pomp.jpg?w=425&amp;ssl=1 425w, https:\/\/i0.wp.com\/www.o-p-i.fr\/parlonsen\/wp-content\/uploads\/VG-Pomp.jpg?resize=212%2C300&amp;ssl=1 212w, https:\/\/i0.wp.com\/www.o-p-i.fr\/parlonsen\/wp-content\/uploads\/VG-Pomp.jpg?resize=400%2C566&amp;ssl=1 400w, https:\/\/i0.wp.com\/www.o-p-i.fr\/parlonsen\/wp-content\/uploads\/VG-Pomp.jpg?resize=150%2C212&amp;ssl=1 150w, https:\/\/i0.wp.com\/www.o-p-i.fr\/parlonsen\/wp-content\/uploads\/VG-Pomp.jpg?resize=100%2C141&amp;ssl=1 100w\" sizes=\"auto, (max-width: 425px) 100vw, 425px\" \/><\/a>Vide grenier des Sapeurs Pompiers de Monclar de Quercy<\/h3>\n<p><strong>Tarif unique:<\/strong><\/p>\n<ul>\n<li>2\u20ac ml ext\u00e9rieur,<\/li>\n<li>3\u20ac ml boulodrome,<\/li>\n<li>4\u20ac ml int\u00e9rieur<strong>Organisateur de l&rsquo;\u00e9n\u00e8vement<\/strong><br \/>\nAmicale Sapeurs Pompiers Monclar de Quercy<br \/>\nA contacter:<br \/>\nFouquet V\u00e9ro<br \/>\nAdresse : 8 Avenue du Colonel Raynal<br \/>\nT\u00e9l\u00e9phone : 0650019343<br \/>\nCourriel :\u00a0<a href=\"mailto:aspm82230@gmail.com\" target=\"_blank\" rel=\"noopener\">aspm82230@gmail.com<\/a>Merci de privil\u00e9gier les contacts par sms ou mail en pr\u00e9cisant vos coordonn\u00e9es.<\/li>\n<\/ul>\n<p>Pour voir le bulletin d&rsquo;inscription: <a href=\"https:\/\/www.o-p-i.fr\/parlonsen\/localisation\/monclar\/vide-greniers-des-sapeurs-pompiers-a-monclar-de-quercy-82-2\/attachment\/inscription-vg-pompiers-monclar-de-quercy\/\" rel=\"attachment wp-att-61678\">inscription VG Pompiers Monclar de QUERCY<\/a><\/p>\n<p><strong>IMPORTANT :<\/strong><br \/>\nD\u00e8s que nous parviendra ce document compl\u00e9t\u00e9 accompagn\u00e9 de la photocopie recto-verso de votre carte d\u2019identit\u00e9 ainsi que votre r\u00e8glement obligatoire, vous pouvez consid\u00e9rer votre emplacement comme \u00e9tant r\u00e9serv\u00e9, le nombre d\u2019emplacements \u00e9tant limit\u00e9, les inscriptions se feront selon l\u2019ordre d\u2019enregistrement.<br \/>\nVotre emplacement vous sera attribu\u00e9 par l\u2019organisateur. PAS DE PLACEMENT LIBRE.<br \/>\nR\u00c8GLEMENT :<br \/>\n1.<br \/>\nUn vide grenier est une manifestation organis\u00e9e dans un lieu ouvert au public en vue de vendre ou d\u2019\u00e9changer des objets mobiliers usag\u00e9s et acquis de personnes autres que celles qui les fabriquent ou en font commerce.<br \/>\n2.<br \/>\nLes organisateurs d\u00e9clinent toute responsabilit\u00e9 quant \u00e0 la situation juridique et fiscale des exposants. Ceux-ci feront leur affaire des assurances d\u2019usage, et s\u2019engagent \u00e0 respecter la l\u00e9gislation en vigueur, en particulier en mati\u00e8re de s\u00e9curit\u00e9.<br \/>\n3.<br \/>\nLes organisateurs d\u00e9clinent toute responsabilit\u00e9 sur les transactions financi\u00e8res s\u2019effectuant au cours de cette manifestation.<br \/>\n4.<br \/>\nLes exposants prendront possession de leur emplacement \u00e0 partir de 6h00 jusqu\u2019\u00e0 8h00. Au-del\u00e0, les organisateurs se r\u00e9servent le droit de redistribuer les emplacements non occup\u00e9s.<br \/>\n5.<br \/>\nLes organisateurs se r\u00e9servent le droit de refuser ou annuler toute candidature qui, \u00e0 leur avis, porterait atteinte au bon ordre ou \u00e0 la moralit\u00e9 de la manifestation, sans qu\u2019il puisse \u00eatre r\u00e9clam\u00e9 d\u2019indemnit\u00e9 d\u2019aucune sorte.<br \/>\n6.<br \/>\nLes personnes mineures devront \u00eatre inscrites et plac\u00e9es sous la responsabilit\u00e9 d\u2019une personne majeure qui devra \u00eatre pr\u00e9sente tout au long de la manifestation.<br \/>\n7.<br \/>\nPourront \u00eatre vendus des objets d\u2019occasion, de brocantes et d\u2019antiquit\u00e9s. Seuls les brocanteurs pourront vendre des armes de collection de 8\u00e8me cat\u00e9gorie \u00e0 l\u2019exclusion de toutes autres cat\u00e9gories. Aucune munition ne pourra \u00eatre vendue ou stock\u00e9e.<br \/>\n8.<br \/>\nL\u2019exposant s\u2019engage \u00e0 rester sur son stand jusqu\u2019\u00e0 la fin de la manifestation (17h). L\u2019emplacement devra \u00eatre rendu propre et d\u00e9sencombr\u00e9 des invendus et d\u00e9chets divers.<\/p>\n<p><em>Information communiqu\u00e9e par V\u00e9ronique FOUQUET<\/em><\/p>\n<p><a href=\"https:\/\/www.o-p-i.fr\/aupays\/au-pays\/agenda\/\">Retrouvez tous les \u00e9v\u00e9nements dans l&rsquo;agenda !<\/a><\/p>\n","protected":false},"excerpt":{"rendered":"<div class=\"mh-excerpt\">Dimanche 15 septembre 2024, Esplanade des 3 lacs. de 6h.\u00e0 17h.<\/div>\n","protected":false},"author":4,"featured_media":53296,"comment_status":"open","ping_status":"open","sticky":false,"template":"","format":"standard","meta":{"om_disable_all_campaigns":false,"advanced_seo_description":"","jetpack_seo_html_title":"","jetpack_seo_noindex":false,"_jetpack_memberships_contains_paid_content":false,"footnotes":"","_links_to":"","_links_to_target":""},"categories":[52,129,16,6171],"tags":[143,3328,3856,6203,6205],"class_list":{"0":"post-61669","1":"post","2":"type-post","3":"status-publish","4":"format-standard","5":"has-post-thumbnail","7":"category-parlons-en","8":"category-vide-grenier","9":"category-monclar","10":"category-n-222-septembre-2024","11":"tag-monclar-de-quercy","12":"tag-vide-greniers","13":"tag-sapeurs-pompiers","14":"tag-etj","15":"tag-s3224"},"jetpack_featured_media_url":"https:\/\/i0.wp.com\/www.o-p-i.fr\/parlonsen\/wp-content\/uploads\/vide-gr.jpg?fit=425%2C365&ssl=1","views":{"total":1,"cached_at":"","cached_date":1738466266},"jetpack_likes_enabled":true,"jetpack_sharing_enabled":true,"jetpack_shortlink":"https:\/\/wp.me\/pg7Wxj-g2F","jetpack-related-posts":[],"_links":{"self":[{"href":"https:\/\/www.o-p-i.fr\/parlonsen\/wp-json\/wp\/v2\/posts\/61669","targetHints":{"allow":["GET"]}}],"collection":[{"href":"https:\/\/www.o-p-i.fr\/parlonsen\/wp-json\/wp\/v2\/posts"}],"about":[{"href":"https:\/\/www.o-p-i.fr\/parlonsen\/wp-json\/wp\/v2\/types\/post"}],"author":[{"embeddable":true,"href":"https:\/\/www.o-p-i.fr\/parlonsen\/wp-json\/wp\/v2\/users\/4"}],"replies":[{"embeddable":true,"href":"https:\/\/www.o-p-i.fr\/parlonsen\/wp-json\/wp\/v2\/comments?post=61669"}],"version-history":[{"count":0,"href":"https:\/\/www.o-p-i.fr\/parlonsen\/wp-json\/wp\/v2\/posts\/61669\/revisions"}],"wp:featuredmedia":[{"embeddable":true,"href":"https:\/\/www.o-p-i.fr\/parlonsen\/wp-json\/wp\/v2\/media\/53296"}],"wp:attachment":[{"href":"https:\/\/www.o-p-i.fr\/parlonsen\/wp-json\/wp\/v2\/media?parent=61669"}],"wp:term":[{"taxonomy":"category","embeddable":true,"href":"https:\/\/www.o-p-i.fr\/parlonsen\/wp-json\/wp\/v2\/categories?post=61669"},{"taxonomy":"post_tag","embeddable":true,"href":"https:\/\/www.o-p-i.fr\/parlonsen\/wp-json\/wp\/v2\/tags?post=61669"}],"curies":[{"name":"wp","href":"https:\/\/api.w.org\/{rel}","templated":true}]}}