{"id":61713,"date":"2024-08-15T16:09:16","date_gmt":"2024-08-15T15:09:16","guid":{"rendered":"https:\/\/www.o-p-i.fr\/parlonsen\/?p=61713"},"modified":"2024-08-15T16:17:20","modified_gmt":"2024-08-15T15:17:20","slug":"tous-les-vingt-du-mois-a-labarthe","status":"publish","type":"post","link":"https:\/\/www.o-p-i.fr\/parlonsen\/parlons-en\/pratique\/tous-les-vingt-du-mois-a-labarthe\/","title":{"rendered":"Tous les VINgt du mois&#8230;\u00e0 Labarthe"},"content":{"rendered":"<p><strong>Mardi 20 ao\u00fbt 2024<\/strong>, \u00e0 la Colline de Bouti\u00e8s<!--more--><\/p>\n<p><a href=\"https:\/\/www.o-p-i.fr\/parlonsen\/parlons-en\/pratique\/tous-les-vingt-du-mois-a-labarthe\/attachment\/vin-3\/\" rel=\"attachment wp-att-61714\"><img data-recalc-dims=\"1\" loading=\"lazy\" decoding=\"async\" class=\"alignright size-full wp-image-61714\" src=\"https:\/\/i0.wp.com\/www.o-p-i.fr\/parlonsen\/wp-content\/uploads\/vin-2.jpg?resize=425%2C350&#038;ssl=1\" alt=\"\" width=\"425\" height=\"350\" srcset=\"https:\/\/i0.wp.com\/www.o-p-i.fr\/parlonsen\/wp-content\/uploads\/vin-2.jpg?w=425&amp;ssl=1 425w, https:\/\/i0.wp.com\/www.o-p-i.fr\/parlonsen\/wp-content\/uploads\/vin-2.jpg?resize=300%2C247&amp;ssl=1 300w, https:\/\/i0.wp.com\/www.o-p-i.fr\/parlonsen\/wp-content\/uploads\/vin-2.jpg?resize=400%2C329&amp;ssl=1 400w, https:\/\/i0.wp.com\/www.o-p-i.fr\/parlonsen\/wp-content\/uploads\/vin-2.jpg?resize=150%2C124&amp;ssl=1 150w, https:\/\/i0.wp.com\/www.o-p-i.fr\/parlonsen\/wp-content\/uploads\/vin-2.jpg?resize=100%2C82&amp;ssl=1 100w\" sizes=\"auto, (max-width: 425px) 100vw, 425px\" \/><\/a><\/p>\n<p>&nbsp;<\/p>\n<p>Le mardi 20 ao\u00fbt, la Colline de Bouti\u00e8s \u00e0 Labarthe accueille la Jeune Chambre \u00c9conomique de Tarn et Garonne et son \u00e9v\u00e9nement <strong>\u00abTous les VINgt du Mois\u00bb<\/strong> qui met \u00e0 l\u2019honneur le Domaine de Thermes et de son jeune vigneron Lucas Froment.<br \/>\nL\u2019objectif est de r\u00e9unir un lieu de restauration, \u00e9picerie fine, guinguette et un vigneron de Tarn-et-Garonne avec l\u2019ambition de mettre \u00e0 l\u2019honneur, aupr\u00e8s d\u2019un large public et dans une ambiance conviviale, deux acteurs \u00e9conomiques de notre territoire.<br \/>\nD\u00e9couvrez des produits \u00e0 partager (charcuteries, tapas) et d\u00e9gustez les vins du Domaine de Thermes entre 2,5\u20ac et 5\u20ac le verre.<\/p>\n<p><em>Information communiqu\u00e9e par le domaine de Thermes<\/em><\/p>\n<p><a href=\"https:\/\/www.o-p-i.fr\/aupays\/au-pays\/agenda\/\">Retrouvez tous les \u00e9v\u00e9nements dans l&rsquo;agenda !<\/a><\/p>\n","protected":false},"excerpt":{"rendered":"<div class=\"mh-excerpt\">Mardi 20 ao\u00fbt 2024, \u00e0 la Colline de Bouti\u00e8s<\/div>\n","protected":false},"author":4,"featured_media":9332,"comment_status":"open","ping_status":"open","sticky":false,"template":"","format":"standard","meta":{"om_disable_all_campaigns":false,"advanced_seo_description":"","jetpack_seo_html_title":"","jetpack_seo_noindex":false,"_jetpack_memberships_contains_paid_content":false,"footnotes":"","_links_to":"","_links_to_target":""},"categories":[52,42,6,5952],"tags":[513,1830,3849,6210],"class_list":{"0":"post-61713","1":"post","2":"type-post","3":"status-publish","4":"format-standard","5":"has-post-thumbnail","7":"category-parlons-en","8":"category-a-cote-de-chez-nous","9":"category-pratique","10":"category-n-221-aout-2024","11":"tag-vin","12":"tag-degustation-de-vins","13":"tag-labarthe","14":"tag-s3324"},"jetpack_featured_media_url":"https:\/\/i0.wp.com\/www.o-p-i.fr\/parlonsen\/wp-content\/uploads\/labarthe_piquecos.jpg?fit=733%2C248&ssl=1","views":{"total":0,"cached_at":"","cached_date":1738535981},"jetpack_likes_enabled":true,"jetpack_sharing_enabled":true,"jetpack_shortlink":"https:\/\/wp.me\/pg7Wxj-g3n","jetpack-related-posts":[],"_links":{"self":[{"href":"https:\/\/www.o-p-i.fr\/parlonsen\/wp-json\/wp\/v2\/posts\/61713","targetHints":{"allow":["GET"]}}],"collection":[{"href":"https:\/\/www.o-p-i.fr\/parlonsen\/wp-json\/wp\/v2\/posts"}],"about":[{"href":"https:\/\/www.o-p-i.fr\/parlonsen\/wp-json\/wp\/v2\/types\/post"}],"author":[{"embeddable":true,"href":"https:\/\/www.o-p-i.fr\/parlonsen\/wp-json\/wp\/v2\/users\/4"}],"replies":[{"embeddable":true,"href":"https:\/\/www.o-p-i.fr\/parlonsen\/wp-json\/wp\/v2\/comments?post=61713"}],"version-history":[{"count":0,"href":"https:\/\/www.o-p-i.fr\/parlonsen\/wp-json\/wp\/v2\/posts\/61713\/revisions"}],"wp:featuredmedia":[{"embeddable":true,"href":"https:\/\/www.o-p-i.fr\/parlonsen\/wp-json\/wp\/v2\/media\/9332"}],"wp:attachment":[{"href":"https:\/\/www.o-p-i.fr\/parlonsen\/wp-json\/wp\/v2\/media?parent=61713"}],"wp:term":[{"taxonomy":"category","embeddable":true,"href":"https:\/\/www.o-p-i.fr\/parlonsen\/wp-json\/wp\/v2\/categories?post=61713"},{"taxonomy":"post_tag","embeddable":true,"href":"https:\/\/www.o-p-i.fr\/parlonsen\/wp-json\/wp\/v2\/tags?post=61713"}],"curies":[{"name":"wp","href":"https:\/\/api.w.org\/{rel}","templated":true}]}}