{"id":61878,"date":"2024-08-30T02:23:52","date_gmt":"2024-08-30T01:23:52","guid":{"rendered":"https:\/\/www.o-p-i.fr\/parlonsen\/?p=61878"},"modified":"2024-10-01T17:27:48","modified_gmt":"2024-10-01T16:27:48","slug":"lumen-and-co-a-salvagnac-81","status":"publish","type":"post","link":"https:\/\/www.o-p-i.fr\/parlonsen\/localisation\/au-pays-des-tescous\/salvagnac\/lumen-and-co-a-salvagnac-81\/","title":{"rendered":"Lumen and Co &#8230; \u00e0 Salvagnac (81)"},"content":{"rendered":"<p>Programme de <strong>septembre 2024:<\/strong><!--more--><\/p>\n<p>C&rsquo;EST LA RENTR\u00c9E&#8230;<\/p>\n<p>Le FORUM DES ASSOCIATIONS se tiendra le 7 septembre 2024 , on y sera !<br \/>\nNotamment pour projeter le soir dans notre th\u00e9matique \u00ab\u00a0Films de patrimoine\u00a0\u00bb<br \/>\n<strong>Alexandre le bienheureux, de Yves Robert<\/strong><br \/>\nGrand succ\u00e8s public, film sorti en f\u00e9vrier 1968,<br \/>\nune critique de l&rsquo;\u00e9poque conclut :<br \/>\n\u00ab\u00a0&#8230;demain, plut\u00f4t que d&rsquo;aller travailler,<br \/>\nallez donc passez 2 heures en compagnie d&rsquo;<strong>Alexandre le bienheureux\u00a0\u00bb.<\/strong><br \/>\n\u00c0 voir et \u00e0 revoir !<\/p>\n<p><a href=\"https:\/\/www.o-p-i.fr\/parlonsen\/localisation\/salvagnac\/lumen-and-co-a-salvagnac-81\/attachment\/alexandre\/\" rel=\"attachment wp-att-61879\"><img data-recalc-dims=\"1\" loading=\"lazy\" decoding=\"async\" class=\"aligncenter size-full wp-image-61879\" src=\"https:\/\/i0.wp.com\/www.o-p-i.fr\/parlonsen\/wp-content\/uploads\/Alexandre.jpg?resize=624%2C450&#038;ssl=1\" alt=\"\" width=\"624\" height=\"450\" srcset=\"https:\/\/i0.wp.com\/www.o-p-i.fr\/parlonsen\/wp-content\/uploads\/Alexandre.jpg?w=624&amp;ssl=1 624w, https:\/\/i0.wp.com\/www.o-p-i.fr\/parlonsen\/wp-content\/uploads\/Alexandre.jpg?resize=300%2C216&amp;ssl=1 300w, https:\/\/i0.wp.com\/www.o-p-i.fr\/parlonsen\/wp-content\/uploads\/Alexandre.jpg?resize=400%2C288&amp;ssl=1 400w, https:\/\/i0.wp.com\/www.o-p-i.fr\/parlonsen\/wp-content\/uploads\/Alexandre.jpg?resize=430%2C310&amp;ssl=1 430w, https:\/\/i0.wp.com\/www.o-p-i.fr\/parlonsen\/wp-content\/uploads\/Alexandre.jpg?resize=150%2C108&amp;ssl=1 150w, https:\/\/i0.wp.com\/www.o-p-i.fr\/parlonsen\/wp-content\/uploads\/Alexandre.jpg?resize=100%2C72&amp;ssl=1 100w\" sizes=\"auto, (max-width: 624px) 100vw, 624px\" \/><\/a><\/p>\n<p>&nbsp;<\/p>\n<p>Lumen&amp;Co avec diff\u00e9rents intervenants continue ses interventions \u00e0 l&rsquo;\u00e9cole Canta Grehl<br \/>\ndurant les temps p\u00e9riscolaires du jeudi apr\u00e8s midi autour des arts graphiques,<br \/>\naudiovisuels et du spectacle vivant.<br \/>\n<strong>CIN\u00c9-CLUB<\/strong><\/p>\n<p>Le CIN\u00c9-CLUB reprend ses projections mensuelles \u00e0 LA MAISON<br \/>\n(lieu dit la Pigeonni\u00e8re) espace culturel et de cr\u00e9ation artistique. &#8211; 06.74.36.06.00<\/p>\n<p><strong>LA CABINE s&rsquo;est habill\u00e9e&#8230;<\/strong><br \/>\nUn petit voyage dans le temps ? D\u00e9crochez le combin\u00e9 et participez au jeu de piste \u00e0 la d\u00e9couverte de l&rsquo;histoire de Salvagnac. Un premier lieu \u00e0 d\u00e9couvrir, d&rsquo;autres suivront&#8230;<br \/>\nC&rsquo;EST PASS\u00c9&#8230; CIN\u00c9-ZIK IN TARN 2024<\/p>\n<p>Une belle journ\u00e9e de spectacles vivants,<br \/>\nnotamment avec la participation de Vox Musica, l&rsquo;\u00e9cole de musique de Salvagnac pour la r\u00e9alisation du cin\u00e9 concert en premi\u00e8re partie.<br \/>\nMerci, bravo \u00e0 tous.toutes !<br \/>\nN&rsquo;h\u00e9sitez pas \u00e0 vous signaler pour filer la main b\u00e9n\u00e9vole \u00e0 cet \u00e9v\u00e8nement !-)<\/p>\n<p>ET UN APPEL \u00c0 CANDIDATURE&#8230;<\/p>\n<p>Une r\u00e9sidence de recherche en cin\u00e9ma d&rsquo;animation ?<br \/>\nContactez la M\u00e9nagerie qui ouvre un appel \u00e0 CANDIDATURE pour une r\u00e9sidence de recherche et de mise en sc\u00e8ne&#8230;<br \/>\nLa M\u00e9nagerie<br \/>\nEt vous pouvez toujours soutenir nos actions en vous rendant directement<br \/>\nsur internet, o\u00f9 HelloAsso enregistrera vos encouragements,<br \/>\nadh\u00e9sions et participations.<\/p>\n<p><em>Information communiqu\u00e9e par Lumen &amp; Co<\/em><\/p>\n<p><a href=\"https:\/\/www.o-p-i.fr\/aupays\/au-pays\/agenda\/\">Retrouvez tous les \u00e9v\u00e9nements dans l&rsquo;agenda !<\/a><\/p>\n","protected":false},"excerpt":{"rendered":"<div class=\"mh-excerpt\">Programme de septembre 2024:<\/div>\n","protected":false},"author":4,"featured_media":42626,"comment_status":"open","ping_status":"open","sticky":false,"template":"","format":"standard","meta":{"om_disable_all_campaigns":false,"advanced_seo_description":"","jetpack_seo_html_title":"","jetpack_seo_noindex":false,"_jetpack_memberships_contains_paid_content":false,"footnotes":"","_links_to":"","_links_to_target":""},"categories":[52,54,25,6171],"tags":[2548,2992,6221],"class_list":{"0":"post-61878","1":"post","2":"type-post","3":"status-publish","4":"format-standard","5":"has-post-thumbnail","7":"category-parlons-en","8":"category-loisirs","9":"category-salvagnac","10":"category-n-222-septembre-2024","11":"tag-salvagnac","12":"tag-lumen-co","13":"tag-s3524"},"jetpack_featured_media_url":"https:\/\/i0.wp.com\/www.o-p-i.fr\/parlonsen\/wp-content\/uploads\/logo-Lumen-Co.jpg?fit=243%2C75&ssl=1","views":{"total":0,"cached_at":"","cached_date":1738456604},"jetpack_likes_enabled":true,"jetpack_sharing_enabled":true,"jetpack_shortlink":"https:\/\/wp.me\/pg7Wxj-g62","jetpack-related-posts":[],"_links":{"self":[{"href":"https:\/\/www.o-p-i.fr\/parlonsen\/wp-json\/wp\/v2\/posts\/61878","targetHints":{"allow":["GET"]}}],"collection":[{"href":"https:\/\/www.o-p-i.fr\/parlonsen\/wp-json\/wp\/v2\/posts"}],"about":[{"href":"https:\/\/www.o-p-i.fr\/parlonsen\/wp-json\/wp\/v2\/types\/post"}],"author":[{"embeddable":true,"href":"https:\/\/www.o-p-i.fr\/parlonsen\/wp-json\/wp\/v2\/users\/4"}],"replies":[{"embeddable":true,"href":"https:\/\/www.o-p-i.fr\/parlonsen\/wp-json\/wp\/v2\/comments?post=61878"}],"version-history":[{"count":0,"href":"https:\/\/www.o-p-i.fr\/parlonsen\/wp-json\/wp\/v2\/posts\/61878\/revisions"}],"wp:featuredmedia":[{"embeddable":true,"href":"https:\/\/www.o-p-i.fr\/parlonsen\/wp-json\/wp\/v2\/media\/42626"}],"wp:attachment":[{"href":"https:\/\/www.o-p-i.fr\/parlonsen\/wp-json\/wp\/v2\/media?parent=61878"}],"wp:term":[{"taxonomy":"category","embeddable":true,"href":"https:\/\/www.o-p-i.fr\/parlonsen\/wp-json\/wp\/v2\/categories?post=61878"},{"taxonomy":"post_tag","embeddable":true,"href":"https:\/\/www.o-p-i.fr\/parlonsen\/wp-json\/wp\/v2\/tags?post=61878"}],"curies":[{"name":"wp","href":"https:\/\/api.w.org\/{rel}","templated":true}]}}