{"id":61933,"date":"2024-09-05T23:17:52","date_gmt":"2024-09-05T22:17:52","guid":{"rendered":"https:\/\/www.o-p-i.fr\/parlonsen\/?p=61933"},"modified":"2024-09-05T23:20:49","modified_gmt":"2024-09-05T22:20:49","slug":"exposition-intimites-a-lisle-sur-tarn-81","status":"publish","type":"post","link":"https:\/\/www.o-p-i.fr\/parlonsen\/parlons-en\/culture\/exposition-intimites-a-lisle-sur-tarn-81\/","title":{"rendered":"Exposition \u00ab\u00a0Intimit\u00e9s\u00a0\u00bb&#8230; \u00e0 Lisle sur Tarn (81)"},"content":{"rendered":"<p>Du <strong>7 Septembre au 3 Novembre 2024,<\/strong> \u00e0 l&rsquo;Embarcad\u00e8re. <!--more--><\/p>\n<p><a href=\"https:\/\/www.o-p-i.fr\/parlonsen\/parlons-en\/culture\/exposition-intimites-a-lisle-sur-tarn-81\/attachment\/chiva\/\" rel=\"attachment wp-att-61934\"><img data-recalc-dims=\"1\" loading=\"lazy\" decoding=\"async\" class=\"alignright size-full wp-image-61934\" src=\"https:\/\/i0.wp.com\/www.o-p-i.fr\/parlonsen\/wp-content\/uploads\/Chiva.jpg?resize=425%2C567&#038;ssl=1\" alt=\"\" width=\"425\" height=\"567\" srcset=\"https:\/\/i0.wp.com\/www.o-p-i.fr\/parlonsen\/wp-content\/uploads\/Chiva.jpg?w=425&amp;ssl=1 425w, https:\/\/i0.wp.com\/www.o-p-i.fr\/parlonsen\/wp-content\/uploads\/Chiva.jpg?resize=225%2C300&amp;ssl=1 225w, https:\/\/i0.wp.com\/www.o-p-i.fr\/parlonsen\/wp-content\/uploads\/Chiva.jpg?resize=400%2C534&amp;ssl=1 400w, https:\/\/i0.wp.com\/www.o-p-i.fr\/parlonsen\/wp-content\/uploads\/Chiva.jpg?resize=150%2C200&amp;ssl=1 150w, https:\/\/i0.wp.com\/www.o-p-i.fr\/parlonsen\/wp-content\/uploads\/Chiva.jpg?resize=100%2C133&amp;ssl=1 100w\" sizes=\"auto, (max-width: 425px) 100vw, 425px\" \/><\/a>VERNISSAGE \u00e0 la Galerie samedi 7 Septembre 2024 \u00e0 partir de 17h<\/p>\n<p>\u00ab\u00a0INTIMIT\u00c9S\u00a0\u00bb<br \/>\nMathieu CHIVA,(sculptures)<br \/>\nLaurent RINGEVAL,(photographies)<\/p>\n<p>En ce mois de Septembre, la Galerie d&rsquo;Art L&rsquo;EMBARCAD\u00c8RE fait sa rentr\u00e9e, en vous proposant de d\u00e9couvrir deux artistes qui abordent la th\u00e9matique de \u00ab\u00a0l&rsquo;INTIMITE\u00a0\u00bb ou des \u00ab\u00a0INTIMITES\u00a0\u00bb, selon deux approches singuli\u00e8res. Ils utilisent chacun un m\u00e9dium diff\u00e9rent : pour l&rsquo;un, c&rsquo;est la sculpture ou le modelage, pour l&rsquo;autre, la photographie. Ils se pr\u00e9occupent tous deux de visages, de corps ou de fragments de corps. Ils poursuivent avec sensibilit\u00e9 une qu\u00eate o\u00f9 chacun \u00e0 sa mani\u00e8re, cherche \u00e0 capter ces moments magiques et secrets qui sont si difficiles \u00e0 transposer, mais qui peuvent, quand ils y parviennent, traduire l&rsquo;essence de l&rsquo;\u00eatre intime qu&rsquo;ils cherchent \u00e0 rencontrer.<\/p>\n<p><strong>Mathieu CHIVA<\/strong> mod\u00e8le l&rsquo;argile et sculpte la pierre depuis vingt-sept ans. Le portrait model\u00e9\u0301 est un de ses domaines de pr\u00e9dilection et c&rsquo;est dans l&rsquo;intimit\u00e9\u0301 des s\u00e9ances de pose, que se cr\u00e9e pour lui, la rencontre entre le sculpteur, l&rsquo;argile et son mod\u00e8le.<\/p>\n<p><strong><a href=\"https:\/\/www.o-p-i.fr\/parlonsen\/parlons-en\/culture\/exposition-intimites-a-lisle-sur-tarn-81\/attachment\/ringeval-2\/\" rel=\"attachment wp-att-61935\"><img data-recalc-dims=\"1\" loading=\"lazy\" decoding=\"async\" class=\"size-full wp-image-61935 alignleft\" src=\"https:\/\/i0.wp.com\/www.o-p-i.fr\/parlonsen\/wp-content\/uploads\/Ringeval-1.jpg?resize=425%2C494&#038;ssl=1\" alt=\"\" width=\"425\" height=\"494\" srcset=\"https:\/\/i0.wp.com\/www.o-p-i.fr\/parlonsen\/wp-content\/uploads\/Ringeval-1.jpg?w=425&amp;ssl=1 425w, https:\/\/i0.wp.com\/www.o-p-i.fr\/parlonsen\/wp-content\/uploads\/Ringeval-1.jpg?resize=258%2C300&amp;ssl=1 258w, https:\/\/i0.wp.com\/www.o-p-i.fr\/parlonsen\/wp-content\/uploads\/Ringeval-1.jpg?resize=400%2C465&amp;ssl=1 400w, https:\/\/i0.wp.com\/www.o-p-i.fr\/parlonsen\/wp-content\/uploads\/Ringeval-1.jpg?resize=150%2C174&amp;ssl=1 150w, https:\/\/i0.wp.com\/www.o-p-i.fr\/parlonsen\/wp-content\/uploads\/Ringeval-1.jpg?resize=100%2C116&amp;ssl=1 100w\" sizes=\"auto, (max-width: 425px) 100vw, 425px\" \/><\/a>Laurent RINGEVAL<\/strong> se pr\u00e9occupe de red\u00e9couvrir le corps humain sous un angle nouveau, o\u00f9, nous prennent par la main, il tente de nous apprendre, tous, \u00e0 embrasser la diversit\u00e9 et la beaut\u00e9 de l&rsquo;intimit\u00e9 humaine. Il pr\u00e9sente des clich\u00e9s de personnes non retouch\u00e9es, d\u00e9livrant sa vision du corps, des corps, vision non id\u00e9alis\u00e9e, qui se veut authentique. Sa technique rejoint le propos et au travers d&rsquo;une grande vari\u00e9t\u00e9 de format, il oblige parfois le visiteur soit \u00e0 s&rsquo;\u00e9loigner des clich\u00e9s, soit au contraire \u00e0 s&rsquo;en approcher au plus pr\u00e8s, en toute intimit\u00e9.<\/p>\n<p><a href=\"https:\/\/www.o-p-i.fr\/parlonsen\/parlons-en\/culture\/exposition-viale-et-cassel-a-lisle-sur-tarn-81\/attachment\/l4embarcadere\/\" rel=\"attachment wp-att-46617\"><img data-recalc-dims=\"1\" loading=\"lazy\" decoding=\"async\" class=\"alignright size-full wp-image-46617\" src=\"https:\/\/i0.wp.com\/www.o-p-i.fr\/parlonsen\/wp-content\/uploads\/L4eMBARCADERE.jpg?resize=425%2C74&#038;ssl=1\" alt=\"\" width=\"425\" height=\"74\" srcset=\"https:\/\/i0.wp.com\/www.o-p-i.fr\/parlonsen\/wp-content\/uploads\/L4eMBARCADERE.jpg?w=425&amp;ssl=1 425w, https:\/\/i0.wp.com\/www.o-p-i.fr\/parlonsen\/wp-content\/uploads\/L4eMBARCADERE.jpg?resize=300%2C52&amp;ssl=1 300w, https:\/\/i0.wp.com\/www.o-p-i.fr\/parlonsen\/wp-content\/uploads\/L4eMBARCADERE.jpg?resize=150%2C26&amp;ssl=1 150w, https:\/\/i0.wp.com\/www.o-p-i.fr\/parlonsen\/wp-content\/uploads\/L4eMBARCADERE.jpg?resize=400%2C70&amp;ssl=1 400w\" sizes=\"auto, (max-width: 425px) 100vw, 425px\" \/><\/a><\/p>\n<p>&nbsp;<\/p>\n<p>&nbsp;<\/p>\n<p>&nbsp;<\/p>\n<p style=\"padding-left: 40px; text-align: right;\"><strong>L&#8217;embarcad\u00e8re<\/strong><br \/>\n<strong>19 rue saint louis<\/strong><br \/>\n<strong>Lisle-sur-tarn\u00a081310<\/strong><\/p>\n<p style=\"text-align: right;\">Sam. de15h.30 \u00e0 19h.<br \/>\nDim. de 10h. \u00e012h.30<\/p>\n<p><em>Information communiqu\u00e9e par l&rsquo;Embarcad\u00e8re<\/em><\/p>\n<p>Retrouvez tous les \u00e9v\u00e9nements dans l&rsquo;agenda !<\/p>\n<p>&nbsp;<\/p>\n","protected":false},"excerpt":{"rendered":"<div class=\"mh-excerpt\">Du 7 Septembre au 3 Novembre 2024, \u00e0 l&rsquo;Embarcad\u00e8re.<\/div>\n","protected":false},"author":4,"featured_media":43132,"comment_status":"open","ping_status":"open","sticky":false,"template":"","format":"standard","meta":{"om_disable_all_campaigns":false,"advanced_seo_description":"","jetpack_seo_html_title":"","jetpack_seo_noindex":false,"_jetpack_memberships_contains_paid_content":false,"footnotes":"","_links_to":"","_links_to_target":""},"categories":[52,42,1,6195,6196,6171],"tags":[77,172,2972,6225],"class_list":{"0":"post-61933","1":"post","2":"type-post","3":"status-publish","4":"format-standard","5":"has-post-thumbnail","7":"category-parlons-en","8":"category-a-cote-de-chez-nous","9":"category-culture","10":"category-n-223-octobre-2024","11":"category-n-224-novembre-2024","12":"category-n-222-septembre-2024","13":"tag-lisle-sur-tarn","14":"tag-exposition","15":"tag-lembarcadere","16":"tag-s3624"},"jetpack_featured_media_url":"https:\/\/i0.wp.com\/www.o-p-i.fr\/parlonsen\/wp-content\/uploads\/Embarcad%C3%A8re-1.jpg?fit=170%2C29&ssl=1","views":{"total":2,"cached_at":"","cached_date":1738518737},"jetpack_likes_enabled":true,"jetpack_sharing_enabled":true,"jetpack_shortlink":"https:\/\/wp.me\/pg7Wxj-g6V","jetpack-related-posts":[],"_links":{"self":[{"href":"https:\/\/www.o-p-i.fr\/parlonsen\/wp-json\/wp\/v2\/posts\/61933","targetHints":{"allow":["GET"]}}],"collection":[{"href":"https:\/\/www.o-p-i.fr\/parlonsen\/wp-json\/wp\/v2\/posts"}],"about":[{"href":"https:\/\/www.o-p-i.fr\/parlonsen\/wp-json\/wp\/v2\/types\/post"}],"author":[{"embeddable":true,"href":"https:\/\/www.o-p-i.fr\/parlonsen\/wp-json\/wp\/v2\/users\/4"}],"replies":[{"embeddable":true,"href":"https:\/\/www.o-p-i.fr\/parlonsen\/wp-json\/wp\/v2\/comments?post=61933"}],"version-history":[{"count":0,"href":"https:\/\/www.o-p-i.fr\/parlonsen\/wp-json\/wp\/v2\/posts\/61933\/revisions"}],"wp:featuredmedia":[{"embeddable":true,"href":"https:\/\/www.o-p-i.fr\/parlonsen\/wp-json\/wp\/v2\/media\/43132"}],"wp:attachment":[{"href":"https:\/\/www.o-p-i.fr\/parlonsen\/wp-json\/wp\/v2\/media?parent=61933"}],"wp:term":[{"taxonomy":"category","embeddable":true,"href":"https:\/\/www.o-p-i.fr\/parlonsen\/wp-json\/wp\/v2\/categories?post=61933"},{"taxonomy":"post_tag","embeddable":true,"href":"https:\/\/www.o-p-i.fr\/parlonsen\/wp-json\/wp\/v2\/tags?post=61933"}],"curies":[{"name":"wp","href":"https:\/\/api.w.org\/{rel}","templated":true}]}}