{"id":61960,"date":"2024-09-11T19:18:36","date_gmt":"2024-09-11T18:18:36","guid":{"rendered":"https:\/\/www.o-p-i.fr\/parlonsen\/?p=61960"},"modified":"2024-09-11T19:22:40","modified_gmt":"2024-09-11T18:22:40","slug":"atelier-decriture-a-monclar-de-quercy-82","status":"publish","type":"post","link":"https:\/\/www.o-p-i.fr\/parlonsen\/localisation\/au-pays-des-tescous\/monclar\/atelier-decriture-a-monclar-de-quercy-82\/","title":{"rendered":"Atelier d&rsquo;\u00e9criture&#8230; \u00e0 Monclar de Quercy (82)"},"content":{"rendered":"<p><strong>Vendredi 27 septembre 2024<\/strong>, de 9h.30 \u00e0 12h., \u00e0 la biblioth\u00e8que. <!--more--><\/p>\n<p><a href=\"https:\/\/www.o-p-i.fr\/parlonsen\/localisation\/monclar\/atelier-decriture-a-monclar-de-quercy-82\/attachment\/grain-mots-2\/\" rel=\"attachment wp-att-61961\"><img data-recalc-dims=\"1\" loading=\"lazy\" decoding=\"async\" class=\"alignright size-full wp-image-61961\" src=\"https:\/\/i0.wp.com\/www.o-p-i.fr\/parlonsen\/wp-content\/uploads\/Grain-mots-1.jpg?resize=425%2C319&#038;ssl=1\" alt=\"\" width=\"425\" height=\"319\" srcset=\"https:\/\/i0.wp.com\/www.o-p-i.fr\/parlonsen\/wp-content\/uploads\/Grain-mots-1.jpg?w=425&amp;ssl=1 425w, https:\/\/i0.wp.com\/www.o-p-i.fr\/parlonsen\/wp-content\/uploads\/Grain-mots-1.jpg?resize=300%2C225&amp;ssl=1 300w, https:\/\/i0.wp.com\/www.o-p-i.fr\/parlonsen\/wp-content\/uploads\/Grain-mots-1.jpg?resize=400%2C300&amp;ssl=1 400w, https:\/\/i0.wp.com\/www.o-p-i.fr\/parlonsen\/wp-content\/uploads\/Grain-mots-1.jpg?resize=150%2C113&amp;ssl=1 150w, https:\/\/i0.wp.com\/www.o-p-i.fr\/parlonsen\/wp-content\/uploads\/Grain-mots-1.jpg?resize=100%2C75&amp;ssl=1 100w\" sizes=\"auto, (max-width: 425px) 100vw, 425px\" \/><\/a>\u00a0Nouvelle saison de l<strong>&lsquo;atelier d&rsquo;\u00e9criture mensuel,<\/strong> ouvert \u00e0 tous, \u00e0 Monclar-de-Quercy<br \/>\n<strong>\u00ab\u00a0Le grain des mots\u00a0\u00bb<\/strong> poursuit ses semailles d\u00e8s septembre&#8230;<br \/>\nUn vendredi matin par mois, de 9 h30 \u00e0 12h, je vous invite \u00e0 explorer vos terres d&rsquo;\u00e9criture,<br \/>\net vous accompagne dans une ambiance bienveillante et chaleureuse<br \/>\n\u00e0 imaginer, essayer, ajuster \u00ab\u00a0vos v\u00eatements de mots\u00a0\u00bb,<br \/>\n\u00e0 choisir la couleur, l&rsquo;\u00e9paisseur, la souplesse des fils de vos textes.<\/p>\n<p>Prochain rendez-vous : vendredi 27 septembre 2024\u00a0 \u00e0 la biblioth\u00e8que de Monclar .<\/p>\n<p><strong>Dates suivantes \u00e0 noter dans vos agendas :<\/strong><br \/>\n&#8211; vendredi 18 octobre 2024<br \/>\n&#8211; vendredi 8 novembre 2024<br \/>\n&#8211; vendredi 6 d\u00e9cembre 2024<\/p>\n<p>S\u00e9ance de d\u00e9couverte \u00e0 10 euros.<br \/>\nCarte de 5 s\u00e9ances \u00e0 90 euros. ( valable de septembre 2024 \u00e0 juin 2025) S\u00e9ance : 20 \u20ac<br \/>\nInscription n\u00e9cessaire : Isabelle 06 77 99 52 05 \/ faribolisa@gmail.Com<\/p>\n<p><em>Information communiqu\u00e9e par Isabelle JANNOT<\/em><\/p>\n<p><a href=\"https:\/\/www.o-p-i.fr\/aupays\/au-pays\/agenda\/\">Retrouvez tous les \u00e9v\u00e9nements dans l&rsquo;agenda !<\/a><\/p>\n","protected":false},"excerpt":{"rendered":"<div class=\"mh-excerpt\">Vendredi 27 septembre 2024, de 9h.30 \u00e0 12h., \u00e0 la biblioth\u00e8que.<\/div>\n","protected":false},"author":4,"featured_media":15701,"comment_status":"open","ping_status":"open","sticky":false,"template":"","format":"standard","meta":{"om_disable_all_campaigns":false,"advanced_seo_description":"","jetpack_seo_html_title":"","jetpack_seo_noindex":false,"_jetpack_memberships_contains_paid_content":false,"footnotes":"","_links_to":"","_links_to_target":""},"categories":[52,725,16,54,6195,6196,6231,6171],"tags":[6229,65,143,1086],"class_list":{"0":"post-61960","1":"post","2":"type-post","3":"status-publish","4":"format-standard","5":"has-post-thumbnail","7":"category-parlons-en","8":"category-formation-parlons-en","9":"category-monclar","10":"category-loisirs","11":"category-n-223-octobre-2024","12":"category-n-224-novembre-2024","13":"category-n-225-decembre-2024","14":"category-n-222-septembre-2024","15":"tag-s3724","16":"tag-bibliotheque","17":"tag-monclar-de-quercy","18":"tag-atelier-decriture"},"jetpack_featured_media_url":"https:\/\/i0.wp.com\/www.o-p-i.fr\/parlonsen\/wp-content\/uploads\/atelier-decriture.jpg?fit=283%2C192&ssl=1","views":{"total":0,"cached_at":"","cached_date":1738518688},"jetpack_likes_enabled":true,"jetpack_sharing_enabled":true,"jetpack_shortlink":"https:\/\/wp.me\/pg7Wxj-g7m","jetpack-related-posts":[],"_links":{"self":[{"href":"https:\/\/www.o-p-i.fr\/parlonsen\/wp-json\/wp\/v2\/posts\/61960","targetHints":{"allow":["GET"]}}],"collection":[{"href":"https:\/\/www.o-p-i.fr\/parlonsen\/wp-json\/wp\/v2\/posts"}],"about":[{"href":"https:\/\/www.o-p-i.fr\/parlonsen\/wp-json\/wp\/v2\/types\/post"}],"author":[{"embeddable":true,"href":"https:\/\/www.o-p-i.fr\/parlonsen\/wp-json\/wp\/v2\/users\/4"}],"replies":[{"embeddable":true,"href":"https:\/\/www.o-p-i.fr\/parlonsen\/wp-json\/wp\/v2\/comments?post=61960"}],"version-history":[{"count":0,"href":"https:\/\/www.o-p-i.fr\/parlonsen\/wp-json\/wp\/v2\/posts\/61960\/revisions"}],"wp:featuredmedia":[{"embeddable":true,"href":"https:\/\/www.o-p-i.fr\/parlonsen\/wp-json\/wp\/v2\/media\/15701"}],"wp:attachment":[{"href":"https:\/\/www.o-p-i.fr\/parlonsen\/wp-json\/wp\/v2\/media?parent=61960"}],"wp:term":[{"taxonomy":"category","embeddable":true,"href":"https:\/\/www.o-p-i.fr\/parlonsen\/wp-json\/wp\/v2\/categories?post=61960"},{"taxonomy":"post_tag","embeddable":true,"href":"https:\/\/www.o-p-i.fr\/parlonsen\/wp-json\/wp\/v2\/tags?post=61960"}],"curies":[{"name":"wp","href":"https:\/\/api.w.org\/{rel}","templated":true}]}}