{"id":61978,"date":"2024-09-12T14:32:42","date_gmt":"2024-09-12T13:32:42","guid":{"rendered":"https:\/\/www.o-p-i.fr\/parlonsen\/?p=61978"},"modified":"2024-09-12T14:32:50","modified_gmt":"2024-09-12T13:32:50","slug":"rando-cyclo-rando-pedestre-dans-le-cadre-doctobre-rose-a-la-salvetat-belmontet-82","status":"publish","type":"post","link":"https:\/\/www.o-p-i.fr\/parlonsen\/localisation\/au-pays-des-tescous\/salvetat\/rando-cyclo-rando-pedestre-dans-le-cadre-doctobre-rose-a-la-salvetat-belmontet-82\/","title":{"rendered":"Rando cyclo + rando p\u00e9destre dans le cadre d&rsquo;octobre rose&#8230;\u00e0 La Salvetat Belmontet (82)"},"content":{"rendered":"<p><strong>Dimanche 22 septembre 2024,<\/strong> en matin\u00e9e, d\u00e9part Maison des Associations.<!--more--><\/p>\n<p>L&rsquo;association <strong>LA BELLE MONTEE<\/strong> vous invite le dimanche 22\/09\/2024 au matin pour une randonn\u00e9e p\u00e9destre et une randonn\u00e9e cyclotouriste (les belles mont\u00e9es cyclo). L&rsquo;accueil et les inscriptions auront lieu \u00e0 la salle des associations sur le parking de l&rsquo;\u00e9glise de La Salvetat, au 112 voie communale 2 de La Salvetat &#8211; 82230 LA SALVETAT-BELMONTET.<\/p>\n<p><strong>Pour la randonn\u00e9e p\u00e9destre :<\/strong><\/p>\n<p>Inscriptions \u00e0 partir de 8h30, une participation financi\u00e8re de 10 \u20ac par personne sera demand\u00e9e. L&rsquo;int\u00e9gralit\u00e9 des b\u00e9n\u00e9fices seront revers\u00e9s au profit du comit\u00e9 82 de la ligue contre le cancer dans le cadre d&rsquo;octobre rose. Un stand sera tenu par les b\u00e9n\u00e9voles du comit\u00e9 82 de la ligue.<\/p>\n<p>D\u00e9part de la randonn\u00e9e \u00e0 9h30 encadr\u00e9e par les habituels responsables des randonn\u00e9es de l&rsquo;association. Circuit de 9 kilom\u00e8tres.<\/p>\n<p>Une collation sera offerte au d\u00e9part et \u00e0 l&rsquo;arriv\u00e9e pour l&rsquo;ensemble des participants.<\/p>\n<p><strong>Pour le cyclotourisme :<\/strong><\/p>\n<p>Accueil et inscriptions de 7h30 \u00e0 12h00, gratuits pour les licenci\u00e9s FFV\u00e9lo, 3 \u20ac pour les non licenci\u00e9s (participation financi\u00e8re du comit\u00e9 d\u00e9partemental de cyclotourisme pour l&rsquo;organisation). Les participants pourront faire un don au profit du comit\u00e9 82 de la ligue contre le cancer au stand tenu par les b\u00e9n\u00e9voles de la ligue 82 pr\u00e9sents sur place.<\/p>\n<p>2 parcours fl\u00e9ch\u00e9s propos\u00e9s. Soit 55 kms D+567 M \u00e0 retrouver sur Open Runner 19293986. Soit 82 kms D+878 M \u00e0 retrouver sur Open Runner 18421379.<\/p>\n<p>Une collation sera offerte au d\u00e9part et \u00e0 l&rsquo;arriv\u00e9e pour l&rsquo;ensemble des participants.<\/p>\n<p>Nous vous attendons nombreuses et nombreux.<\/p>\n<p>N&rsquo;h\u00e9sitez pas \u00e0 transmettre l&rsquo;information aupr\u00e8s de vos proches et contacts susceptibles d&rsquo;\u00eatre int\u00e9ress\u00e9s.<\/p>\n<p>Le bureau de l&rsquo;association LA BELLE MONTEE<\/p>\n<p><a href=\"https:\/\/www.o-p-i.fr\/parlonsen\/localisation\/salvetat\/rando-cyclo-rando-pedestre-dans-le-cadre-doctobre-rose-a-la-salvetat-belmontet-82\/attachment\/rando-2-2\/\" rel=\"attachment wp-att-61979\"><img data-recalc-dims=\"1\" loading=\"lazy\" decoding=\"async\" class=\"aligncenter size-full wp-image-61979\" src=\"https:\/\/i0.wp.com\/www.o-p-i.fr\/parlonsen\/wp-content\/uploads\/RANDO-2-1.jpg?resize=624%2C442&#038;ssl=1\" alt=\"\" width=\"624\" height=\"442\" srcset=\"https:\/\/i0.wp.com\/www.o-p-i.fr\/parlonsen\/wp-content\/uploads\/RANDO-2-1.jpg?w=624&amp;ssl=1 624w, https:\/\/i0.wp.com\/www.o-p-i.fr\/parlonsen\/wp-content\/uploads\/RANDO-2-1.jpg?resize=300%2C213&amp;ssl=1 300w, https:\/\/i0.wp.com\/www.o-p-i.fr\/parlonsen\/wp-content\/uploads\/RANDO-2-1.jpg?resize=400%2C283&amp;ssl=1 400w, https:\/\/i0.wp.com\/www.o-p-i.fr\/parlonsen\/wp-content\/uploads\/RANDO-2-1.jpg?resize=430%2C305&amp;ssl=1 430w, https:\/\/i0.wp.com\/www.o-p-i.fr\/parlonsen\/wp-content\/uploads\/RANDO-2-1.jpg?resize=150%2C106&amp;ssl=1 150w, https:\/\/i0.wp.com\/www.o-p-i.fr\/parlonsen\/wp-content\/uploads\/RANDO-2-1.jpg?resize=100%2C71&amp;ssl=1 100w\" sizes=\"auto, (max-width: 624px) 100vw, 624px\" \/><\/a><\/p>\n<p>&nbsp;<\/p>\n<p>Information communiqu\u00e9e par \u00ab\u00a0La Belle Mont\u00e9e\u00a0\u00bb<\/p>\n<p><a href=\"https:\/\/www.o-p-i.fr\/aupays\/au-pays\/agenda\/\">Retrouvez tous les \u00e9v\u00e9nements dans l&rsquo;agenda !<\/a><\/p>\n","protected":false},"excerpt":{"rendered":"<div class=\"mh-excerpt\">Dimanche 22 septembre 2024, en matin\u00e9e, d\u00e9part Maison des Associations.<\/div>\n","protected":false},"author":4,"featured_media":16067,"comment_status":"open","ping_status":"open","sticky":false,"template":"","format":"standard","meta":{"om_disable_all_campaigns":false,"advanced_seo_description":"","jetpack_seo_html_title":"","jetpack_seo_noindex":false,"_jetpack_memberships_contains_paid_content":false,"footnotes":"","_links_to":"","_links_to_target":""},"categories":[52,34,54,6171],"tags":[166,181,2429,6229],"class_list":{"0":"post-61978","1":"post","2":"type-post","3":"status-publish","4":"format-standard","5":"has-post-thumbnail","7":"category-parlons-en","8":"category-salvetat","9":"category-loisirs","10":"category-n-222-septembre-2024","11":"tag-randonnee","12":"tag-la-salvetat-belmontet","13":"tag-octobre-rose","14":"tag-s3724"},"jetpack_featured_media_url":"https:\/\/i0.wp.com\/www.o-p-i.fr\/parlonsen\/wp-content\/uploads\/marcheur_bellemontee.jpg?fit=230%2C159&ssl=1","views":{"total":0,"cached_at":"","cached_date":1738518642},"jetpack_likes_enabled":true,"jetpack_sharing_enabled":true,"jetpack_shortlink":"https:\/\/wp.me\/pg7Wxj-g7E","jetpack-related-posts":[],"_links":{"self":[{"href":"https:\/\/www.o-p-i.fr\/parlonsen\/wp-json\/wp\/v2\/posts\/61978","targetHints":{"allow":["GET"]}}],"collection":[{"href":"https:\/\/www.o-p-i.fr\/parlonsen\/wp-json\/wp\/v2\/posts"}],"about":[{"href":"https:\/\/www.o-p-i.fr\/parlonsen\/wp-json\/wp\/v2\/types\/post"}],"author":[{"embeddable":true,"href":"https:\/\/www.o-p-i.fr\/parlonsen\/wp-json\/wp\/v2\/users\/4"}],"replies":[{"embeddable":true,"href":"https:\/\/www.o-p-i.fr\/parlonsen\/wp-json\/wp\/v2\/comments?post=61978"}],"version-history":[{"count":0,"href":"https:\/\/www.o-p-i.fr\/parlonsen\/wp-json\/wp\/v2\/posts\/61978\/revisions"}],"wp:featuredmedia":[{"embeddable":true,"href":"https:\/\/www.o-p-i.fr\/parlonsen\/wp-json\/wp\/v2\/media\/16067"}],"wp:attachment":[{"href":"https:\/\/www.o-p-i.fr\/parlonsen\/wp-json\/wp\/v2\/media?parent=61978"}],"wp:term":[{"taxonomy":"category","embeddable":true,"href":"https:\/\/www.o-p-i.fr\/parlonsen\/wp-json\/wp\/v2\/categories?post=61978"},{"taxonomy":"post_tag","embeddable":true,"href":"https:\/\/www.o-p-i.fr\/parlonsen\/wp-json\/wp\/v2\/tags?post=61978"}],"curies":[{"name":"wp","href":"https:\/\/api.w.org\/{rel}","templated":true}]}}