{"id":62028,"date":"2024-09-15T16:26:53","date_gmt":"2024-09-15T15:26:53","guid":{"rendered":"https:\/\/www.o-p-i.fr\/parlonsen\/?p=62028"},"modified":"2024-09-15T19:41:31","modified_gmt":"2024-09-15T18:41:31","slug":"journees-portes-ouvertes-a-monclarde-quercy-82","status":"publish","type":"post","link":"https:\/\/www.o-p-i.fr\/parlonsen\/parlons-en\/pratique\/journees-portes-ouvertes-a-monclarde-quercy-82\/","title":{"rendered":"Journ\u00e9es Portes Ouvertes &#8230; \u00e0 Monclar de Quercy (82)"},"content":{"rendered":"<p>Du <strong>jeudi 10 au jeudi 17 octobre 2024<\/strong>, voir programme: <!--more--><\/p>\n<p><a href=\"https:\/\/www.o-p-i.fr\/parlonsen\/parlons-en\/pratique\/journees-portes-ouvertes-a-monclarde-quercy-82\/attachment\/p-o-monclar\/\" rel=\"attachment wp-att-62029\"><img data-recalc-dims=\"1\" loading=\"lazy\" decoding=\"async\" class=\"aligncenter size-full wp-image-62029\" src=\"https:\/\/i0.wp.com\/www.o-p-i.fr\/parlonsen\/wp-content\/uploads\/P.O.-Monclar.jpg?resize=624%2C351&#038;ssl=1\" alt=\"\" width=\"624\" height=\"351\" srcset=\"https:\/\/i0.wp.com\/www.o-p-i.fr\/parlonsen\/wp-content\/uploads\/P.O.-Monclar.jpg?w=624&amp;ssl=1 624w, https:\/\/i0.wp.com\/www.o-p-i.fr\/parlonsen\/wp-content\/uploads\/P.O.-Monclar.jpg?resize=300%2C169&amp;ssl=1 300w, https:\/\/i0.wp.com\/www.o-p-i.fr\/parlonsen\/wp-content\/uploads\/P.O.-Monclar.jpg?resize=400%2C225&amp;ssl=1 400w, https:\/\/i0.wp.com\/www.o-p-i.fr\/parlonsen\/wp-content\/uploads\/P.O.-Monclar.jpg?resize=430%2C242&amp;ssl=1 430w, https:\/\/i0.wp.com\/www.o-p-i.fr\/parlonsen\/wp-content\/uploads\/P.O.-Monclar.jpg?resize=150%2C84&amp;ssl=1 150w, https:\/\/i0.wp.com\/www.o-p-i.fr\/parlonsen\/wp-content\/uploads\/P.O.-Monclar.jpg?resize=100%2C56&amp;ssl=1 100w\" sizes=\"auto, (max-width: 624px) 100vw, 624px\" \/><\/a><\/p>\n<p><a href=\"https:\/\/www.o-p-i.fr\/parlonsen\/parlons-en\/pratique\/journees-portes-ouvertes-a-monclarde-quercy-82\/attachment\/adil-2\/\" rel=\"attachment wp-att-62030\"><img data-recalc-dims=\"1\" loading=\"lazy\" decoding=\"async\" class=\"aligncenter size-full wp-image-62030\" src=\"https:\/\/i0.wp.com\/www.o-p-i.fr\/parlonsen\/wp-content\/uploads\/ADIL-2.jpg?resize=624%2C871&#038;ssl=1\" alt=\"\" width=\"624\" height=\"871\" srcset=\"https:\/\/i0.wp.com\/www.o-p-i.fr\/parlonsen\/wp-content\/uploads\/ADIL-2.jpg?w=624&amp;ssl=1 624w, https:\/\/i0.wp.com\/www.o-p-i.fr\/parlonsen\/wp-content\/uploads\/ADIL-2.jpg?resize=215%2C300&amp;ssl=1 215w, https:\/\/i0.wp.com\/www.o-p-i.fr\/parlonsen\/wp-content\/uploads\/ADIL-2.jpg?resize=400%2C558&amp;ssl=1 400w, https:\/\/i0.wp.com\/www.o-p-i.fr\/parlonsen\/wp-content\/uploads\/ADIL-2.jpg?resize=430%2C600&amp;ssl=1 430w, https:\/\/i0.wp.com\/www.o-p-i.fr\/parlonsen\/wp-content\/uploads\/ADIL-2.jpg?resize=150%2C209&amp;ssl=1 150w, https:\/\/i0.wp.com\/www.o-p-i.fr\/parlonsen\/wp-content\/uploads\/ADIL-2.jpg?resize=100%2C140&amp;ssl=1 100w\" sizes=\"auto, (max-width: 624px) 100vw, 624px\" \/><\/a><\/p>\n<p><em>Information communiqu\u00e9e par H\u00e9l\u00e8ne MENEGHETTI<\/em><\/p>\n<p><a href=\"https:\/\/www.o-p-i.fr\/aupays\/au-pays\/agenda\/\">Retrouvez tous les \u00e9v\u00e9nements dans l&rsquo;agenda !<\/a><\/p>\n","protected":false},"excerpt":{"rendered":"<div class=\"mh-excerpt\">Du jeudi 10 au jeudi 17 octobre 2024, voir programme:<\/div>\n","protected":false},"author":4,"featured_media":57962,"comment_status":"open","ping_status":"open","sticky":false,"template":"","format":"standard","meta":{"om_disable_all_campaigns":false,"advanced_seo_description":"","jetpack_seo_html_title":"","jetpack_seo_noindex":false,"_jetpack_memberships_contains_paid_content":false,"footnotes":"","_links_to":"","_links_to_target":""},"categories":[52,16,6,6195],"tags":[143,3969,6238],"class_list":{"0":"post-62028","1":"post","2":"type-post","3":"status-publish","4":"format-standard","5":"has-post-thumbnail","7":"category-parlons-en","8":"category-monclar","9":"category-pratique","10":"category-n-223-octobre-2024","11":"tag-monclar-de-quercy","12":"tag-france-services","13":"tag-s3824"},"jetpack_featured_media_url":"https:\/\/i0.wp.com\/www.o-p-i.fr\/parlonsen\/wp-content\/uploads\/MONCLAR-2GLISE.jpg?fit=283%2C377&ssl=1","views":{"total":1,"cached_at":"","cached_date":1738529145},"jetpack_likes_enabled":true,"jetpack_sharing_enabled":true,"jetpack_shortlink":"https:\/\/wp.me\/pg7Wxj-g8s","jetpack-related-posts":[],"_links":{"self":[{"href":"https:\/\/www.o-p-i.fr\/parlonsen\/wp-json\/wp\/v2\/posts\/62028","targetHints":{"allow":["GET"]}}],"collection":[{"href":"https:\/\/www.o-p-i.fr\/parlonsen\/wp-json\/wp\/v2\/posts"}],"about":[{"href":"https:\/\/www.o-p-i.fr\/parlonsen\/wp-json\/wp\/v2\/types\/post"}],"author":[{"embeddable":true,"href":"https:\/\/www.o-p-i.fr\/parlonsen\/wp-json\/wp\/v2\/users\/4"}],"replies":[{"embeddable":true,"href":"https:\/\/www.o-p-i.fr\/parlonsen\/wp-json\/wp\/v2\/comments?post=62028"}],"version-history":[{"count":0,"href":"https:\/\/www.o-p-i.fr\/parlonsen\/wp-json\/wp\/v2\/posts\/62028\/revisions"}],"wp:featuredmedia":[{"embeddable":true,"href":"https:\/\/www.o-p-i.fr\/parlonsen\/wp-json\/wp\/v2\/media\/57962"}],"wp:attachment":[{"href":"https:\/\/www.o-p-i.fr\/parlonsen\/wp-json\/wp\/v2\/media?parent=62028"}],"wp:term":[{"taxonomy":"category","embeddable":true,"href":"https:\/\/www.o-p-i.fr\/parlonsen\/wp-json\/wp\/v2\/categories?post=62028"},{"taxonomy":"post_tag","embeddable":true,"href":"https:\/\/www.o-p-i.fr\/parlonsen\/wp-json\/wp\/v2\/tags?post=62028"}],"curies":[{"name":"wp","href":"https:\/\/api.w.org\/{rel}","templated":true}]}}