{"id":62078,"date":"2024-09-17T12:03:46","date_gmt":"2024-09-17T11:03:46","guid":{"rendered":"https:\/\/www.o-p-i.fr\/parlonsen\/?p=62078"},"modified":"2024-09-17T12:03:50","modified_gmt":"2024-09-17T11:03:50","slug":"journees-europeennes-du-patrimoine-a-lisle-sur-tarn-81-5","status":"publish","type":"post","link":"https:\/\/www.o-p-i.fr\/parlonsen\/parlons-en\/culture\/journees-europeennes-du-patrimoine-a-lisle-sur-tarn-81-5\/","title":{"rendered":"Journ\u00e9es Europ\u00e9ennes du Patrimoine&#8230; \u00e0 Lisle sur Tarn (81)"},"content":{"rendered":"<p><strong>Samedi 21 et dimanche 22 septembre 2024<\/strong>, au Mus\u00e9e Raymond Lafage.<!--more--><\/p>\n<h3 style=\"text-align: center;\">AU PROGRAMME&#8230;<\/h3>\n<ul>\n<li><strong>Samedi 21 septembre 2024<\/strong> &#8211; de 14h \u00e0 18h, pr\u00e9sence du graveur Beno\u00eet Aucl\u00e8re pour des d\u00e9monstrations de gravure sur bois<\/li>\n<\/ul>\n<p>Exposition de ses \u0153uvres tout le week-end au mus\u00e9e<\/p>\n<ul>\n<li><strong>Dimanche 22 septembre 2024<\/strong> &#8211; Visites guid\u00e9es, d\u00e9parts \u00e0 10h30 et 14h30<\/li>\n<\/ul>\n<p>Acc\u00e8s libre et gratuit au mus\u00e9e et aux animations tout le week-end !<\/p>\n<p><a href=\"https:\/\/www.o-p-i.fr\/parlonsen\/parlons-en\/culture\/journees-europeennes-du-patrimoine-a-lisle-sur-tarn-81-5\/attachment\/lisle-4\/\" rel=\"attachment wp-att-62079\"><img data-recalc-dims=\"1\" loading=\"lazy\" decoding=\"async\" class=\"aligncenter size-full wp-image-62079\" src=\"https:\/\/i0.wp.com\/www.o-p-i.fr\/parlonsen\/wp-content\/uploads\/Lisle-2.jpg?resize=624%2C408&#038;ssl=1\" alt=\"\" width=\"624\" height=\"408\" srcset=\"https:\/\/i0.wp.com\/www.o-p-i.fr\/parlonsen\/wp-content\/uploads\/Lisle-2.jpg?w=624&amp;ssl=1 624w, https:\/\/i0.wp.com\/www.o-p-i.fr\/parlonsen\/wp-content\/uploads\/Lisle-2.jpg?resize=300%2C196&amp;ssl=1 300w, https:\/\/i0.wp.com\/www.o-p-i.fr\/parlonsen\/wp-content\/uploads\/Lisle-2.jpg?resize=400%2C262&amp;ssl=1 400w, https:\/\/i0.wp.com\/www.o-p-i.fr\/parlonsen\/wp-content\/uploads\/Lisle-2.jpg?resize=430%2C281&amp;ssl=1 430w, https:\/\/i0.wp.com\/www.o-p-i.fr\/parlonsen\/wp-content\/uploads\/Lisle-2.jpg?resize=150%2C98&amp;ssl=1 150w, https:\/\/i0.wp.com\/www.o-p-i.fr\/parlonsen\/wp-content\/uploads\/Lisle-2.jpg?resize=100%2C65&amp;ssl=1 100w\" sizes=\"auto, (max-width: 624px) 100vw, 624px\" \/><\/a><\/p>\n<p>Nous vous attendons nombreux !<\/p>\n<p><strong><a href=\"https:\/\/www.o-p-i.fr\/parlonsen\/parlons-en\/culture\/journees-europeennes-du-patrimoine-a-lisle-sur-tarn-81-5\/attachment\/musee-raymond-lafage-logo\/\" rel=\"attachment wp-att-62080\"><img data-recalc-dims=\"1\" loading=\"lazy\" decoding=\"async\" class=\"size-full wp-image-62080 alignleft\" src=\"https:\/\/i0.wp.com\/www.o-p-i.fr\/parlonsen\/wp-content\/uploads\/musee-Raymond-Lafage-LOGO.jpg?resize=283%2C212&#038;ssl=1\" alt=\"\" width=\"283\" height=\"212\" srcset=\"https:\/\/i0.wp.com\/www.o-p-i.fr\/parlonsen\/wp-content\/uploads\/musee-Raymond-Lafage-LOGO.jpg?w=283&amp;ssl=1 283w, https:\/\/i0.wp.com\/www.o-p-i.fr\/parlonsen\/wp-content\/uploads\/musee-Raymond-Lafage-LOGO.jpg?resize=150%2C112&amp;ssl=1 150w, https:\/\/i0.wp.com\/www.o-p-i.fr\/parlonsen\/wp-content\/uploads\/musee-Raymond-Lafage-LOGO.jpg?resize=100%2C75&amp;ssl=1 100w\" sizes=\"auto, (max-width: 283px) 100vw, 283px\" \/><\/a><\/strong><\/p>\n<p>&nbsp;<\/p>\n<p>&nbsp;<\/p>\n<p><strong>Mus\u00e9e Raymond Lafage<\/strong><br \/>\n9, place Paul Saissac<br \/>\n81310 Lisle-sur-Tarn<br \/>\n05.63.40.45.45<\/p>\n<p>&nbsp;<\/p>\n<p><em>Information communiqu\u00e9ebpar le Mus\u00e9e Raymond Lafage<\/em><\/p>\n<p><a href=\"https:\/\/www.o-p-i.fr\/aupays\/au-pays\/agenda\/\">Retrouvez tous les \u00e9v\u00e9nements dans l&rsquo;agenda !<\/a><\/p>\n","protected":false},"excerpt":{"rendered":"<div class=\"mh-excerpt\">Samedi 21 et dimanche 22 septembre 2024, au Mus\u00e9e Raymond Lafage.<\/div>\n","protected":false},"author":4,"featured_media":13665,"comment_status":"open","ping_status":"open","sticky":false,"template":"","format":"standard","meta":{"om_disable_all_campaigns":false,"advanced_seo_description":"","jetpack_seo_html_title":"","jetpack_seo_noindex":false,"_jetpack_memberships_contains_paid_content":false,"footnotes":"","_links_to":"","_links_to_target":""},"categories":[52,42,1,54,6171],"tags":[77,78,1057,6238],"class_list":{"0":"post-62078","1":"post","2":"type-post","3":"status-publish","4":"format-standard","5":"has-post-thumbnail","7":"category-parlons-en","8":"category-a-cote-de-chez-nous","9":"category-culture","10":"category-loisirs","11":"category-n-222-septembre-2024","12":"tag-lisle-sur-tarn","13":"tag-musee-raymond-lafage","14":"tag-journees-du-patrimoine","15":"tag-s3824"},"jetpack_featured_media_url":"https:\/\/i0.wp.com\/www.o-p-i.fr\/parlonsen\/wp-content\/uploads\/leominois.jpg?fit=115%2C182&ssl=1","views":{"total":0,"cached_at":"","cached_date":1738518770},"jetpack_likes_enabled":true,"jetpack_sharing_enabled":true,"jetpack_shortlink":"https:\/\/wp.me\/pg7Wxj-g9g","jetpack-related-posts":[],"_links":{"self":[{"href":"https:\/\/www.o-p-i.fr\/parlonsen\/wp-json\/wp\/v2\/posts\/62078","targetHints":{"allow":["GET"]}}],"collection":[{"href":"https:\/\/www.o-p-i.fr\/parlonsen\/wp-json\/wp\/v2\/posts"}],"about":[{"href":"https:\/\/www.o-p-i.fr\/parlonsen\/wp-json\/wp\/v2\/types\/post"}],"author":[{"embeddable":true,"href":"https:\/\/www.o-p-i.fr\/parlonsen\/wp-json\/wp\/v2\/users\/4"}],"replies":[{"embeddable":true,"href":"https:\/\/www.o-p-i.fr\/parlonsen\/wp-json\/wp\/v2\/comments?post=62078"}],"version-history":[{"count":0,"href":"https:\/\/www.o-p-i.fr\/parlonsen\/wp-json\/wp\/v2\/posts\/62078\/revisions"}],"wp:featuredmedia":[{"embeddable":true,"href":"https:\/\/www.o-p-i.fr\/parlonsen\/wp-json\/wp\/v2\/media\/13665"}],"wp:attachment":[{"href":"https:\/\/www.o-p-i.fr\/parlonsen\/wp-json\/wp\/v2\/media?parent=62078"}],"wp:term":[{"taxonomy":"category","embeddable":true,"href":"https:\/\/www.o-p-i.fr\/parlonsen\/wp-json\/wp\/v2\/categories?post=62078"},{"taxonomy":"post_tag","embeddable":true,"href":"https:\/\/www.o-p-i.fr\/parlonsen\/wp-json\/wp\/v2\/tags?post=62078"}],"curies":[{"name":"wp","href":"https:\/\/api.w.org\/{rel}","templated":true}]}}