{"id":62095,"date":"2024-09-19T08:18:20","date_gmt":"2024-09-19T07:18:20","guid":{"rendered":"https:\/\/www.o-p-i.fr\/parlonsen\/?p=62095"},"modified":"2024-09-19T08:18:23","modified_gmt":"2024-09-19T07:18:23","slug":"patrimoine-a-lafrancaise-82","status":"publish","type":"post","link":"https:\/\/www.o-p-i.fr\/parlonsen\/parlons-en\/culture\/patrimoine-a-lafrancaise-82\/","title":{"rendered":"\u00ab\u00a0Patrimoine\u00a0\u00bb&#8230; \u00e0 Lafran\u00e7aise (82)"},"content":{"rendered":"<p>Le<strong> samedi 21 septembre 2024,<\/strong> au ch\u00e2teau de La Baronnie, de 10h. \u00e0 13h.<!--more--><\/p>\n<p><a href=\"https:\/\/www.o-p-i.fr\/parlonsen\/parlons-en\/culture\/patrimoine-a-lafrancaise-82\/attachment\/lafrancaise\/\" rel=\"attachment wp-att-62096\"><img data-recalc-dims=\"1\" loading=\"lazy\" decoding=\"async\" class=\"size-full wp-image-62096 alignright\" src=\"https:\/\/i0.wp.com\/www.o-p-i.fr\/parlonsen\/wp-content\/uploads\/Lafrancaise.jpg?resize=425%2C312&#038;ssl=1\" alt=\"\" width=\"425\" height=\"312\" srcset=\"https:\/\/i0.wp.com\/www.o-p-i.fr\/parlonsen\/wp-content\/uploads\/Lafrancaise.jpg?w=425&amp;ssl=1 425w, https:\/\/i0.wp.com\/www.o-p-i.fr\/parlonsen\/wp-content\/uploads\/Lafrancaise.jpg?resize=300%2C220&amp;ssl=1 300w, https:\/\/i0.wp.com\/www.o-p-i.fr\/parlonsen\/wp-content\/uploads\/Lafrancaise.jpg?resize=400%2C294&amp;ssl=1 400w, https:\/\/i0.wp.com\/www.o-p-i.fr\/parlonsen\/wp-content\/uploads\/Lafrancaise.jpg?resize=150%2C110&amp;ssl=1 150w, https:\/\/i0.wp.com\/www.o-p-i.fr\/parlonsen\/wp-content\/uploads\/Lafrancaise.jpg?resize=100%2C73&amp;ssl=1 100w\" sizes=\"auto, (max-width: 425px) 100vw, 425px\" \/><\/a>\u00a0\u00ab Rendez-vous \u00e0 La Fran\u00e7aise \u00bb au ch\u00e2teau de la Baronnie #Lafran\u00e7aise<br \/>\nQuand :21 septembre 2024 @ 10 h 00 min<br \/>\nO\u00f9 :Ch\u00e2teau de la Baronnie &#8211; Chemin de l&rsquo;hermitage<br \/>\n82130 Lafran\u00e7aise<\/p>\n<p>Dans le cadre des Journ\u00e9es Europ\u00e9ennes du Patrimoine, profitez d\u2019un \u00ab rendez-vous \u00e0 Lafran\u00e7aise \u00bb \u00e0 la d\u00e9couverte du ch\u00e2teau de la Baronnie !<br \/>\n\u2013 Visites comment\u00e9es de 10 heures \u00e0 13 heures<\/p>\n<p>\u2013 Concert flamenco, pop, jazz dans le parc \u00e0 19 heures. Sur r\u00e9servation. Tarif : 18\u20ac\/adulte, 10\u20ac\/\u00e9tudiant.<\/p>\n<p>\u2013 D\u00eener dans le parc avec des planches de tapas et buvette \u00e0 20 heures 30.<\/p>\n<p>Renseignements: <strong><b>T\u00e9l\u00e9phone<\/b>\u00a0:\u00a0<\/strong>06 81 56 61 92<\/p>\n<p><em>Information communiqu\u00e9e par La Baronnie<\/em><\/p>\n<p><a href=\"https:\/\/www.o-p-i.fr\/aupays\/au-pays\/agenda\/\">Retrouvez tous les \u00e9v\u00e9nements dans l&rsquo;agenda ! <\/a><\/p>\n","protected":false},"excerpt":{"rendered":"<div class=\"mh-excerpt\">Le samedi 21 septembre 2024, au ch\u00e2teau de La Baronnie, de 10h. \u00e0 13h.<\/div>\n","protected":false},"author":4,"featured_media":0,"comment_status":"open","ping_status":"open","sticky":false,"template":"","format":"standard","meta":{"om_disable_all_campaigns":false,"advanced_seo_description":"","jetpack_seo_html_title":"","jetpack_seo_noindex":false,"_jetpack_memberships_contains_paid_content":false,"footnotes":"","_links_to":"","_links_to_target":""},"categories":[52,42,1,6171],"tags":[228,935,6238,6243],"class_list":{"0":"post-62095","1":"post","2":"type-post","3":"status-publish","4":"format-standard","6":"category-parlons-en","7":"category-a-cote-de-chez-nous","8":"category-culture","9":"category-n-222-septembre-2024","10":"tag-patrimoine","11":"tag-lafrancaise","12":"tag-s3824","13":"tag-baronnie"},"jetpack_featured_media_url":"","views":{"total":1,"cached_at":"","cached_date":1738476287},"jetpack_likes_enabled":true,"jetpack_sharing_enabled":true,"jetpack_shortlink":"https:\/\/wp.me\/pg7Wxj-g9x","jetpack-related-posts":[],"_links":{"self":[{"href":"https:\/\/www.o-p-i.fr\/parlonsen\/wp-json\/wp\/v2\/posts\/62095","targetHints":{"allow":["GET"]}}],"collection":[{"href":"https:\/\/www.o-p-i.fr\/parlonsen\/wp-json\/wp\/v2\/posts"}],"about":[{"href":"https:\/\/www.o-p-i.fr\/parlonsen\/wp-json\/wp\/v2\/types\/post"}],"author":[{"embeddable":true,"href":"https:\/\/www.o-p-i.fr\/parlonsen\/wp-json\/wp\/v2\/users\/4"}],"replies":[{"embeddable":true,"href":"https:\/\/www.o-p-i.fr\/parlonsen\/wp-json\/wp\/v2\/comments?post=62095"}],"version-history":[{"count":0,"href":"https:\/\/www.o-p-i.fr\/parlonsen\/wp-json\/wp\/v2\/posts\/62095\/revisions"}],"wp:attachment":[{"href":"https:\/\/www.o-p-i.fr\/parlonsen\/wp-json\/wp\/v2\/media?parent=62095"}],"wp:term":[{"taxonomy":"category","embeddable":true,"href":"https:\/\/www.o-p-i.fr\/parlonsen\/wp-json\/wp\/v2\/categories?post=62095"},{"taxonomy":"post_tag","embeddable":true,"href":"https:\/\/www.o-p-i.fr\/parlonsen\/wp-json\/wp\/v2\/tags?post=62095"}],"curies":[{"name":"wp","href":"https:\/\/api.w.org\/{rel}","templated":true}]}}