{"id":6220,"date":"2011-01-05T15:41:12","date_gmt":"2011-01-05T13:41:12","guid":{"rendered":"\/parlonsen\/?p=6220"},"modified":"2011-01-05T15:52:51","modified_gmt":"2011-01-05T13:52:51","slug":"the-dansant-a-saint-etienne-de-tulmont","status":"publish","type":"post","link":"https:\/\/www.o-p-i.fr\/parlonsen\/localisation\/a-cote-de-chez-nous\/the-dansant-a-saint-etienne-de-tulmont\/","title":{"rendered":"Th\u00e9 Dansant &#8230; \u00e0 Saint Etienne de Tulmont"},"content":{"rendered":"<p>Le<span style=\"color: #800000;\"><strong> Club des A\u00een\u00e9s St\u00e9phanois<\/strong><\/span>, pr\u00e9sid\u00e9 par Vincent Teuli\u00e8res, organise un th\u00e9 dansant le<span style=\"color: #800000;\"><strong> jeudi 13 janvier 2011 <\/strong><\/span>\u00e0 partir de 14 heures \u00e0 la salle des f\u00eates de Saint \u00c9tienne. <!--more--><br \/>\nBernard et Philippe assureront l&rsquo;animation musicale et vous entra\u00eeneront sur la piste de danse.<\/p>\n<p>Venez nombreux \u00e0 ce th\u00e9 dansant, v\u00e9ritable rendez-vous de la danse et de l&rsquo;amiti\u00e9.<\/p>\n<figure id=\"attachment_6221\" aria-describedby=\"caption-attachment-6221\" style=\"width: 600px\" class=\"wp-caption aligncenter\"><img data-recalc-dims=\"1\" loading=\"lazy\" decoding=\"async\" class=\"size-full wp-image-6221\" title=\"Saint-Etienne de Tulmont (82)\" src=\"https:\/\/i0.wp.com\/www.o-p-i.fr\/parlonsen\/wp-content\/uploads\/the_dansant.jpg?resize=600%2C225&#038;ssl=1\" alt=\"Saint-Etienne de Tulmont (82)\" width=\"600\" height=\"225\" srcset=\"https:\/\/i0.wp.com\/www.o-p-i.fr\/parlonsen\/wp-content\/uploads\/the_dansant.jpg?w=600&amp;ssl=1 600w, https:\/\/i0.wp.com\/www.o-p-i.fr\/parlonsen\/wp-content\/uploads\/the_dansant.jpg?resize=300%2C112&amp;ssl=1 300w\" sizes=\"auto, (max-width: 600px) 100vw, 600px\" \/><figcaption id=\"caption-attachment-6221\" class=\"wp-caption-text\">Saint-Etienne de Tulmont (82)<\/figcaption><\/figure>\n<p><em>Communiqu\u00e9 et Photo : Robert Linas<\/em><\/p>\n<p><a href=\"https:\/\/www.o-p-i.fr\/parlonsen\/agenda\/\"><strong>Retrouvez tous les \u00e9v\u00e8nements dans l&rsquo;agenda !<\/strong><\/a><\/p>\n","protected":false},"excerpt":{"rendered":"<div class=\"mh-excerpt\">Le Club des A\u00een\u00e9s St\u00e9phanois, pr\u00e9sid\u00e9 par Vincent Teuli\u00e8res, organise un th\u00e9 dansant le jeudi 13 janvier 2011 \u00e0 partir de 14 heures \u00e0 la salle des f\u00eates de Saint \u00c9tienne.<\/div>\n","protected":false},"author":2,"featured_media":0,"comment_status":"open","ping_status":"open","sticky":false,"template":"","format":"standard","meta":{"om_disable_all_campaigns":false,"advanced_seo_description":"","jetpack_seo_html_title":"","jetpack_seo_noindex":false,"_jetpack_memberships_contains_paid_content":false,"footnotes":"","_links_to":"","_links_to_target":""},"categories":[42,54,799],"tags":[80,82,203,568],"class_list":{"0":"post-6220","1":"post","2":"type-post","3":"status-publish","4":"format-standard","6":"category-a-cote-de-chez-nous","7":"category-loisirs","8":"category-n-57-janvier-2011","9":"tag-the-dansant","10":"tag-aines","11":"tag-saint-etienne-de-tulmont","12":"tag-sortie"},"jetpack_featured_media_url":"","views":{"total":0,"cached_at":"","cached_date":1738516147},"jetpack_likes_enabled":true,"jetpack_sharing_enabled":true,"jetpack_shortlink":"https:\/\/wp.me\/pg7Wxj-1Ck","jetpack-related-posts":[],"_links":{"self":[{"href":"https:\/\/www.o-p-i.fr\/parlonsen\/wp-json\/wp\/v2\/posts\/6220","targetHints":{"allow":["GET"]}}],"collection":[{"href":"https:\/\/www.o-p-i.fr\/parlonsen\/wp-json\/wp\/v2\/posts"}],"about":[{"href":"https:\/\/www.o-p-i.fr\/parlonsen\/wp-json\/wp\/v2\/types\/post"}],"author":[{"embeddable":true,"href":"https:\/\/www.o-p-i.fr\/parlonsen\/wp-json\/wp\/v2\/users\/2"}],"replies":[{"embeddable":true,"href":"https:\/\/www.o-p-i.fr\/parlonsen\/wp-json\/wp\/v2\/comments?post=6220"}],"version-history":[{"count":0,"href":"https:\/\/www.o-p-i.fr\/parlonsen\/wp-json\/wp\/v2\/posts\/6220\/revisions"}],"wp:attachment":[{"href":"https:\/\/www.o-p-i.fr\/parlonsen\/wp-json\/wp\/v2\/media?parent=6220"}],"wp:term":[{"taxonomy":"category","embeddable":true,"href":"https:\/\/www.o-p-i.fr\/parlonsen\/wp-json\/wp\/v2\/categories?post=6220"},{"taxonomy":"post_tag","embeddable":true,"href":"https:\/\/www.o-p-i.fr\/parlonsen\/wp-json\/wp\/v2\/tags?post=6220"}],"curies":[{"name":"wp","href":"https:\/\/api.w.org\/{rel}","templated":true}]}}