{"id":62207,"date":"2024-10-03T19:10:51","date_gmt":"2024-10-03T18:10:51","guid":{"rendered":"https:\/\/www.o-p-i.fr\/parlonsen\/?p=62207"},"modified":"2024-10-11T03:09:54","modified_gmt":"2024-10-11T02:09:54","slug":"cours-de-danse-a-salvagnac-81","status":"publish","type":"post","link":"https:\/\/www.o-p-i.fr\/parlonsen\/localisation\/au-pays-des-tescous\/salvagnac\/cours-de-danse-a-salvagnac-81\/","title":{"rendered":"Cours de danse &#8230; \u00e0 Salvagnac (81)"},"content":{"rendered":"<p><strong>Les jeudis,<\/strong> \u00e0 l&rsquo;Ecrin, voir le programme: <!--more--><\/p>\n<p><a href=\"https:\/\/www.o-p-i.fr\/parlonsen\/localisation\/salvagnac\/cours-de-danse-a-salvagnac-81\/attachment\/danse-salvagnac\/\" rel=\"attachment wp-att-62208\"><img data-recalc-dims=\"1\" loading=\"lazy\" decoding=\"async\" class=\"alignright wp-image-62208\" src=\"https:\/\/i0.wp.com\/www.o-p-i.fr\/parlonsen\/wp-content\/uploads\/danse-salvagnac.jpg?resize=300%2C375&#038;ssl=1\" alt=\"\" width=\"300\" height=\"375\" srcset=\"https:\/\/i0.wp.com\/www.o-p-i.fr\/parlonsen\/wp-content\/uploads\/danse-salvagnac.jpg?resize=240%2C300&amp;ssl=1 240w, https:\/\/i0.wp.com\/www.o-p-i.fr\/parlonsen\/wp-content\/uploads\/danse-salvagnac.jpg?resize=400%2C500&amp;ssl=1 400w, https:\/\/i0.wp.com\/www.o-p-i.fr\/parlonsen\/wp-content\/uploads\/danse-salvagnac.jpg?resize=150%2C187&amp;ssl=1 150w, https:\/\/i0.wp.com\/www.o-p-i.fr\/parlonsen\/wp-content\/uploads\/danse-salvagnac.jpg?resize=100%2C125&amp;ssl=1 100w, https:\/\/i0.wp.com\/www.o-p-i.fr\/parlonsen\/wp-content\/uploads\/danse-salvagnac.jpg?w=425&amp;ssl=1 425w\" sizes=\"auto, (max-width: 300px) 100vw, 300px\" \/><\/a>La reprise des ateliers danse avec CORA professeur de Danse<br \/>\nLES JEUDIS A l&rsquo;ECRIN<\/p>\n<ul>\n<li>17h &#8211; 18h EVEIL CORPOREL ENFANTS<\/li>\n<li>18h15 &#8211; 19h15 DANSE CONTEMPORAINE ADO \/ ADULTES<\/li>\n<li>19h30 &#8211; 21h AFRO LATINO ADO \/ ADULTES<\/li>\n<\/ul>\n<p><span style=\"color: #ff0000;\"><strong>Si vous \u00eates int\u00e9ress\u00e9s<\/strong> <\/span>, merci de nous contact au 06 66 50 83 29<\/p>\n<p><em>Information communiqu\u00e9e par R\u00e9gine CLARETY<\/em><\/p>\n<p><a href=\"https:\/\/www.o-p-i.fr\/aupays\/au-pays\/agenda\/\">Retrouvez tous les \u00e9v\u00e9nements dans l&rsquo;agenda !<\/a><\/p>\n<p>&nbsp;<\/p>\n","protected":false},"excerpt":{"rendered":"<div class=\"mh-excerpt\">Les jeudis, \u00e0 l&rsquo;Ecrin, voir le programme:<\/div>\n","protected":false},"author":4,"featured_media":48506,"comment_status":"open","ping_status":"open","sticky":false,"template":"","format":"standard","meta":{"om_disable_all_campaigns":false,"advanced_seo_description":"","jetpack_seo_html_title":"","jetpack_seo_noindex":false,"_jetpack_memberships_contains_paid_content":false,"footnotes":"","_links_to":"","_links_to_target":""},"categories":[52,725,54,6195,25,6196,6231],"tags":[2548,1915,6259],"class_list":{"0":"post-62207","1":"post","2":"type-post","3":"status-publish","4":"format-standard","5":"has-post-thumbnail","7":"category-parlons-en","8":"category-formation-parlons-en","9":"category-loisirs","10":"category-n-223-octobre-2024","11":"category-salvagnac","12":"category-n-224-novembre-2024","13":"category-n-225-decembre-2024","14":"tag-salvagnac","15":"tag-cours-de-danse","16":"tag-s4124"},"jetpack_featured_media_url":"https:\/\/i0.wp.com\/www.o-p-i.fr\/parlonsen\/wp-content\/uploads\/KARAVANE-logo.jpg?fit=227%2C99&ssl=1","views":{"total":0,"cached_at":"","cached_date":1738444311},"jetpack_likes_enabled":true,"jetpack_sharing_enabled":true,"jetpack_shortlink":"https:\/\/wp.me\/pg7Wxj-gbl","jetpack-related-posts":[],"_links":{"self":[{"href":"https:\/\/www.o-p-i.fr\/parlonsen\/wp-json\/wp\/v2\/posts\/62207","targetHints":{"allow":["GET"]}}],"collection":[{"href":"https:\/\/www.o-p-i.fr\/parlonsen\/wp-json\/wp\/v2\/posts"}],"about":[{"href":"https:\/\/www.o-p-i.fr\/parlonsen\/wp-json\/wp\/v2\/types\/post"}],"author":[{"embeddable":true,"href":"https:\/\/www.o-p-i.fr\/parlonsen\/wp-json\/wp\/v2\/users\/4"}],"replies":[{"embeddable":true,"href":"https:\/\/www.o-p-i.fr\/parlonsen\/wp-json\/wp\/v2\/comments?post=62207"}],"version-history":[{"count":0,"href":"https:\/\/www.o-p-i.fr\/parlonsen\/wp-json\/wp\/v2\/posts\/62207\/revisions"}],"wp:featuredmedia":[{"embeddable":true,"href":"https:\/\/www.o-p-i.fr\/parlonsen\/wp-json\/wp\/v2\/media\/48506"}],"wp:attachment":[{"href":"https:\/\/www.o-p-i.fr\/parlonsen\/wp-json\/wp\/v2\/media?parent=62207"}],"wp:term":[{"taxonomy":"category","embeddable":true,"href":"https:\/\/www.o-p-i.fr\/parlonsen\/wp-json\/wp\/v2\/categories?post=62207"},{"taxonomy":"post_tag","embeddable":true,"href":"https:\/\/www.o-p-i.fr\/parlonsen\/wp-json\/wp\/v2\/tags?post=62207"}],"curies":[{"name":"wp","href":"https:\/\/api.w.org\/{rel}","templated":true}]}}