{"id":6229,"date":"2011-01-05T18:46:22","date_gmt":"2011-01-05T16:46:22","guid":{"rendered":"\/parlonsen\/?p=6229"},"modified":"2011-01-05T18:46:22","modified_gmt":"2011-01-05T16:46:22","slug":"la-culture-occitane-presente-au-marche-de-noel-au-domaine-de-montels-a-albias","status":"publish","type":"post","link":"https:\/\/www.o-p-i.fr\/parlonsen\/localisation\/a-cote-de-chez-nous\/la-culture-occitane-presente-au-marche-de-noel-au-domaine-de-montels-a-albias\/","title":{"rendered":"La culture occitane pr\u00e9sente au march\u00e9 de No\u00ebl au Domaine de Montels &#8230; \u00e0 Albias"},"content":{"rendered":"<p style=\"text-align: justify;\">Dimanche 19 d\u00e9cembre s&rsquo;est d\u00e9roul\u00e9, au Domaine de Montels un tr\u00e8s sympathique march\u00e9 de No\u00ebl. Les producteurs \u00e9taient venus proposer les produits de qualit\u00e9 n\u00e9cessaires aux menus des f\u00eates de fin d&rsquo;ann\u00e9e.<!--more--><\/p>\n<p style=\"text-align: justify;\">\n<figure id=\"attachment_6230\" aria-describedby=\"caption-attachment-6230\" style=\"width: 450px\" class=\"wp-caption alignright\"><img data-recalc-dims=\"1\" loading=\"lazy\" decoding=\"async\" class=\"size-full wp-image-6230\" title=\"Domaine de Montels - Albias (82)\" src=\"https:\/\/i0.wp.com\/www.o-p-i.fr\/parlonsen\/wp-content\/uploads\/noel_montels2010.jpg?resize=450%2C300&#038;ssl=1\" alt=\"Domaine de Montels - Albias (82)\" width=\"450\" height=\"300\" srcset=\"https:\/\/i0.wp.com\/www.o-p-i.fr\/parlonsen\/wp-content\/uploads\/noel_montels2010.jpg?w=450&amp;ssl=1 450w, https:\/\/i0.wp.com\/www.o-p-i.fr\/parlonsen\/wp-content\/uploads\/noel_montels2010.jpg?resize=300%2C200&amp;ssl=1 300w\" sizes=\"auto, (max-width: 450px) 100vw, 450px\" \/><figcaption id=\"caption-attachment-6230\" class=\"wp-caption-text\">Domaine de Montels - Albias (82)<\/figcaption><\/figure>\n<p style=\"text-align: justify;\">\u00ab\u00a0Tarn e Garona occitan \/ association Fr\u00e9d\u00e9ric Cayrou\u00a0\u00bb proposait un stand d&rsquo;information sur la culture occitane o\u00f9 les visiteurs pouvait y trouver des livres pour enfants ou adultes , des CD, des auto-collants (pega solets), des v\u00eatements identitaires avec croix occitane ou inscription \u00ab\u00a0en lenga n\u00f2stra\u00a0\u00bb, des drapeaux.<\/p>\n<p style=\"text-align: justify;\">Les visiteurs ont eu beaucoup de plaisir \u00e0 venir dialoguer avec les responsables de l&rsquo;association qui sensibilisent ainsi petits et grands \u00e0 l&rsquo;occitan.<\/p>\n<p style=\"text-align: justify;\"><span style=\"color: #993300;\"><strong>Contact : \u00ab\u00a0Tarn e Garona occitan \/ Association Fr\u00e9d\u00e9ric Cayrou\u00a0\u00bb<\/strong><br \/>\n396 chemin d&rsquo;Austrie<br \/>\n82000 Montauban<\/span><\/p>\n<p style=\"text-align: justify;\"><span style=\"color: #993300;\">T\u00e9l. : 09 88 77 34 80<br \/>\nCourriel : <a href=\"mailto:tarnegaroc@nordnet.fr\">tarnegaroc@nordnet.fr<\/a><br \/>\nSite : <a href=\"https:\/\/www.o-p-i.fr\/7alire \">www.o-p-i.fr\/7alire <\/a><\/span><\/p>\n<p style=\"text-align: justify;\"><span style=\"color: #993300;\"><span style=\"color: #000000;\"><em>Communiqu\u00e9 de Robert Linas<\/em><\/span><br \/>\n<\/span><\/p>\n","protected":false},"excerpt":{"rendered":"<div class=\"mh-excerpt\">Dimanche 19 d\u00e9cembre s&rsquo;est d\u00e9roul\u00e9, au Domaine de Montels un tr\u00e8s sympathique march\u00e9 de No\u00ebl. Les producteurs \u00e9taient venus proposer les produits de qualit\u00e9 n\u00e9cessaires aux menus des f\u00eates de fin d&rsquo;ann\u00e9e.<\/div>\n","protected":false},"author":2,"featured_media":0,"comment_status":"open","ping_status":"open","sticky":false,"template":"","format":"standard","meta":{"om_disable_all_campaigns":false,"advanced_seo_description":"","jetpack_seo_html_title":"","jetpack_seo_noindex":false,"_jetpack_memberships_contains_paid_content":false,"footnotes":"","_links_to":"","_links_to_target":""},"categories":[42,54,775,799],"tags":[62,131,133,639,640],"class_list":{"0":"post-6229","1":"post","2":"type-post","3":"status-publish","4":"format-standard","6":"category-a-cote-de-chez-nous","7":"category-loisirs","8":"category-cest-noel","9":"category-n-57-janvier-2011","10":"tag-occitan","11":"tag-noel","12":"tag-occitanie","13":"tag-domaine-de-montels","14":"tag-albias"},"jetpack_featured_media_url":"","views":{"total":0,"cached_at":"","cached_date":1738516171},"jetpack_likes_enabled":true,"jetpack_sharing_enabled":true,"jetpack_shortlink":"https:\/\/wp.me\/pg7Wxj-1Ct","jetpack-related-posts":[],"_links":{"self":[{"href":"https:\/\/www.o-p-i.fr\/parlonsen\/wp-json\/wp\/v2\/posts\/6229","targetHints":{"allow":["GET"]}}],"collection":[{"href":"https:\/\/www.o-p-i.fr\/parlonsen\/wp-json\/wp\/v2\/posts"}],"about":[{"href":"https:\/\/www.o-p-i.fr\/parlonsen\/wp-json\/wp\/v2\/types\/post"}],"author":[{"embeddable":true,"href":"https:\/\/www.o-p-i.fr\/parlonsen\/wp-json\/wp\/v2\/users\/2"}],"replies":[{"embeddable":true,"href":"https:\/\/www.o-p-i.fr\/parlonsen\/wp-json\/wp\/v2\/comments?post=6229"}],"version-history":[{"count":0,"href":"https:\/\/www.o-p-i.fr\/parlonsen\/wp-json\/wp\/v2\/posts\/6229\/revisions"}],"wp:attachment":[{"href":"https:\/\/www.o-p-i.fr\/parlonsen\/wp-json\/wp\/v2\/media?parent=6229"}],"wp:term":[{"taxonomy":"category","embeddable":true,"href":"https:\/\/www.o-p-i.fr\/parlonsen\/wp-json\/wp\/v2\/categories?post=6229"},{"taxonomy":"post_tag","embeddable":true,"href":"https:\/\/www.o-p-i.fr\/parlonsen\/wp-json\/wp\/v2\/tags?post=6229"}],"curies":[{"name":"wp","href":"https:\/\/api.w.org\/{rel}","templated":true}]}}