{"id":62361,"date":"2024-10-09T15:31:50","date_gmt":"2024-10-09T14:31:50","guid":{"rendered":"https:\/\/www.o-p-i.fr\/parlonsen\/?p=62361"},"modified":"2024-10-09T16:01:03","modified_gmt":"2024-10-09T15:01:03","slug":"apres-midi-recreative-halloween-a-monclar-de-quercy-82","status":"publish","type":"post","link":"https:\/\/www.o-p-i.fr\/parlonsen\/localisation\/au-pays-des-tescous\/monclar\/apres-midi-recreative-halloween-a-monclar-de-quercy-82\/","title":{"rendered":"Apr\u00e8s-midi r\u00e9cr\u00e9ative Halloween&#8230; \u00e0 Monclar de Quercy (82)"},"content":{"rendered":"<p><strong>Lundi 21 octobre 2024<\/strong>, de 14h.30 \u00e0 17h., 1-3 rue Regain.<!--more--><\/p>\n<p><a href=\"https:\/\/www.o-p-i.fr\/parlonsen\/localisation\/monclar\/apres-midi-recreative-halloween-a-monclar-de-quercy-82\/attachment\/aprem\/\" rel=\"attachment wp-att-62365\"><img data-recalc-dims=\"1\" loading=\"lazy\" decoding=\"async\" class=\"size-full wp-image-62365 alignright\" src=\"https:\/\/i0.wp.com\/www.o-p-i.fr\/parlonsen\/wp-content\/uploads\/Aprem.jpg?resize=425%2C601&#038;ssl=1\" alt=\"\" width=\"425\" height=\"601\" srcset=\"https:\/\/i0.wp.com\/www.o-p-i.fr\/parlonsen\/wp-content\/uploads\/Aprem.jpg?w=425&amp;ssl=1 425w, https:\/\/i0.wp.com\/www.o-p-i.fr\/parlonsen\/wp-content\/uploads\/Aprem.jpg?resize=212%2C300&amp;ssl=1 212w, https:\/\/i0.wp.com\/www.o-p-i.fr\/parlonsen\/wp-content\/uploads\/Aprem.jpg?resize=400%2C566&amp;ssl=1 400w, https:\/\/i0.wp.com\/www.o-p-i.fr\/parlonsen\/wp-content\/uploads\/Aprem.jpg?resize=150%2C212&amp;ssl=1 150w, https:\/\/i0.wp.com\/www.o-p-i.fr\/parlonsen\/wp-content\/uploads\/Aprem.jpg?resize=100%2C141&amp;ssl=1 100w\" sizes=\"auto, (max-width: 425px) 100vw, 425px\" \/><\/a><br \/>\nLe Centre Social Familles Rurales de Monclar de Quercy vous invite pour son apr\u00e8s-midi r\u00e9cr\u00e9ative le lundi 21 Octobre 2024.<br \/>\nRendez-vous \u00e0 14h30 \u00e0 la<strong> Maison de l&rsquo;Enfance<\/strong> 1-3 rue Regain pour passer l&rsquo;apr\u00e8s-midi autour de jeux de soci\u00e9t\u00e9s pour tous les \u00e2ges !<br \/>\nEnfants, parents, grands-parents, tout le monde est invit\u00e9, vous pouvez m\u00eame venir d\u00e9guis\u00e9s ! Des grands jeux de soci\u00e9t\u00e9 en bois seront disponibles en plein air selon le temps, suivi d&rsquo;un go\u00fbter partag\u00e9 o\u00f9 vous pouvez apporter ce que vous voulez.<\/p>\n<p>Date de d\u00e9but<br \/>\n21\/10\/2024<br \/>\nDate fin<br \/>\n21\/10\/2024<br \/>\nDe quelle heure \u00e0 quelle heure ?<br \/>\n14h30-17h<br \/>\nAdresse de l&rsquo;\u00e9v\u00e8nement<br \/>\n1-3 rue Regain 82230 Monclar de Quercy<br \/>\nLien internet vers votre \u00e9v\u00e8nement<br \/>\n<a href=\"https:\/\/fb.me\/e\/704sDSO0y\" target=\"_blank\" rel=\"noopener\">https:\/\/fb.me\/e\/704sDSO0y<\/a><br \/>\n<strong>Organisateur de l&rsquo;\u00e9n\u00e8vement<\/strong><br \/>\nFamilles Rurales<br \/>\nPersonne \/ Organisation \u00e0 contacter :<br \/>\nFamilles Rurales<br \/>\nT\u00e9l\u00e9phone :<br \/>\n05 63 26 48 96<br \/>\nVotre nom : Alexis Levayer , Charg\u00e9 officiel de la communication de l&rsquo;\u00e9v\u00e8nement<br \/>\nVotre courriel<br \/>\n<a href=\"mailto:alexis.levayer@famillesrurales.org\" target=\"_blank\" rel=\"noopener\">alexis.levayer@famillesrurales.org<\/a><\/p>\n<p><em>Information communiqu\u00e9e par Alexis LEVAYER<\/em><\/p>\n<p><a href=\"https:\/\/www.o-p-i.fr\/aupays\/au-pays\/agenda\/\">Retrouvez tous les \u00e9v\u00e9nements dans l&rsquo;agenda !<\/a><\/p>\n","protected":false},"excerpt":{"rendered":"<div class=\"mh-excerpt\">Lundi 21 octobre 2024, de 14h.30 \u00e0 17h., 1-3 rue Regain.<\/div>\n","protected":false},"author":4,"featured_media":3980,"comment_status":"open","ping_status":"open","sticky":false,"template":"","format":"standard","meta":{"om_disable_all_campaigns":false,"advanced_seo_description":"","jetpack_seo_html_title":"","jetpack_seo_noindex":false,"_jetpack_memberships_contains_paid_content":false,"footnotes":"","_links_to":"","_links_to_target":""},"categories":[52,16,54,6195],"tags":[143,382,703,6259],"class_list":{"0":"post-62361","1":"post","2":"type-post","3":"status-publish","4":"format-standard","5":"has-post-thumbnail","7":"category-parlons-en","8":"category-monclar","9":"category-loisirs","10":"category-n-223-octobre-2024","11":"tag-monclar-de-quercy","12":"tag-familles-rurales","13":"tag-halloween","14":"tag-s4124"},"jetpack_featured_media_url":"https:\/\/i0.wp.com\/www.o-p-i.fr\/parlonsen\/wp-content\/uploads\/logo_afr.jpg?fit=200%2C232&ssl=1","views":{"total":1,"cached_at":"","cached_date":1738530383},"jetpack_likes_enabled":true,"jetpack_sharing_enabled":true,"jetpack_shortlink":"https:\/\/wp.me\/pg7Wxj-gdP","jetpack-related-posts":[],"_links":{"self":[{"href":"https:\/\/www.o-p-i.fr\/parlonsen\/wp-json\/wp\/v2\/posts\/62361","targetHints":{"allow":["GET"]}}],"collection":[{"href":"https:\/\/www.o-p-i.fr\/parlonsen\/wp-json\/wp\/v2\/posts"}],"about":[{"href":"https:\/\/www.o-p-i.fr\/parlonsen\/wp-json\/wp\/v2\/types\/post"}],"author":[{"embeddable":true,"href":"https:\/\/www.o-p-i.fr\/parlonsen\/wp-json\/wp\/v2\/users\/4"}],"replies":[{"embeddable":true,"href":"https:\/\/www.o-p-i.fr\/parlonsen\/wp-json\/wp\/v2\/comments?post=62361"}],"version-history":[{"count":0,"href":"https:\/\/www.o-p-i.fr\/parlonsen\/wp-json\/wp\/v2\/posts\/62361\/revisions"}],"wp:featuredmedia":[{"embeddable":true,"href":"https:\/\/www.o-p-i.fr\/parlonsen\/wp-json\/wp\/v2\/media\/3980"}],"wp:attachment":[{"href":"https:\/\/www.o-p-i.fr\/parlonsen\/wp-json\/wp\/v2\/media?parent=62361"}],"wp:term":[{"taxonomy":"category","embeddable":true,"href":"https:\/\/www.o-p-i.fr\/parlonsen\/wp-json\/wp\/v2\/categories?post=62361"},{"taxonomy":"post_tag","embeddable":true,"href":"https:\/\/www.o-p-i.fr\/parlonsen\/wp-json\/wp\/v2\/tags?post=62361"}],"curies":[{"name":"wp","href":"https:\/\/api.w.org\/{rel}","templated":true}]}}