{"id":62371,"date":"2024-10-10T14:03:53","date_gmt":"2024-10-10T13:03:53","guid":{"rendered":"https:\/\/www.o-p-i.fr\/parlonsen\/?p=62371"},"modified":"2025-11-05T00:03:29","modified_gmt":"2025-11-04T23:03:29","slug":"danse-theatre-et-l-s-f-0-monclar-de-quercy-82","status":"publish","type":"post","link":"https:\/\/www.o-p-i.fr\/parlonsen\/localisation\/au-pays-des-tescous\/monclar\/danse-theatre-et-l-s-f-0-monclar-de-quercy-82\/","title":{"rendered":"Danse, th\u00e9\u00e2tre et L.S.F&#8230;.\u00e0 Monclar de Quercy (82)"},"content":{"rendered":"<p><strong>Vendredi 11\u00a0 octobre 2024,<\/strong> de 20h.30 \u00e0 22h., \u00e0 l&rsquo;aMICHEmin.<!--more--><\/p>\n<p><a href=\"https:\/\/www.o-p-i.fr\/parlonsen\/localisation\/monclar\/danse-theatre-et-l-s-f-0-monclar-de-quercy-82\/attachment\/michemin\/\" rel=\"attachment wp-att-62372\"><img data-recalc-dims=\"1\" loading=\"lazy\" decoding=\"async\" class=\"aligncenter size-full wp-image-62372\" src=\"https:\/\/i0.wp.com\/www.o-p-i.fr\/parlonsen\/wp-content\/uploads\/Michemin.jpg?resize=624%2C351&#038;ssl=1\" alt=\"\" width=\"624\" height=\"351\" srcset=\"https:\/\/i0.wp.com\/www.o-p-i.fr\/parlonsen\/wp-content\/uploads\/Michemin.jpg?w=624&amp;ssl=1 624w, https:\/\/i0.wp.com\/www.o-p-i.fr\/parlonsen\/wp-content\/uploads\/Michemin.jpg?resize=300%2C169&amp;ssl=1 300w, https:\/\/i0.wp.com\/www.o-p-i.fr\/parlonsen\/wp-content\/uploads\/Michemin.jpg?resize=400%2C225&amp;ssl=1 400w, https:\/\/i0.wp.com\/www.o-p-i.fr\/parlonsen\/wp-content\/uploads\/Michemin.jpg?resize=430%2C242&amp;ssl=1 430w, https:\/\/i0.wp.com\/www.o-p-i.fr\/parlonsen\/wp-content\/uploads\/Michemin.jpg?resize=150%2C84&amp;ssl=1 150w, https:\/\/i0.wp.com\/www.o-p-i.fr\/parlonsen\/wp-content\/uploads\/Michemin.jpg?resize=100%2C56&amp;ssl=1 100w\" sizes=\"auto, (max-width: 624px) 100vw, 624px\" \/><\/a><br \/>\nUn spectacle qui m\u00eale danse, th\u00e9\u00e2tre et LSF par la Compagnie Talanga\u00ef. J&rsquo;aime pas la danse, le Vendredi 11 Octobre 2024 \u00e0 20h30, \u00e0 l&rsquo;aMICHEmin.<\/p>\n<p>Une proph\u00e8te, pos\u00e9e l\u00e0, vous parlera de sa vision funeste pour l&rsquo;humanit\u00e9 et de l&rsquo;urgence du pr\u00e9sent. Dans un rituel aux allures d&rsquo;une comp\u00e9tition de gymnastique rythmique, les textes et la danse s&rsquo;enchev\u00eatrent. Face \u00e0 ce corps, plus tout \u00e0 fait humain, une question demeure : Comment empailler le dernier homme ?<\/p>\n<p>Un parall\u00e8le entre la disparition actuelle de nombreuses esp\u00e8ces animales et la disparition possible de l&rsquo;humanit\u00e9 due \u00e0 son activit\u00e9.<\/p>\n<p><strong>Adresse de l&rsquo;\u00e9v\u00e8nement:<\/strong><br \/>\nL&rsquo;aMICHEmin<br \/>\n1 avenue regain<br \/>\nMonclar de Quercy, 82230<br \/>\nLien internet vers votre \u00e9v\u00e8nement<br \/>\n<a href=\"https:\/\/www.lamichemin.fr\/event\/derniere-investiture\/\" target=\"_blank\" rel=\"noopener\">https:\/\/www.lamichemin.fr\/event\/derniere-investiture\/<\/a><\/p>\n<p>Participation au chapeau<br \/>\nOrganisateur de l&rsquo;\u00e9n\u00e8vement<br \/>\nL&rsquo;aMICHEmin<br \/>\nCourriel :\u00a0 <a href=\"mailto:lamichemin@proton.me\" target=\"_blank\" rel=\"noopener\">lamichemin@proton.me<\/a><\/p>\n<p><em>Information communiqu\u00e9e par L&rsquo;aMICHEmin<\/em><\/p>\n<p><a href=\"https:\/\/www.o-p-i.fr\/aupays\/au-pays\/agenda\/\">Retrouvez tous les \u00e9v\u00e9nements dans l&rsquo;agenda !<\/a><\/p>\n","protected":false},"excerpt":{"rendered":"<div class=\"mh-excerpt\">Vendredi 11\u00a0 octobre 2024, de 20h.30 \u00e0 22h., \u00e0 l&rsquo;aMICHEmin.<\/div>\n","protected":false},"author":4,"featured_media":56539,"comment_status":"open","ping_status":"open","sticky":false,"template":"","format":"standard","meta":{"om_disable_all_campaigns":false,"advanced_seo_description":"","jetpack_seo_html_title":"","jetpack_seo_noindex":false,"_jetpack_memberships_contains_paid_content":false,"footnotes":"","_links_to":"","_links_to_target":""},"categories":[52,16,54,6195],"tags":[57,84,143,5164,6259],"class_list":{"0":"post-62371","1":"post","2":"type-post","3":"status-publish","4":"format-standard","5":"has-post-thumbnail","7":"category-parlons-en","8":"category-monclar","9":"category-loisirs","10":"category-n-223-octobre-2024","11":"tag-theatre","12":"tag-danse","13":"tag-monclar-de-quercy","14":"tag-lamichemin","15":"tag-s4124"},"jetpack_featured_media_url":"https:\/\/i0.wp.com\/www.o-p-i.fr\/parlonsen\/wp-content\/uploads\/laMICHEmin.jpg?fit=198%2C120&ssl=1","views":{"total":2,"cached_at":"","cached_date":1738466748},"jetpack_likes_enabled":true,"jetpack_sharing_enabled":true,"jetpack_shortlink":"https:\/\/wp.me\/pg7Wxj-gdZ","jetpack-related-posts":[],"_links":{"self":[{"href":"https:\/\/www.o-p-i.fr\/parlonsen\/wp-json\/wp\/v2\/posts\/62371","targetHints":{"allow":["GET"]}}],"collection":[{"href":"https:\/\/www.o-p-i.fr\/parlonsen\/wp-json\/wp\/v2\/posts"}],"about":[{"href":"https:\/\/www.o-p-i.fr\/parlonsen\/wp-json\/wp\/v2\/types\/post"}],"author":[{"embeddable":true,"href":"https:\/\/www.o-p-i.fr\/parlonsen\/wp-json\/wp\/v2\/users\/4"}],"replies":[{"embeddable":true,"href":"https:\/\/www.o-p-i.fr\/parlonsen\/wp-json\/wp\/v2\/comments?post=62371"}],"version-history":[{"count":1,"href":"https:\/\/www.o-p-i.fr\/parlonsen\/wp-json\/wp\/v2\/posts\/62371\/revisions"}],"predecessor-version":[{"id":66838,"href":"https:\/\/www.o-p-i.fr\/parlonsen\/wp-json\/wp\/v2\/posts\/62371\/revisions\/66838"}],"wp:featuredmedia":[{"embeddable":true,"href":"https:\/\/www.o-p-i.fr\/parlonsen\/wp-json\/wp\/v2\/media\/56539"}],"wp:attachment":[{"href":"https:\/\/www.o-p-i.fr\/parlonsen\/wp-json\/wp\/v2\/media?parent=62371"}],"wp:term":[{"taxonomy":"category","embeddable":true,"href":"https:\/\/www.o-p-i.fr\/parlonsen\/wp-json\/wp\/v2\/categories?post=62371"},{"taxonomy":"post_tag","embeddable":true,"href":"https:\/\/www.o-p-i.fr\/parlonsen\/wp-json\/wp\/v2\/tags?post=62371"}],"curies":[{"name":"wp","href":"https:\/\/api.w.org\/{rel}","templated":true}]}}