{"id":6238,"date":"2011-01-05T19:37:01","date_gmt":"2011-01-05T17:37:01","guid":{"rendered":"\/parlonsen\/?p=6238"},"modified":"2011-01-05T19:37:01","modified_gmt":"2011-01-05T17:37:01","slug":"assemblee-generale-du-comite-des-fetes-a-saint-etienne-de-tulmont","status":"publish","type":"post","link":"https:\/\/www.o-p-i.fr\/parlonsen\/parlons-en\/culture\/assemblee-generale-du-comite-des-fetes-a-saint-etienne-de-tulmont\/","title":{"rendered":"Assembl\u00e9e g\u00e9n\u00e9rale du Comit\u00e9 des F\u00eates &#8230; \u00e0 Saint Etienne de Tulmont"},"content":{"rendered":"<p>L&rsquo;assembl\u00e9e g\u00e9n\u00e9rale du Comit\u00e9 des F\u00eates aura lieu<span style=\"color: #000080;\"><strong> lundi 17 janvier 2011 <\/strong><\/span>\u00e0 20h30 \u00e0 la salle de la Mairie de Saint \u00c9tienne de Tulmont. <!--more--><\/p>\n<p>Cette r\u00e9union est ouverte \u00e0 tous pour prendre connaissance du bilan et permettre \u00e0 ceux qui le souhaitent de rejoindre et renforcer le comit\u00e9.<\/p>\n<figure id=\"attachment_6239\" aria-describedby=\"caption-attachment-6239\" style=\"width: 450px\" class=\"wp-caption aligncenter\"><img data-recalc-dims=\"1\" loading=\"lazy\" decoding=\"async\" class=\"size-full wp-image-6239\" title=\"La f\u00eate, pour le bonheur des petits et des grands !\" src=\"https:\/\/i0.wp.com\/www.o-p-i.fr\/parlonsen\/wp-content\/uploads\/com_fete_st_etienne.jpg?resize=450%2C338&#038;ssl=1\" alt=\"La f\u00eate, pour le bonheur des petits et des grands !\" width=\"450\" height=\"338\" srcset=\"https:\/\/i0.wp.com\/www.o-p-i.fr\/parlonsen\/wp-content\/uploads\/com_fete_st_etienne.jpg?w=450&amp;ssl=1 450w, https:\/\/i0.wp.com\/www.o-p-i.fr\/parlonsen\/wp-content\/uploads\/com_fete_st_etienne.jpg?resize=300%2C225&amp;ssl=1 300w\" sizes=\"auto, (max-width: 450px) 100vw, 450px\" \/><figcaption id=\"caption-attachment-6239\" class=\"wp-caption-text\">La f\u00eate, pour le bonheur des petits et des grands !<\/figcaption><\/figure>\n<p><em>Communiqu\u00e9 et Photo : Robert Linas<\/em><\/p>\n<p><a href=\"https:\/\/www.o-p-i.fr\/parlonsen\/agenda\/\"><strong>Retrouvez tous les \u00e9v\u00e8nements dans l&rsquo;agenda !<\/strong><\/a><\/p>\n","protected":false},"excerpt":{"rendered":"<div class=\"mh-excerpt\">L&rsquo;assembl\u00e9e g\u00e9n\u00e9rale du Comit\u00e9 des F\u00eates aura lieu lundi 17 janvier 2011 \u00e0 20h30 \u00e0 la salle de la Mairie de Saint \u00c9tienne de Tulmont.<\/div>\n","protected":false},"author":2,"featured_media":0,"comment_status":"open","ping_status":"open","sticky":false,"template":"","format":"standard","meta":{"om_disable_all_campaigns":false,"advanced_seo_description":"","jetpack_seo_html_title":"","jetpack_seo_noindex":false,"_jetpack_memberships_contains_paid_content":false,"footnotes":"","_links_to":"","_links_to_target":""},"categories":[1,290,54,6,799],"tags":[145,203,236,773,803],"class_list":{"0":"post-6238","1":"post","2":"type-post","3":"status-publish","4":"format-standard","6":"category-culture","7":"category-entraide","8":"category-loisirs","9":"category-pratique","10":"category-n-57-janvier-2011","11":"tag-animation","12":"tag-saint-etienne-de-tulmont","13":"tag-reunion","14":"tag-village","15":"tag-comite-des-fetes"},"jetpack_featured_media_url":"","views":{"total":0,"cached_at":"","cached_date":1738516196},"jetpack_likes_enabled":true,"jetpack_sharing_enabled":true,"jetpack_shortlink":"https:\/\/wp.me\/pg7Wxj-1CC","jetpack-related-posts":[],"_links":{"self":[{"href":"https:\/\/www.o-p-i.fr\/parlonsen\/wp-json\/wp\/v2\/posts\/6238","targetHints":{"allow":["GET"]}}],"collection":[{"href":"https:\/\/www.o-p-i.fr\/parlonsen\/wp-json\/wp\/v2\/posts"}],"about":[{"href":"https:\/\/www.o-p-i.fr\/parlonsen\/wp-json\/wp\/v2\/types\/post"}],"author":[{"embeddable":true,"href":"https:\/\/www.o-p-i.fr\/parlonsen\/wp-json\/wp\/v2\/users\/2"}],"replies":[{"embeddable":true,"href":"https:\/\/www.o-p-i.fr\/parlonsen\/wp-json\/wp\/v2\/comments?post=6238"}],"version-history":[{"count":0,"href":"https:\/\/www.o-p-i.fr\/parlonsen\/wp-json\/wp\/v2\/posts\/6238\/revisions"}],"wp:attachment":[{"href":"https:\/\/www.o-p-i.fr\/parlonsen\/wp-json\/wp\/v2\/media?parent=6238"}],"wp:term":[{"taxonomy":"category","embeddable":true,"href":"https:\/\/www.o-p-i.fr\/parlonsen\/wp-json\/wp\/v2\/categories?post=6238"},{"taxonomy":"post_tag","embeddable":true,"href":"https:\/\/www.o-p-i.fr\/parlonsen\/wp-json\/wp\/v2\/tags?post=6238"}],"curies":[{"name":"wp","href":"https:\/\/api.w.org\/{rel}","templated":true}]}}