{"id":62380,"date":"2024-10-10T17:06:48","date_gmt":"2024-10-10T16:06:48","guid":{"rendered":"https:\/\/www.o-p-i.fr\/parlonsen\/?p=62380"},"modified":"2024-10-10T19:02:12","modified_gmt":"2024-10-10T18:02:12","slug":"pujllay-la-diablera-concert-a-cordes-sur-ciel-81","status":"publish","type":"post","link":"https:\/\/www.o-p-i.fr\/parlonsen\/localisation\/a-cote-de-chez-nous\/pujllay-la-diablera-concert-a-cordes-sur-ciel-81\/","title":{"rendered":"\u00ab\u00a0Pujllay-La-Diablera\u00a0\u00bb, concert &#8230;\u00e0 Cordes sur Ciel (81)"},"content":{"rendered":"<p><strong>Vendredi 1er novembre 2024<\/strong>, \u00e0 17h, Le Colombier. <!--more--><\/p>\n<h3 style=\"text-align: center;\"><a href=\"https:\/\/www.o-p-i.fr\/parlonsen\/localisation\/a-cote-de-chez-nous\/pujllay-la-diablera-concert-a-cordes-sur-ciel-81\/attachment\/pujllay\/\" rel=\"attachment wp-att-62382\"><img data-recalc-dims=\"1\" loading=\"lazy\" decoding=\"async\" class=\"size-full wp-image-62382 alignright\" src=\"https:\/\/i0.wp.com\/www.o-p-i.fr\/parlonsen\/wp-content\/uploads\/Pujllay.jpg?resize=425%2C261&#038;ssl=1\" alt=\"\" width=\"425\" height=\"261\" srcset=\"https:\/\/i0.wp.com\/www.o-p-i.fr\/parlonsen\/wp-content\/uploads\/Pujllay.jpg?w=425&amp;ssl=1 425w, https:\/\/i0.wp.com\/www.o-p-i.fr\/parlonsen\/wp-content\/uploads\/Pujllay.jpg?resize=300%2C184&amp;ssl=1 300w, https:\/\/i0.wp.com\/www.o-p-i.fr\/parlonsen\/wp-content\/uploads\/Pujllay.jpg?resize=400%2C246&amp;ssl=1 400w, https:\/\/i0.wp.com\/www.o-p-i.fr\/parlonsen\/wp-content\/uploads\/Pujllay.jpg?resize=150%2C92&amp;ssl=1 150w, https:\/\/i0.wp.com\/www.o-p-i.fr\/parlonsen\/wp-content\/uploads\/Pujllay.jpg?resize=100%2C61&amp;ssl=1 100w\" sizes=\"auto, (max-width: 425px) 100vw, 425px\" \/><\/a>PUJLLAY-LA-DIABLERIA<br \/>\npar La T\u00efpica Folkl\u00f2rica et la Compagnie Vertigo<\/h3>\n<p>Spectacle de sortie de r\u00e9sidence<\/p>\n<p>\u00ab On sait qu&rsquo;il est l\u00e0 ! On le sent&#8230; mais on ne le voit pas. On essaye de le nommer : Pujllay, Diablo, Salamanca&#8230; On croit le percevoir dans les masques de diable color\u00e9s qui r\u00e9veillent le carnaval ; il danse toute la nuit&#8230;<\/p>\n<p>On veut toujours le nommer, mais il s&rsquo;\u00e9chappe&#8230;Seules, la po\u00e9sie, la musique et la danse peuvent le toucher&#8230; \u00bb.<\/p>\n<p>Lanc\u00e9 en 2017 comme un projet de recherche musicale, l&rsquo;ensemble instrumental<strong> la Tipica Folkl\u00f2rica<\/strong> se propose d&rsquo;explorer le potentiel expressif de la formation tr\u00e8s traditionnelle de tango que l&rsquo;on nomme :\u00ab orquesta t\u00edpica \u00bb.<\/p>\n<p>En jouant de la connivence entre musiciens, couple de danseurs et com\u00e9dien, Pujllay nous invite \u00e0 la recherche de l&rsquo;esprit rural de la musique argentine, \u00e0 revisiter les racines rythmiques de la tradition m\u00e9tisse latino-am\u00e9ricaine, pour nous offrir une musique actuelle, vibrante et un spectacle ouvert \u00e0 toute forme d&rsquo;influences.<\/p>\n<ul>\n<li>Auteur : Alphonso Pacin<\/li>\n<li>Metteuse en sc\u00e8ne : Christine Roillet<\/li>\n<li><strong>Distribution<\/strong> : Alfonso Pacin : Arrangements, guitare, voix, violon, bombo<\/li>\n<li>Anne Mazeau : Piano | Santiago Quagliar elo : Contrebasse<\/li>\n<li>Jaime Flor\u00e9s, Elsa Sissia, Chlo\u00e9 Saitta : Violon<\/li>\n<li>Alexandre Peign\u00e9, Marie-Anne Faupin : Bandon\u00e9on.<\/li>\n<\/ul>\n<p>Tout public Dur\u00e9e : 1h<\/p>\n<p>Tarifs : 12 \u20ac &#8211; R\u00e9duit : 10 \u20ac &#8211; Enfant\/Ado : 4 \u20ac<\/p>\n<p><em>Information communiqu\u00e9e par Le Colombier<\/em><\/p>\n<p><a href=\"https:\/\/www.o-p-i.fr\/aupays\/au-pays\/agenda\/\">Retrouvez tous les \u00e9v\u00e9nements dans l&rsquo;agenda !<\/a><\/p>\n","protected":false},"excerpt":{"rendered":"<div class=\"mh-excerpt\">Vendredi 1er novembre 2024, \u00e0 17h, Le Colombier.<\/div>\n","protected":false},"author":4,"featured_media":54511,"comment_status":"open","ping_status":"open","sticky":false,"template":"","format":"standard","meta":{"om_disable_all_campaigns":false,"advanced_seo_description":"","jetpack_seo_html_title":"","jetpack_seo_noindex":false,"_jetpack_memberships_contains_paid_content":false,"footnotes":"","_links_to":"","_links_to_target":""},"categories":[52,42,54,6196],"tags":[2097,3055,6259],"class_list":{"0":"post-62380","1":"post","2":"type-post","3":"status-publish","4":"format-standard","5":"has-post-thumbnail","7":"category-parlons-en","8":"category-a-cote-de-chez-nous","9":"category-loisirs","10":"category-n-224-novembre-2024","11":"tag-cordes-sur-ciel","12":"tag-theatre-le-colombier","13":"tag-s4124"},"jetpack_featured_media_url":"https:\/\/i0.wp.com\/www.o-p-i.fr\/parlonsen\/wp-content\/uploads\/le-colombier-logo-1.jpg?fit=198%2C198&ssl=1","views":{"total":11,"cached_at":"","cached_date":1738505865},"jetpack_likes_enabled":true,"jetpack_sharing_enabled":true,"jetpack_shortlink":"https:\/\/wp.me\/pg7Wxj-ge8","jetpack-related-posts":[],"_links":{"self":[{"href":"https:\/\/www.o-p-i.fr\/parlonsen\/wp-json\/wp\/v2\/posts\/62380","targetHints":{"allow":["GET"]}}],"collection":[{"href":"https:\/\/www.o-p-i.fr\/parlonsen\/wp-json\/wp\/v2\/posts"}],"about":[{"href":"https:\/\/www.o-p-i.fr\/parlonsen\/wp-json\/wp\/v2\/types\/post"}],"author":[{"embeddable":true,"href":"https:\/\/www.o-p-i.fr\/parlonsen\/wp-json\/wp\/v2\/users\/4"}],"replies":[{"embeddable":true,"href":"https:\/\/www.o-p-i.fr\/parlonsen\/wp-json\/wp\/v2\/comments?post=62380"}],"version-history":[{"count":0,"href":"https:\/\/www.o-p-i.fr\/parlonsen\/wp-json\/wp\/v2\/posts\/62380\/revisions"}],"wp:featuredmedia":[{"embeddable":true,"href":"https:\/\/www.o-p-i.fr\/parlonsen\/wp-json\/wp\/v2\/media\/54511"}],"wp:attachment":[{"href":"https:\/\/www.o-p-i.fr\/parlonsen\/wp-json\/wp\/v2\/media?parent=62380"}],"wp:term":[{"taxonomy":"category","embeddable":true,"href":"https:\/\/www.o-p-i.fr\/parlonsen\/wp-json\/wp\/v2\/categories?post=62380"},{"taxonomy":"post_tag","embeddable":true,"href":"https:\/\/www.o-p-i.fr\/parlonsen\/wp-json\/wp\/v2\/tags?post=62380"}],"curies":[{"name":"wp","href":"https:\/\/api.w.org\/{rel}","templated":true}]}}