{"id":62479,"date":"2024-10-11T03:43:36","date_gmt":"2024-10-11T02:43:36","guid":{"rendered":"https:\/\/www.o-p-i.fr\/parlonsen\/?p=62479"},"modified":"2024-10-11T09:22:25","modified_gmt":"2024-10-11T08:22:25","slug":"parblex-spectacle-a-vaour-81","status":"publish","type":"post","link":"https:\/\/www.o-p-i.fr\/parlonsen\/localisation\/a-cote-de-chez-nous\/parblex-spectacle-a-vaour-81\/","title":{"rendered":"\u00ab\u00a0Parblex, spectacle &#8230;\u00e0 Vaour (81)"},"content":{"rendered":"<p><strong>Samedi 12 octobre 2024<\/strong>,\u00a0 \u00e0 20h30, Th\u00e9\u00e2tre de la Commanderie.<!--more--><\/p>\n<p>L&rsquo;Atelier Lefeuvre &amp; Andr\u00e9 est de retour \u00e0 Vaour ce samedi, \u00e0 20h30, au Th\u00e9\u00e2tre de la Commanderie ! Apr\u00e8s leur venue au festival en 2021 avec \u00ab\u00a0Parbleu\u00a0\u00bb, Didier Andr\u00e9 et Jean-Paul Lefeuvre reviennent \u00e0 Vaour, avec une variante de ce pr\u00e9c\u00e9dent spectacle : \u00ab\u00a0Parblex !\u00a0\u00bb. Cette repr\u00e9sentation s&rsquo;inscrit dans la tourn\u00e9e \u00ab\u00a0Au fil du Tarn\u00a0\u00bb de la Sc\u00e8ne Nationale d&rsquo;Albi. Pensez \u00e0 r\u00e9servez et \u00e0 nous rejoindre avant le spectacle pour profiter de la buvette et de la restauration sur place.<\/p>\n<p><a href=\"https:\/\/www.o-p-i.fr\/parlonsen\/localisation\/a-cote-de-chez-nous\/parblex-spectacle-a-vaour-81\/attachment\/parblex\/\" rel=\"attachment wp-att-62480\"><img data-recalc-dims=\"1\" loading=\"lazy\" decoding=\"async\" class=\"alignright size-full wp-image-62480\" src=\"https:\/\/i0.wp.com\/www.o-p-i.fr\/parlonsen\/wp-content\/uploads\/Parblex.jpg?resize=425%2C318&#038;ssl=1\" alt=\"\" width=\"425\" height=\"318\" srcset=\"https:\/\/i0.wp.com\/www.o-p-i.fr\/parlonsen\/wp-content\/uploads\/Parblex.jpg?w=425&amp;ssl=1 425w, https:\/\/i0.wp.com\/www.o-p-i.fr\/parlonsen\/wp-content\/uploads\/Parblex.jpg?resize=300%2C224&amp;ssl=1 300w, https:\/\/i0.wp.com\/www.o-p-i.fr\/parlonsen\/wp-content\/uploads\/Parblex.jpg?resize=400%2C299&amp;ssl=1 400w, https:\/\/i0.wp.com\/www.o-p-i.fr\/parlonsen\/wp-content\/uploads\/Parblex.jpg?resize=150%2C112&amp;ssl=1 150w, https:\/\/i0.wp.com\/www.o-p-i.fr\/parlonsen\/wp-content\/uploads\/Parblex.jpg?resize=100%2C75&amp;ssl=1 100w\" sizes=\"auto, (max-width: 425px) 100vw, 425px\" \/><\/a><\/p>\n<h3 style=\"text-align: center;\">PARBLEX !<\/h3>\n<p>ATELIER LEFEUVRE &amp; ANDR\u00c9<\/p>\n<p>En partenariat avec la Sc\u00e8ne Nationale d&rsquo;Albi dans le cadre de la tourn\u00e9e <strong>\u00ab\u00a0Au fil du Tarn\u00a0\u00bb<\/strong><br \/>\nAvec Parblex ! toutes les fantaisies sont permises \u00e0 condition qu&rsquo;elles s&rsquo;incarnent avec application. Se prendre au jeu sans se prendre au s\u00e9rieux, voil\u00e0 la plus p\u00e9rilleuse \u2013 et r\u00e9ussie ! \u2013 de leurs acrobaties.<\/p>\n<p>Cirque \/ D\u00e8s 7 ans \/ Dur\u00e9e : 45 min<\/p>\n<p>Buvette et restauration (sur place ou \u00e0 emporter)<\/p>\n<p>TARIFS : 10\u20ac \/ 8\u20ac (- de 15 ans)<\/p>\n<p>R\u00e9servation sur <a href=\"http:\/\/billetterie.festik.net\/saison-etedevaour\/\" target=\"_blank\" rel=\"noopener\">billetterie.festik.net\/saison-etedevaour\/<\/a> ou sur <a href=\"http:\/\/www.sn-albi.fr\" target=\"_blank\" rel=\"noopener\">www.sn-albi.fr<\/a><\/p>\n<p><em>Information communiqu\u00e9e par \u00ab\u00a0L&rsquo;Et\u00e9 de Vaour\u00a0\u00bb<\/em><\/p>\n<p><a href=\"https:\/\/www.o-p-i.fr\/aupays\/au-pays\/agenda\/\">Retrouvez tous les \u00e9v\u00e9nements dans l&rsquo;agenda !<\/a><\/p>\n","protected":false},"excerpt":{"rendered":"<div class=\"mh-excerpt\">Samedi 12 octobre 2024,\u00a0 \u00e0 20h30, Th\u00e9\u00e2tre de la Commanderie.<\/div>\n","protected":false},"author":4,"featured_media":57918,"comment_status":"open","ping_status":"open","sticky":false,"template":"","format":"standard","meta":{"om_disable_all_campaigns":false,"advanced_seo_description":"","jetpack_seo_html_title":"","jetpack_seo_noindex":false,"_jetpack_memberships_contains_paid_content":false,"footnotes":"","_links_to":"","_links_to_target":""},"categories":[52,42,54,6195],"tags":[3210,6259],"class_list":{"0":"post-62479","1":"post","2":"type-post","3":"status-publish","4":"format-standard","5":"has-post-thumbnail","7":"category-parlons-en","8":"category-a-cote-de-chez-nous","9":"category-loisirs","10":"category-n-223-octobre-2024","11":"tag-lete-de-vaour","12":"tag-s4124"},"jetpack_featured_media_url":"https:\/\/i0.wp.com\/www.o-p-i.fr\/parlonsen\/wp-content\/uploads\/Ete-de-Vaour-logo.jpg?fit=283%2C149&ssl=1","views":{"total":0,"cached_at":"","cached_date":1738360153},"jetpack_likes_enabled":true,"jetpack_sharing_enabled":true,"jetpack_shortlink":"https:\/\/wp.me\/pg7Wxj-gfJ","jetpack-related-posts":[],"_links":{"self":[{"href":"https:\/\/www.o-p-i.fr\/parlonsen\/wp-json\/wp\/v2\/posts\/62479","targetHints":{"allow":["GET"]}}],"collection":[{"href":"https:\/\/www.o-p-i.fr\/parlonsen\/wp-json\/wp\/v2\/posts"}],"about":[{"href":"https:\/\/www.o-p-i.fr\/parlonsen\/wp-json\/wp\/v2\/types\/post"}],"author":[{"embeddable":true,"href":"https:\/\/www.o-p-i.fr\/parlonsen\/wp-json\/wp\/v2\/users\/4"}],"replies":[{"embeddable":true,"href":"https:\/\/www.o-p-i.fr\/parlonsen\/wp-json\/wp\/v2\/comments?post=62479"}],"version-history":[{"count":0,"href":"https:\/\/www.o-p-i.fr\/parlonsen\/wp-json\/wp\/v2\/posts\/62479\/revisions"}],"wp:featuredmedia":[{"embeddable":true,"href":"https:\/\/www.o-p-i.fr\/parlonsen\/wp-json\/wp\/v2\/media\/57918"}],"wp:attachment":[{"href":"https:\/\/www.o-p-i.fr\/parlonsen\/wp-json\/wp\/v2\/media?parent=62479"}],"wp:term":[{"taxonomy":"category","embeddable":true,"href":"https:\/\/www.o-p-i.fr\/parlonsen\/wp-json\/wp\/v2\/categories?post=62479"},{"taxonomy":"post_tag","embeddable":true,"href":"https:\/\/www.o-p-i.fr\/parlonsen\/wp-json\/wp\/v2\/tags?post=62479"}],"curies":[{"name":"wp","href":"https:\/\/api.w.org\/{rel}","templated":true}]}}