{"id":62537,"date":"2024-10-17T12:30:55","date_gmt":"2024-10-17T10:30:55","guid":{"rendered":"https:\/\/www.o-p-i.fr\/parlonsen\/?p=62537"},"modified":"2025-11-16T02:11:29","modified_gmt":"2025-11-16T01:11:29","slug":"mathias-rollot-ce-quon-napprend-pas-en-ecole-darchitecture","status":"publish","type":"post","link":"https:\/\/www.o-p-i.fr\/parlonsen\/et-si-on-en-parlait\/mathias-rollot-ce-quon-napprend-pas-en-ecole-darchitecture\/","title":{"rendered":"Mathias Rollot <i class=\"fa-solid fa-film\"><\/i>  Ce qu&rsquo;on n&rsquo;apprend pas en Ecole d&rsquo;Architecture"},"content":{"rendered":"<div id=\"pl-62537\"  class=\"panel-layout\" ><div id=\"pg-62537-0\"  class=\"panel-grid panel-no-style\" ><div id=\"pgc-62537-0-0\"  class=\"panel-grid-cell\" ><div id=\"panel-62537-0-0-0\" class=\"widget_text so-panel widget widget_custom_html panel-first-child widgetopts-SO\" data-index=\"0\" ><div class=\"textwidget custom-html-widget\"><p>\n\tLes contraintes environnementales de l'urbanisation.\n<\/p>\n<p>\n\tSi l\u2019architecture, l\u2019urbanisation et notre moyen d\u2019habiter la Terre sont \u00e0 la source d\u2019une grande partie de la destruction du vivant et des relations sociales, existe-t-il un moyen de r\u00e9att\u00e9rir et de revivre \u00e0 l\u2019int\u00e9rieur des limites plan\u00e9taires et naturelles de nos territoires ? Et si oui, \u00e0 quoi pourrait ressembler ces territoires ? <\/p>\n<p>\n\tEntretien r\u00e9alis\u00e9 et publi\u00e9 par la chaine Youtube <a href=\"https:\/\/www.youtube.com\/playlist?list=PLmY7ft2HM553nKbpUUoDIlGRxlGRsMQEt\" title=\"_blanck\">Circular Metabolism Podcast.<\/a>\n<\/p><\/div><\/div><div id=\"panel-62537-0-0-1\" class=\"so-panel widget widget_sow-video panel-last-child widgetopts-SO\" data-index=\"1\" ><div\n\t\t\t\n\t\t\tclass=\"so-widget-sow-video so-widget-sow-video-default-c08170c47cfb-62537\"\n\t\t\t\n\t\t>\n<div class=\"sow-video-wrapper\n\">\n\t\t\t<iframe loading=\"lazy\" title=\"Les Bior\u00e9gions : un Nouveau Projet d&#039;Habiter la Terre - Mathias Rollot\" width=\"640\" height=\"360\" src=\"https:\/\/www.youtube.com\/embed\/g5MScdXCBU0?feature=oembed&enablejsapi=1\" frameborder=\"0\" allow=\"accelerometer; autoplay; clipboard-write; encrypted-media; gyroscope; picture-in-picture; web-share\" referrerpolicy=\"strict-origin-when-cross-origin\" allowfullscreen allowfullscreen mozallowfullscreen webkitallowfullscreen sandbox=\"allow-scripts allow-same-origin allow-presentation\"><\/iframe>\t<\/div>\n<\/div><\/div><\/div><\/div><\/div>","protected":false},"excerpt":{"rendered":"<div class=\"mh-excerpt\">Les contraintes environnementales de l&rsquo;urbanisation. Si l\u2019architecture, l\u2019urbanisation et notre moyen d\u2019habiter la Terre sont \u00e0 la source d\u2019une grande partie de la destruction du vivant et des relations sociales, existe-t-il un moyen de r\u00e9att\u00e9rir <a class=\"mh-excerpt-more\" href=\"https:\/\/www.o-p-i.fr\/parlonsen\/et-si-on-en-parlait\/mathias-rollot-ce-quon-napprend-pas-en-ecole-darchitecture\/\" title=\"Mathias Rollot   Ce qu&rsquo;on n&rsquo;apprend pas en Ecole d&rsquo;Architecture\">[&#8230;]<\/a><\/div>\n","protected":false},"author":9,"featured_media":62539,"comment_status":"open","ping_status":"open","sticky":false,"template":"","format":"standard","meta":{"om_disable_all_campaigns":false,"advanced_seo_description":"","jetpack_seo_html_title":"","jetpack_seo_noindex":false,"_jetpack_memberships_contains_paid_content":false,"footnotes":"","_links_to":"","_links_to_target":""},"categories":[6011],"tags":[],"class_list":{"0":"post-62537","1":"post","2":"type-post","3":"status-publish","4":"format-standard","5":"has-post-thumbnail","7":"category-et-si-on-en-parlait"},"jetpack_featured_media_url":"https:\/\/i0.wp.com\/www.o-p-i.fr\/parlonsen\/wp-content\/uploads\/mathias-rollot-bioregions.png?fit=679%2C380&ssl=1","views":{"total":2,"cached_at":"","cached_date":1738486322},"jetpack_likes_enabled":true,"jetpack_sharing_enabled":true,"jetpack_shortlink":"https:\/\/wp.me\/pg7Wxj-ggF","jetpack-related-posts":[],"_links":{"self":[{"href":"https:\/\/www.o-p-i.fr\/parlonsen\/wp-json\/wp\/v2\/posts\/62537","targetHints":{"allow":["GET"]}}],"collection":[{"href":"https:\/\/www.o-p-i.fr\/parlonsen\/wp-json\/wp\/v2\/posts"}],"about":[{"href":"https:\/\/www.o-p-i.fr\/parlonsen\/wp-json\/wp\/v2\/types\/post"}],"author":[{"embeddable":true,"href":"https:\/\/www.o-p-i.fr\/parlonsen\/wp-json\/wp\/v2\/users\/9"}],"replies":[{"embeddable":true,"href":"https:\/\/www.o-p-i.fr\/parlonsen\/wp-json\/wp\/v2\/comments?post=62537"}],"version-history":[{"count":1,"href":"https:\/\/www.o-p-i.fr\/parlonsen\/wp-json\/wp\/v2\/posts\/62537\/revisions"}],"predecessor-version":[{"id":67635,"href":"https:\/\/www.o-p-i.fr\/parlonsen\/wp-json\/wp\/v2\/posts\/62537\/revisions\/67635"}],"wp:featuredmedia":[{"embeddable":true,"href":"https:\/\/www.o-p-i.fr\/parlonsen\/wp-json\/wp\/v2\/media\/62539"}],"wp:attachment":[{"href":"https:\/\/www.o-p-i.fr\/parlonsen\/wp-json\/wp\/v2\/media?parent=62537"}],"wp:term":[{"taxonomy":"category","embeddable":true,"href":"https:\/\/www.o-p-i.fr\/parlonsen\/wp-json\/wp\/v2\/categories?post=62537"},{"taxonomy":"post_tag","embeddable":true,"href":"https:\/\/www.o-p-i.fr\/parlonsen\/wp-json\/wp\/v2\/tags?post=62537"}],"curies":[{"name":"wp","href":"https:\/\/api.w.org\/{rel}","templated":true}]}}