{"id":62636,"date":"2024-10-16T17:45:52","date_gmt":"2024-10-16T16:45:52","guid":{"rendered":"https:\/\/www.o-p-i.fr\/parlonsen\/?p=62636"},"modified":"2024-10-16T18:17:55","modified_gmt":"2024-10-16T17:17:55","slug":"sivens-10-ans-apres-a-lisle-sur-tarn-81","status":"publish","type":"post","link":"https:\/\/www.o-p-i.fr\/parlonsen\/localisation\/a-cote-de-chez-nous\/sivens-10-ans-apres-a-lisle-sur-tarn-81\/","title":{"rendered":"Sivens 10 ans apr\u00e8s&#8230; \u00e0 Lisle sur Tarn (81)"},"content":{"rendered":"<p><strong>Samedi 26 octobre 2024<\/strong> \u00e0 10h, \u00e0 la maison foresti\u00e8re.<!--more--><\/p>\n<p>Lieu :Lisle sur Tarn<br \/>\nMaison Foresti\u00e8re de Sivens<br \/>\nLa Jasse<br \/>\n81310 Lisle-sur-Tarn<\/p>\n<h3 style=\"text-align: center;\">SIVENS, 10 ANS APR\u00c8S<br \/>\nPOUR LA DEFENSE DE LA ZONE HUMIDE DU TESTET ET DU VIVANT.<\/h3>\n<p>Autour des luttes pour le partage de l&rsquo;eau, contre l&rsquo;accaparement des terres et les violences polici\u00e8res, soyons nombreux et nombreuses \u00e0 nous rassembler le 26 octobre pour nous souvenir et rendre hommage \u00e0 toutes celles et ceux qui se battent pour une terre vivable.<\/p>\n<p>Programme :<\/p>\n<p>10h00 : Atelier chant Ai mam\u00e0<br \/>\n10h00 et 11h30 : Balades m\u00e9morielle et naturaliste<br \/>\n12h00 : Repas partag\u00e9 sorti du sac<br \/>\n14h00 : Prises de paroles des collectifs et associations en lutte<br \/>\nd\u00e8s 15h30 :<br \/>\n&#8211; Marche sur la zone humide du Testet, lieu de r\u00e9sistance<br \/>\nau barrage et de l&rsquo;homicide de R\u00e9mi Fraisse<br \/>\n&#8211; Cha\u00eene humaine, le long de l&rsquo;ancienne Zad du Testet<br \/>\n&#8211; Mur d&rsquo;expression : apportez votre message \u00e0 accrocher<br \/>\n&#8211; T\u00e9moignages des r\u00e9sistant.e.s de la lutte<br \/>\n+ soir\u00e9e festive de soutien aux luttes<br \/>\nInfos et inscription : <a href=\"mailto:sivens10ans@proton.me\" target=\"_blank\" rel=\"noopener\">sivens10ans@proton.me<\/a>\u00a0 <span style=\"color: #ff0000;\">(attention, places limit\u00e9es)<\/span>.<\/p>\n<p>Pour celles et ceux qui viennent en d\u00e9part group\u00e9 et covoiturage, rdv \u00e0 11H00 \u00e0 Gaillac devant la brasserie Chez Fernand, zone Piquerouge.<br \/>\nSi tu as pr\u00e9vu d&rsquo;organiser un \u00e9v\u00e9nement pour comm\u00e9morer les 10 ans de la lutte de Sivens, on peut le faire savoir sur nos r\u00e9seaux, contacte-nous : sivens10ans@proton.me<\/p>\n<p><em>Information communiqu\u00e9e par \u00ab\u00a0Le Collectif Sivens 10 ans\u00a0\u00bb<\/em><\/p>\n<p><a href=\"https:\/\/www.o-p-i.fr\/aupays\/au-pays\/agenda\/\">Retrouvez tous les \u00e9v\u00e9nements dans l&rsquo;agenda !<\/a><\/p>\n","protected":false},"excerpt":{"rendered":"<div class=\"mh-excerpt\">Samedi 26 octobre 2024 \u00e0 10h, \u00e0 la maison foresti\u00e8re.<\/div>\n","protected":false},"author":4,"featured_media":62645,"comment_status":"open","ping_status":"open","sticky":false,"template":"","format":"standard","meta":{"om_disable_all_campaigns":false,"advanced_seo_description":"","jetpack_seo_html_title":"","jetpack_seo_noindex":false,"_jetpack_memberships_contains_paid_content":false,"footnotes":"","_links_to":"","_links_to_target":""},"categories":[52,42,55,6195],"tags":[77,302,6261],"class_list":{"0":"post-62636","1":"post","2":"type-post","3":"status-publish","4":"format-standard","5":"has-post-thumbnail","7":"category-parlons-en","8":"category-a-cote-de-chez-nous","9":"category-environnement","10":"category-n-223-octobre-2024","11":"tag-lisle-sur-tarn","12":"tag-sivens","13":"tag-s4224"},"jetpack_featured_media_url":"https:\/\/i0.wp.com\/www.o-p-i.fr\/parlonsen\/wp-content\/uploads\/sivens-LOGO.jpg?fit=283%2C241&ssl=1","views":{"total":7,"cached_at":"","cached_date":1738256471},"jetpack_likes_enabled":true,"jetpack_sharing_enabled":true,"jetpack_shortlink":"https:\/\/wp.me\/pg7Wxj-gig","jetpack-related-posts":[],"_links":{"self":[{"href":"https:\/\/www.o-p-i.fr\/parlonsen\/wp-json\/wp\/v2\/posts\/62636","targetHints":{"allow":["GET"]}}],"collection":[{"href":"https:\/\/www.o-p-i.fr\/parlonsen\/wp-json\/wp\/v2\/posts"}],"about":[{"href":"https:\/\/www.o-p-i.fr\/parlonsen\/wp-json\/wp\/v2\/types\/post"}],"author":[{"embeddable":true,"href":"https:\/\/www.o-p-i.fr\/parlonsen\/wp-json\/wp\/v2\/users\/4"}],"replies":[{"embeddable":true,"href":"https:\/\/www.o-p-i.fr\/parlonsen\/wp-json\/wp\/v2\/comments?post=62636"}],"version-history":[{"count":0,"href":"https:\/\/www.o-p-i.fr\/parlonsen\/wp-json\/wp\/v2\/posts\/62636\/revisions"}],"wp:featuredmedia":[{"embeddable":true,"href":"https:\/\/www.o-p-i.fr\/parlonsen\/wp-json\/wp\/v2\/media\/62645"}],"wp:attachment":[{"href":"https:\/\/www.o-p-i.fr\/parlonsen\/wp-json\/wp\/v2\/media?parent=62636"}],"wp:term":[{"taxonomy":"category","embeddable":true,"href":"https:\/\/www.o-p-i.fr\/parlonsen\/wp-json\/wp\/v2\/categories?post=62636"},{"taxonomy":"post_tag","embeddable":true,"href":"https:\/\/www.o-p-i.fr\/parlonsen\/wp-json\/wp\/v2\/tags?post=62636"}],"curies":[{"name":"wp","href":"https:\/\/api.w.org\/{rel}","templated":true}]}}