{"id":62653,"date":"2024-10-17T09:25:03","date_gmt":"2024-10-17T08:25:03","guid":{"rendered":"https:\/\/www.o-p-i.fr\/parlonsen\/?p=62653"},"modified":"2024-11-05T17:53:55","modified_gmt":"2024-11-05T16:53:55","slug":"le-cirque-enchante-de-noel-a-montauban-82","status":"publish","type":"post","link":"https:\/\/www.o-p-i.fr\/parlonsen\/localisation\/a-cote-de-chez-nous\/le-cirque-enchante-de-noel-a-montauban-82\/","title":{"rendered":"\u00ab\u00a0Le cirque enchant\u00e9 de No\u00ebl\u00a0\u00bb&#8230;\u00e0 Montauban (82)"},"content":{"rendered":"<p><strong>Dimanche 10 novembre 2024<\/strong>, de 10h. \u00e0 11h., th\u00e9\u00e2tre de l&rsquo;Embellie. <!--more--><\/p>\n<p><a href=\"https:\/\/www.o-p-i.fr\/parlonsen\/localisation\/a-cote-de-chez-nous\/le-cirque-enchante-de-noel-a-montauban-82\/attachment\/cirque-enchante\/\" rel=\"attachment wp-att-62655\"><img data-recalc-dims=\"1\" loading=\"lazy\" decoding=\"async\" class=\"alignright size-full wp-image-62655\" src=\"https:\/\/i0.wp.com\/www.o-p-i.fr\/parlonsen\/wp-content\/uploads\/cirque-enchante.jpg?resize=425%2C425&#038;ssl=1\" alt=\"\" width=\"425\" height=\"425\" srcset=\"https:\/\/i0.wp.com\/www.o-p-i.fr\/parlonsen\/wp-content\/uploads\/cirque-enchante.jpg?w=425&amp;ssl=1 425w, https:\/\/i0.wp.com\/www.o-p-i.fr\/parlonsen\/wp-content\/uploads\/cirque-enchante.jpg?resize=300%2C300&amp;ssl=1 300w, https:\/\/i0.wp.com\/www.o-p-i.fr\/parlonsen\/wp-content\/uploads\/cirque-enchante.jpg?resize=50%2C50&amp;ssl=1 50w, https:\/\/i0.wp.com\/www.o-p-i.fr\/parlonsen\/wp-content\/uploads\/cirque-enchante.jpg?resize=400%2C400&amp;ssl=1 400w, https:\/\/i0.wp.com\/www.o-p-i.fr\/parlonsen\/wp-content\/uploads\/cirque-enchante.jpg?resize=150%2C150&amp;ssl=1 150w, https:\/\/i0.wp.com\/www.o-p-i.fr\/parlonsen\/wp-content\/uploads\/cirque-enchante.jpg?resize=100%2C100&amp;ssl=1 100w, https:\/\/i0.wp.com\/www.o-p-i.fr\/parlonsen\/wp-content\/uploads\/cirque-enchante.jpg?resize=375%2C375&amp;ssl=1 375w\" sizes=\"auto, (max-width: 425px) 100vw, 425px\" \/><\/a><br \/>\nCette ann\u00e9e les artistes quittent le chapiteau pour prendre des vacances ! Tous sauf&#8230; La malicieuse Mademoiselle Loyale&#8230; Elle rallume la piste et nous invite \u00e0 visiter en chansons les coulisses du cirque&#8230; Mais rien ne se passe comme pr\u00e9vu ! Les couleurs du clown disparaissent, le chapeau et la baguette du magicien s&#8217;emballent, les pommes d&rsquo;amour s&rsquo;envolent et le num\u00e9ro du funambule ne tient qu&rsquo;\u00e0 un fil ! Sans compter l&rsquo;intervention du singe farceur qui exige de lib\u00e9rer les animaux pour les vacances ! Et si le cirque \u00e9tait enchant\u00e9 ? Ce spectacle est tr\u00e8s interactif et dynamique, la participation de l&rsquo;enfant est souvent recherch\u00e9e !<\/p>\n<p>Adresse de l&rsquo;\u00e9v\u00e8nement<br \/>\nTh\u00e9\u00e2tre de l&rsquo;Embellie<br \/>\n828 avenue de Bordeaux, 82000 Montauban<\/p>\n<p>Tarif principal 8\u20ac Adultes Plein tarif<br \/>\nTarif r\u00e9duit &#8211; 6\u20ac Enfants-Adultes tarif r\u00e9duit<\/p>\n<p><strong>Organisateur de l&rsquo;\u00e9n\u00e8vement<\/strong><br \/>\nTh\u00e9\u00e2tre de l&rsquo;Embellie<br \/>\nT\u00e9l\u00e9phone : 05 63 91 96 20<br \/>\nCourriel : <a href=\"mailto:embellie82@gmail.com\">embellie82@gmail.com<\/a><\/p>\n<p>Chantal Beghin<br \/>\nembellie82@gmail.com<\/p>\n<p><em>Information communiqu\u00e9e par Chantal BEGHIN<\/em><\/p>\n<p><a href=\"https:\/\/www.o-p-i.fr\/aupays\/au-pays\/agenda\/\">Retrouvez tous les \u00e9v\u00e9nements dans l&rsquo;agenda !<\/a><\/p>\n<p>&nbsp;<\/p>\n","protected":false},"excerpt":{"rendered":"<div class=\"mh-excerpt\">Dimanche 10 novembre 2024, de 10h. \u00e0 11h., th\u00e9\u00e2tre de l&rsquo;Embellie.<\/div>\n","protected":false},"author":4,"featured_media":18509,"comment_status":"open","ping_status":"open","sticky":false,"template":"","format":"standard","meta":{"om_disable_all_campaigns":false,"advanced_seo_description":"","jetpack_seo_html_title":"","jetpack_seo_noindex":false,"_jetpack_memberships_contains_paid_content":false,"footnotes":"","_links_to":"","_links_to_target":""},"categories":[52,42,54,6196],"tags":[99,2736,6279],"class_list":{"0":"post-62653","1":"post","2":"type-post","3":"status-publish","4":"format-standard","5":"has-post-thumbnail","7":"category-parlons-en","8":"category-a-cote-de-chez-nous","9":"category-loisirs","10":"category-n-224-novembre-2024","11":"tag-montauban","12":"tag-theatre-de-lembellie","13":"tag-s4524"},"jetpack_featured_media_url":"https:\/\/i0.wp.com\/www.o-p-i.fr\/parlonsen\/wp-content\/uploads\/theatredelembellie.jpg?fit=600%2C220&ssl=1","views":{"total":10,"cached_at":"","cached_date":1738468590},"jetpack_likes_enabled":true,"jetpack_sharing_enabled":true,"jetpack_shortlink":"https:\/\/wp.me\/pg7Wxj-gix","jetpack-related-posts":[],"_links":{"self":[{"href":"https:\/\/www.o-p-i.fr\/parlonsen\/wp-json\/wp\/v2\/posts\/62653","targetHints":{"allow":["GET"]}}],"collection":[{"href":"https:\/\/www.o-p-i.fr\/parlonsen\/wp-json\/wp\/v2\/posts"}],"about":[{"href":"https:\/\/www.o-p-i.fr\/parlonsen\/wp-json\/wp\/v2\/types\/post"}],"author":[{"embeddable":true,"href":"https:\/\/www.o-p-i.fr\/parlonsen\/wp-json\/wp\/v2\/users\/4"}],"replies":[{"embeddable":true,"href":"https:\/\/www.o-p-i.fr\/parlonsen\/wp-json\/wp\/v2\/comments?post=62653"}],"version-history":[{"count":0,"href":"https:\/\/www.o-p-i.fr\/parlonsen\/wp-json\/wp\/v2\/posts\/62653\/revisions"}],"wp:featuredmedia":[{"embeddable":true,"href":"https:\/\/www.o-p-i.fr\/parlonsen\/wp-json\/wp\/v2\/media\/18509"}],"wp:attachment":[{"href":"https:\/\/www.o-p-i.fr\/parlonsen\/wp-json\/wp\/v2\/media?parent=62653"}],"wp:term":[{"taxonomy":"category","embeddable":true,"href":"https:\/\/www.o-p-i.fr\/parlonsen\/wp-json\/wp\/v2\/categories?post=62653"},{"taxonomy":"post_tag","embeddable":true,"href":"https:\/\/www.o-p-i.fr\/parlonsen\/wp-json\/wp\/v2\/tags?post=62653"}],"curies":[{"name":"wp","href":"https:\/\/api.w.org\/{rel}","templated":true}]}}