{"id":6269,"date":"2011-01-07T22:09:26","date_gmt":"2011-01-07T20:09:26","guid":{"rendered":"\/parlonsen\/?p=6269"},"modified":"2011-01-25T11:29:02","modified_gmt":"2011-01-25T09:29:02","slug":"tauriac-cafe-%e2%80%a6-programmation-de-janvier-2011","status":"publish","type":"post","link":"https:\/\/www.o-p-i.fr\/parlonsen\/parlons-en\/culture\/tauriac-cafe-%e2%80%a6-programmation-de-janvier-2011\/","title":{"rendered":"Tauriac Caf\u00e9 \u2026 Programmation de Janvier 2011"},"content":{"rendered":"<p style=\"text-align: justify;\">Le mois de janvier est souvent associ\u00e9 \u00e0 de nouveaux projets, \u00e0 de nouvelles r\u00e9solutions et le Taurac Caf\u00e9 met en place lui aussi des choses nouvelles <!--more-->: un site propre est en train de se peaufiner, c&rsquo;est une association qui va s&rsquo;occuper de toute la partie programmation et animation tout cela avec votre aide et votre participation afin de p\u00e9renniser un travail ma foi bien parti&#8230; mais nous en reparlerons.<br \/>\nCe vendredi une soir\u00e9e bien Jazzy avec les amis de JPaul autour de son Ibanez afin de concocter les versions les plus originales des Standarts Jazzy, un weekend de remise en \u00e9tat g\u00e9n\u00e9ral du lieu et des personnes suivi de la premi\u00e8re \u00ab\u00a0soir\u00e9e des anglais\u00a0\u00bb et un magnifique concert de rock authentique&#8230; et 2011 et parti&#8230;<\/p>\n<p style=\"text-align: justify;\"><span style=\"color: #003366;\"><strong>Vendredi 7 Janvier 2011<\/strong><\/span><br \/>\nTauriac Jazz Orchestra<br \/>\nMusiciens issus d\u2019horizons divers ils se retrouvent pour faire partager leur passion du Jazz\u2026.<\/p>\n<p style=\"text-align: justify;\"><span style=\"color: #003366;\"><strong>Jeudi 20 Janvier 2011<\/strong><\/span><br \/>\nFolk Club Anglais \u00e0 20h<br \/>\nNew Line Up<br \/>\nLuann-Kay-Stuart-JeanPaul-Geoff-Roger-Herv\u00e9 &amp; Ken vous invitent pour une soir\u00e9e conviviale et musicale.<\/p>\n<p style=\"text-align: justify;\"><span style=\"color: #003366;\"><strong>Vendredi 21 Janvier 2011<\/strong><\/span><br \/>\nRock des Ann\u00e9es 80<br \/>\n\u00abLes Nouveaux N\u00e9s \u00bb<br \/>\nConcert live<\/p>\n<p style=\"text-align: justify;\">Exposition \u00ab<a title=\"Cliquez pour ouvrir la fiche dans l'annuaire d'OPI\" href=\"https:\/\/www.o-p-i.fr\/aupays\/annuaire\/art\/sabfoto\/\" target=\"_self\">Il \u00e9tait une fois \u2026 Sabine<\/a>\u00bb toujours sur nos murs !<\/p>\n<blockquote style=\"text-align: justify;\">\n<p style=\"text-align: justify;\">ARSENE (Asso loi 1901 BO de d\u00e9cembre 1994 n\u00b01968) prend le relais et s\u2019occupera dor\u00e9navant de l\u2019animation de l\u2019\u00e9tablissement. Vous pouvez prendre contact pour informations et adh\u00e9sions aupr\u00e8s de Jean-Paul.<\/p>\n<\/blockquote>\n<p style=\"text-align: justify;\"><em>Communiqu\u00e9 du <a title=\"En savoir +\" href=\"https:\/\/www.o-p-i.fr\/aupays\/annuaire\/bar-cafe\/tauriac-cafe\/\" target=\"_self\">Tauriac Caf\u00e9<\/a><\/em><\/p>\n","protected":false},"excerpt":{"rendered":"<div class=\"mh-excerpt\">Le mois de janvier est souvent associ\u00e9 \u00e0 de nouveaux projets, \u00e0 de nouvelles r\u00e9solutions et le Taurac Caf\u00e9 met en place lui aussi des choses nouvelles<\/div>\n","protected":false},"author":2,"featured_media":0,"comment_status":"open","ping_status":"open","sticky":false,"template":"","format":"standard","meta":{"om_disable_all_campaigns":false,"advanced_seo_description":"","jetpack_seo_html_title":"","jetpack_seo_noindex":false,"_jetpack_memberships_contains_paid_content":false,"footnotes":"","_links_to":"","_links_to_target":""},"categories":[1,54,21,799],"tags":[43,172,2546,583],"class_list":{"0":"post-6269","1":"post","2":"type-post","3":"status-publish","4":"format-standard","6":"category-culture","7":"category-loisirs","8":"category-tauriac","9":"category-n-57-janvier-2011","10":"tag-concert","11":"tag-exposition","12":"tag-tauriac","13":"tag-tauriac-cafe"},"jetpack_featured_media_url":"","views":{"total":3,"cached_at":"","cached_date":1738516245},"jetpack_likes_enabled":true,"jetpack_sharing_enabled":true,"jetpack_shortlink":"https:\/\/wp.me\/pg7Wxj-1D7","jetpack-related-posts":[],"_links":{"self":[{"href":"https:\/\/www.o-p-i.fr\/parlonsen\/wp-json\/wp\/v2\/posts\/6269","targetHints":{"allow":["GET"]}}],"collection":[{"href":"https:\/\/www.o-p-i.fr\/parlonsen\/wp-json\/wp\/v2\/posts"}],"about":[{"href":"https:\/\/www.o-p-i.fr\/parlonsen\/wp-json\/wp\/v2\/types\/post"}],"author":[{"embeddable":true,"href":"https:\/\/www.o-p-i.fr\/parlonsen\/wp-json\/wp\/v2\/users\/2"}],"replies":[{"embeddable":true,"href":"https:\/\/www.o-p-i.fr\/parlonsen\/wp-json\/wp\/v2\/comments?post=6269"}],"version-history":[{"count":0,"href":"https:\/\/www.o-p-i.fr\/parlonsen\/wp-json\/wp\/v2\/posts\/6269\/revisions"}],"wp:attachment":[{"href":"https:\/\/www.o-p-i.fr\/parlonsen\/wp-json\/wp\/v2\/media?parent=6269"}],"wp:term":[{"taxonomy":"category","embeddable":true,"href":"https:\/\/www.o-p-i.fr\/parlonsen\/wp-json\/wp\/v2\/categories?post=6269"},{"taxonomy":"post_tag","embeddable":true,"href":"https:\/\/www.o-p-i.fr\/parlonsen\/wp-json\/wp\/v2\/tags?post=6269"}],"curies":[{"name":"wp","href":"https:\/\/api.w.org\/{rel}","templated":true}]}}