{"id":62814,"date":"2024-10-29T18:20:30","date_gmt":"2024-10-29T17:20:30","guid":{"rendered":"https:\/\/www.o-p-i.fr\/parlonsen\/?p=62814"},"modified":"2024-10-31T11:37:23","modified_gmt":"2024-10-31T10:37:23","slug":"jam-session-a-cordes-sur-ciel-81","status":"publish","type":"post","link":"https:\/\/www.o-p-i.fr\/parlonsen\/localisation\/a-cote-de-chez-nous\/jam-session-a-cordes-sur-ciel-81\/","title":{"rendered":"\u00ab\u00a0Jam Session\u00a0\u00bb &#8230;\u00e0 Cordes sur Ciel( 81)"},"content":{"rendered":"<p><strong>Samedi 2 novembre 2024<\/strong> \u00e0 18h, \u00e0 Le Stockage.<!--more--><\/p>\n<p><a href=\"https:\/\/www.o-p-i.fr\/parlonsen\/localisation\/a-cote-de-chez-nous\/jam-session-a-cordes-sur-ciel-81\/attachment\/jam-3\/\" rel=\"attachment wp-att-62815\"><img data-recalc-dims=\"1\" loading=\"lazy\" decoding=\"async\" class=\"alignright size-full wp-image-62815\" src=\"https:\/\/i0.wp.com\/www.o-p-i.fr\/parlonsen\/wp-content\/uploads\/Jam-2.jpg?resize=425%2C425&#038;ssl=1\" alt=\"\" width=\"425\" height=\"425\" srcset=\"https:\/\/i0.wp.com\/www.o-p-i.fr\/parlonsen\/wp-content\/uploads\/Jam-2.jpg?w=425&amp;ssl=1 425w, https:\/\/i0.wp.com\/www.o-p-i.fr\/parlonsen\/wp-content\/uploads\/Jam-2.jpg?resize=300%2C300&amp;ssl=1 300w, https:\/\/i0.wp.com\/www.o-p-i.fr\/parlonsen\/wp-content\/uploads\/Jam-2.jpg?resize=50%2C50&amp;ssl=1 50w, https:\/\/i0.wp.com\/www.o-p-i.fr\/parlonsen\/wp-content\/uploads\/Jam-2.jpg?resize=400%2C400&amp;ssl=1 400w, https:\/\/i0.wp.com\/www.o-p-i.fr\/parlonsen\/wp-content\/uploads\/Jam-2.jpg?resize=150%2C150&amp;ssl=1 150w, https:\/\/i0.wp.com\/www.o-p-i.fr\/parlonsen\/wp-content\/uploads\/Jam-2.jpg?resize=100%2C100&amp;ssl=1 100w, https:\/\/i0.wp.com\/www.o-p-i.fr\/parlonsen\/wp-content\/uploads\/Jam-2.jpg?resize=375%2C375&amp;ssl=1 375w\" sizes=\"auto, (max-width: 425px) 100vw, 425px\" \/><\/a>Le Stockage<br \/>\n2bis, rue des Jardins<br \/>\n81170 Cordes-sur-Ciel<\/p>\n<h3 style=\"text-align: center;\">Jam Session au Stockage<\/h3>\n<p>Prochaine JAM SESSION le samedi 2 novembre au Stockage \u00e0 Cordes-sur-Ciel \u00e0 partir de 18h !<br \/>\nAmi(e)s musicie(nne)s amenez vos instruments et rejoignez la sc\u00e8ne du Stockage pour jouer en improvisation !<\/p>\n<p>Batterie, ampli Basse et guitare + basse d\u00e9j\u00e0 sur place !<\/p>\n<p>========================<\/p>\n<p>\ud83c\udfa9 PARTICIPATION LIBRE &amp; N\u00c9CESSAIRE<\/p>\n<p>\u274c Sans r\u00e9servation<\/p>\n<p>========================<br \/>\n\ud83c\udf7dRESTAURATION \u00e0 partir de 19h00<br \/>\nPlat unique et\/ou version v\u00e9g\u00e9, grignotage, g\u00e2teaux<br \/>\n========================<br \/>\nHoraires d&rsquo;ouverture :<br \/>\nMER\/JEU 17h.<br \/>\nVEN\/SAM 17h.<br \/>\n========================<br \/>\n\ud83d\udccd Acc\u00e8s au 2 Bis rue des Jardins \u00e0 Cordes-sur-Ciel<br \/>\n\ud83d\udcde 07 66 83 60 97<\/p>\n<p><em>Information communiqu\u00e9e par \u00ab\u00a0Le Stockage\u00a0\u00bb<\/em><\/p>\n<p><a href=\"https:\/\/www.o-p-i.fr\/aupays\/au-pays\/agenda\/\">Retrouvez tous les \u00e9v\u00e9nements dans l&rsquo;agenda !<\/a><\/p>\n","protected":false},"excerpt":{"rendered":"<div class=\"mh-excerpt\">Samedi 2 novembre 2024 \u00e0 18h, \u00e0 Le Stockage.<\/div>\n","protected":false},"author":4,"featured_media":36050,"comment_status":"open","ping_status":"open","sticky":false,"template":"","format":"standard","meta":{"om_disable_all_campaigns":false,"advanced_seo_description":"","jetpack_seo_html_title":"","jetpack_seo_noindex":false,"_jetpack_memberships_contains_paid_content":false,"footnotes":"","_links_to":"","_links_to_target":""},"categories":[52,42,54,6196],"tags":[2097,3784,5321,6274],"class_list":{"0":"post-62814","1":"post","2":"type-post","3":"status-publish","4":"format-standard","5":"has-post-thumbnail","7":"category-parlons-en","8":"category-a-cote-de-chez-nous","9":"category-loisirs","10":"category-n-224-novembre-2024","11":"tag-cordes-sur-ciel","12":"tag-jam-session","13":"tag-le-stockage","14":"tag-s4424"},"jetpack_featured_media_url":"https:\/\/i0.wp.com\/www.o-p-i.fr\/parlonsen\/wp-content\/uploads\/Vaour-2.jpg?fit=450%2C586&ssl=1","views":{"total":9,"cached_at":"","cached_date":1738526470},"jetpack_likes_enabled":true,"jetpack_sharing_enabled":true,"jetpack_shortlink":"https:\/\/wp.me\/pg7Wxj-gl8","jetpack-related-posts":[],"_links":{"self":[{"href":"https:\/\/www.o-p-i.fr\/parlonsen\/wp-json\/wp\/v2\/posts\/62814","targetHints":{"allow":["GET"]}}],"collection":[{"href":"https:\/\/www.o-p-i.fr\/parlonsen\/wp-json\/wp\/v2\/posts"}],"about":[{"href":"https:\/\/www.o-p-i.fr\/parlonsen\/wp-json\/wp\/v2\/types\/post"}],"author":[{"embeddable":true,"href":"https:\/\/www.o-p-i.fr\/parlonsen\/wp-json\/wp\/v2\/users\/4"}],"replies":[{"embeddable":true,"href":"https:\/\/www.o-p-i.fr\/parlonsen\/wp-json\/wp\/v2\/comments?post=62814"}],"version-history":[{"count":0,"href":"https:\/\/www.o-p-i.fr\/parlonsen\/wp-json\/wp\/v2\/posts\/62814\/revisions"}],"wp:featuredmedia":[{"embeddable":true,"href":"https:\/\/www.o-p-i.fr\/parlonsen\/wp-json\/wp\/v2\/media\/36050"}],"wp:attachment":[{"href":"https:\/\/www.o-p-i.fr\/parlonsen\/wp-json\/wp\/v2\/media?parent=62814"}],"wp:term":[{"taxonomy":"category","embeddable":true,"href":"https:\/\/www.o-p-i.fr\/parlonsen\/wp-json\/wp\/v2\/categories?post=62814"},{"taxonomy":"post_tag","embeddable":true,"href":"https:\/\/www.o-p-i.fr\/parlonsen\/wp-json\/wp\/v2\/tags?post=62814"}],"curies":[{"name":"wp","href":"https:\/\/api.w.org\/{rel}","templated":true}]}}