{"id":62876,"date":"2024-11-05T18:53:21","date_gmt":"2024-11-05T17:53:21","guid":{"rendered":"https:\/\/www.o-p-i.fr\/parlonsen\/?p=62876"},"modified":"2024-11-05T19:08:33","modified_gmt":"2024-11-05T18:08:33","slug":"urgence-pour-valence-en-espagne-a-salvagnac-81","status":"publish","type":"post","link":"https:\/\/www.o-p-i.fr\/parlonsen\/localisation\/au-pays-des-tescous\/salvagnac\/urgence-pour-valence-en-espagne-a-salvagnac-81\/","title":{"rendered":"\u00ab\u00a0Urgence\u00a0\u00bb pour Valence en Espagne&#8230; \u00e0 Salvagnac (81)"},"content":{"rendered":"<p><strong>Vendredi 8 novembre 2024,<\/strong> entre 13 h30 et 18 h.\u00e0 la salle de r\u00e9union de l&rsquo;\u00e9glise.<!--more--><\/p>\n<p><img data-recalc-dims=\"1\" loading=\"lazy\" decoding=\"async\" class=\"aligncenter size-full wp-image-62886\" src=\"https:\/\/i0.wp.com\/www.o-p-i.fr\/parlonsen\/wp-content\/uploads\/Urgence.jpg?resize=624%2C927&#038;ssl=1\" alt=\"\" width=\"624\" height=\"927\" srcset=\"https:\/\/i0.wp.com\/www.o-p-i.fr\/parlonsen\/wp-content\/uploads\/Urgence.jpg?w=624&amp;ssl=1 624w, https:\/\/i0.wp.com\/www.o-p-i.fr\/parlonsen\/wp-content\/uploads\/Urgence.jpg?resize=202%2C300&amp;ssl=1 202w, https:\/\/i0.wp.com\/www.o-p-i.fr\/parlonsen\/wp-content\/uploads\/Urgence.jpg?resize=400%2C594&amp;ssl=1 400w, https:\/\/i0.wp.com\/www.o-p-i.fr\/parlonsen\/wp-content\/uploads\/Urgence.jpg?resize=430%2C639&amp;ssl=1 430w, https:\/\/i0.wp.com\/www.o-p-i.fr\/parlonsen\/wp-content\/uploads\/Urgence.jpg?resize=150%2C223&amp;ssl=1 150w, https:\/\/i0.wp.com\/www.o-p-i.fr\/parlonsen\/wp-content\/uploads\/Urgence.jpg?resize=100%2C149&amp;ssl=1 100w\" sizes=\"auto, (max-width: 624px) 100vw, 624px\" \/><\/p>\n<p>Vos DONS sont \u00e0 d\u00e9poser \u00e0 la salle de r\u00e9union de l\u2019Eglise de Salvagnac<br \/>\nVendredi 8 novembre entre 13 h30 et 18 h<br \/>\nCollecte organis\u00e9e par le Secours Catholique de Salvagnac en collaboration avec le C.C.A.S<br \/>\nL\u2019Association OCCITALIEN r\u00e9cup\u00e8re la collecte et l\u2019achemine en Espagne<\/p>\n<p><em>Information communiqu\u00e9e par Georgette GAMBAZZA<\/em><\/p>\n<p><a href=\"https:\/\/www.o-p-i.fr\/aupays\/au-pays\/agenda\/\">Retrouvez tous les \u00e9v\u00e9nements dans l&rsquo;agenda !<\/a><\/p>\n<p>&nbsp;<\/p>\n","protected":false},"excerpt":{"rendered":"<div class=\"mh-excerpt\">Vendredi 8 novembre 2024, entre 13 h30 et 18 h.\u00e0 la salle de r\u00e9union de l&rsquo;\u00e9glise.<\/div>\n","protected":false},"author":4,"featured_media":61122,"comment_status":"open","ping_status":"open","sticky":false,"template":"","format":"standard","meta":{"om_disable_all_campaigns":false,"advanced_seo_description":"","jetpack_seo_html_title":"","jetpack_seo_noindex":false,"_jetpack_memberships_contains_paid_content":false,"footnotes":"","_links_to":"","_links_to_target":""},"categories":[52,290,291,25,6196],"tags":[136,6279,6281],"class_list":{"0":"post-62876","1":"post","2":"type-post","3":"status-publish","4":"format-standard","5":"has-post-thumbnail","7":"category-parlons-en","8":"category-entraide","9":"category-solidarite","10":"category-salvagnac","11":"category-n-224-novembre-2024","12":"tag-aide","13":"tag-s4524","14":"tag-valence-espagne"},"jetpack_featured_media_url":"https:\/\/i0.wp.com\/www.o-p-i.fr\/parlonsen\/wp-content\/uploads\/secours-catholique-LOGO.jpg?fit=198%2C201&ssl=1","views":{"total":2,"cached_at":"","cached_date":1738468591},"jetpack_likes_enabled":true,"jetpack_sharing_enabled":true,"jetpack_shortlink":"https:\/\/wp.me\/pg7Wxj-gm8","jetpack-related-posts":[],"_links":{"self":[{"href":"https:\/\/www.o-p-i.fr\/parlonsen\/wp-json\/wp\/v2\/posts\/62876","targetHints":{"allow":["GET"]}}],"collection":[{"href":"https:\/\/www.o-p-i.fr\/parlonsen\/wp-json\/wp\/v2\/posts"}],"about":[{"href":"https:\/\/www.o-p-i.fr\/parlonsen\/wp-json\/wp\/v2\/types\/post"}],"author":[{"embeddable":true,"href":"https:\/\/www.o-p-i.fr\/parlonsen\/wp-json\/wp\/v2\/users\/4"}],"replies":[{"embeddable":true,"href":"https:\/\/www.o-p-i.fr\/parlonsen\/wp-json\/wp\/v2\/comments?post=62876"}],"version-history":[{"count":0,"href":"https:\/\/www.o-p-i.fr\/parlonsen\/wp-json\/wp\/v2\/posts\/62876\/revisions"}],"wp:featuredmedia":[{"embeddable":true,"href":"https:\/\/www.o-p-i.fr\/parlonsen\/wp-json\/wp\/v2\/media\/61122"}],"wp:attachment":[{"href":"https:\/\/www.o-p-i.fr\/parlonsen\/wp-json\/wp\/v2\/media?parent=62876"}],"wp:term":[{"taxonomy":"category","embeddable":true,"href":"https:\/\/www.o-p-i.fr\/parlonsen\/wp-json\/wp\/v2\/categories?post=62876"},{"taxonomy":"post_tag","embeddable":true,"href":"https:\/\/www.o-p-i.fr\/parlonsen\/wp-json\/wp\/v2\/tags?post=62876"}],"curies":[{"name":"wp","href":"https:\/\/api.w.org\/{rel}","templated":true}]}}