{"id":62892,"date":"2024-11-05T18:34:14","date_gmt":"2024-11-05T17:34:14","guid":{"rendered":"https:\/\/www.o-p-i.fr\/parlonsen\/?p=62892"},"modified":"2024-11-05T18:37:10","modified_gmt":"2024-11-05T17:37:10","slug":"cine-monclar-fario","status":"publish","type":"post","link":"https:\/\/www.o-p-i.fr\/parlonsen\/localisation\/au-pays-des-tescous\/monclar\/cine-monclar-fario\/","title":{"rendered":"Cin\u00e9 Monclar &#8211; Fario"},"content":{"rendered":"<div id=\"pl-62892\"  class=\"panel-layout\" ><div id=\"pg-62892-0\"  class=\"panel-grid panel-no-style\" ><div id=\"pgc-62892-0-0\"  class=\"panel-grid-cell\" ><div id=\"panel-62892-0-0-0\" class=\"so-panel widget widget_sow-editor panel-first-child widgetopts-SO\" data-index=\"0\" ><div\n\t\t\t\n\t\t\tclass=\"so-widget-sow-editor so-widget-sow-editor-base\"\n\t\t\t\n\t\t>\n<div class=\"siteorigin-widget-tinymce textwidget\">\n\t<div id=\"blogvision\"><\/div>\n<div id=\"blogvision\">\n<p><strong>Dimanche 10 novembre 2024 \u00e0 17h00<br \/>\n<\/strong><\/p>\n<p>Fario<\/p>\n<p><a href=\"https:\/\/www.allocine.fr\/video\/player_gen_cmedia=20608917&amp;cfilm=302436.html\" target=\"_blank\" rel=\"noopener\"><em>Pour voir la bande annonce, cliq<\/em><em>u<\/em><em>ez ici<\/em><\/a><\/p>\n<\/div>\n<div id='blogvision'>    <iframe src='https:\/\/player.allocine.fr\/20608917.html' style='width:480px; height:270px'>    <\/iframe>    <br \/>    <a href=\"https:\/\/www.allocine.fr\/film\/fichefilm_gen_cfilm=302436.html\" target=\"_blank\" rel=\"noopener noreferrer\">Fario<\/a>    <br \/>    <a href=\"https:\/\/www.allocine.fr\/video\/player_gen_cmedia=20608917&cfilm=302436.html\">Fario Bande-annonce VF<\/a>  <\/div>\n<\/div>\n<\/div><\/div><div id=\"panel-62892-0-0-1\" class=\"so-panel widget widget_sow-video widgetopts-SO\" data-index=\"1\" ><div\n\t\t\t\n\t\t\tclass=\"so-widget-sow-video so-widget-sow-video-default-c08170c47cfb-62892\"\n\t\t\t\n\t\t><h3 class=\"widget-title\">Bande annonce<\/h3>\n<div class=\"sow-video-wrapper\n\">\n\t\t\t\t<\/div>\n<\/div><\/div><div id=\"panel-62892-0-0-2\" class=\"so-panel widget widget_sow-editor panel-last-child widgetopts-SO\" data-index=\"2\" ><div\n\t\t\t\n\t\t\tclass=\"so-widget-sow-editor so-widget-sow-editor-base\"\n\t\t\t\n\t\t>\n<div class=\"siteorigin-widget-tinymce textwidget\">\n\t<p><strong>Pour t\u00e9l\u00e9charger le programme illustr\u00e9 n\u00b0 139 <\/strong>cliquez ici: <a href=\"https:\/\/www.o-p-i.fr\/parlonsen\/localisation\/monclar\/cinemonclar-le-programme-du-vendredi-1er-novembre-au-mardi-26-novembre-2024-a-monclar-de-quercy-82\/attachment\/a4-139\/\" rel=\"attachment wp-att-62859\">A4 139<\/a><\/p>\n<p><em>Information communiqu\u00e9e par Guy ROUMAGNAC<\/em><\/p>\n<p>Cin\u00e9ma Monclar de Quercy<\/p>\n<p>Place des Capitouls,<\/p>\n<p>82230 Monclar-de-Quercy<\/p>\n<\/div>\n<\/div><\/div><\/div><\/div><\/div>","protected":false},"excerpt":{"rendered":"<div class=\"mh-excerpt\">Dimanche 10 novembre 2024 \u00e0 17h00 Fario Pour voir la bande annonce, cliquez ici Fario Fario Bande-annonce VF Pour t\u00e9l\u00e9charger le programme illustr\u00e9 n\u00b0 139 cliquez ici: A4 139 Information communiqu\u00e9e par Guy ROUMAGNAC Cin\u00e9ma <a class=\"mh-excerpt-more\" href=\"https:\/\/www.o-p-i.fr\/parlonsen\/localisation\/au-pays-des-tescous\/monclar\/cine-monclar-fario\/\" title=\"Cin\u00e9 Monclar &#8211; Fario\">[&#8230;]<\/a><\/div>\n","protected":false},"author":9,"featured_media":62094,"comment_status":"open","ping_status":"open","sticky":false,"template":"","format":"video","meta":{"om_disable_all_campaigns":false,"advanced_seo_description":"","jetpack_seo_html_title":"","jetpack_seo_noindex":false,"_jetpack_memberships_contains_paid_content":false,"footnotes":"","_links_to":"","_links_to_target":""},"categories":[52,16,6195],"tags":[2998,6279],"class_list":{"0":"post-62892","1":"post","2":"type-post","3":"status-publish","4":"format-video","5":"has-post-thumbnail","7":"category-parlons-en","8":"category-monclar","9":"category-n-223-octobre-2024","10":"tag-cine-monclar","11":"tag-s4524","12":"post_format-post-format-video"},"jetpack_featured_media_url":"https:\/\/i0.wp.com\/www.o-p-i.fr\/parlonsen\/wp-content\/uploads\/camera-cinema.jpg?fit=225%2C225&ssl=1","views":{"total":1,"cached_at":"","cached_date":1738458970},"jetpack_likes_enabled":true,"jetpack_sharing_enabled":true,"jetpack_shortlink":"https:\/\/wp.me\/pg7Wxj-gmo","jetpack-related-posts":[],"_links":{"self":[{"href":"https:\/\/www.o-p-i.fr\/parlonsen\/wp-json\/wp\/v2\/posts\/62892","targetHints":{"allow":["GET"]}}],"collection":[{"href":"https:\/\/www.o-p-i.fr\/parlonsen\/wp-json\/wp\/v2\/posts"}],"about":[{"href":"https:\/\/www.o-p-i.fr\/parlonsen\/wp-json\/wp\/v2\/types\/post"}],"author":[{"embeddable":true,"href":"https:\/\/www.o-p-i.fr\/parlonsen\/wp-json\/wp\/v2\/users\/9"}],"replies":[{"embeddable":true,"href":"https:\/\/www.o-p-i.fr\/parlonsen\/wp-json\/wp\/v2\/comments?post=62892"}],"version-history":[{"count":0,"href":"https:\/\/www.o-p-i.fr\/parlonsen\/wp-json\/wp\/v2\/posts\/62892\/revisions"}],"wp:featuredmedia":[{"embeddable":true,"href":"https:\/\/www.o-p-i.fr\/parlonsen\/wp-json\/wp\/v2\/media\/62094"}],"wp:attachment":[{"href":"https:\/\/www.o-p-i.fr\/parlonsen\/wp-json\/wp\/v2\/media?parent=62892"}],"wp:term":[{"taxonomy":"category","embeddable":true,"href":"https:\/\/www.o-p-i.fr\/parlonsen\/wp-json\/wp\/v2\/categories?post=62892"},{"taxonomy":"post_tag","embeddable":true,"href":"https:\/\/www.o-p-i.fr\/parlonsen\/wp-json\/wp\/v2\/tags?post=62892"}],"curies":[{"name":"wp","href":"https:\/\/api.w.org\/{rel}","templated":true}]}}