{"id":62954,"date":"2024-11-07T12:15:20","date_gmt":"2024-11-07T11:15:20","guid":{"rendered":"https:\/\/www.o-p-i.fr\/parlonsen\/?p=62954"},"modified":"2024-11-07T12:55:43","modified_gmt":"2024-11-07T11:55:43","slug":"brunch-lecture-a-salvagnac-81-36","status":"publish","type":"post","link":"https:\/\/www.o-p-i.fr\/parlonsen\/localisation\/au-pays-des-tescous\/salvagnac\/brunch-lecture-a-salvagnac-81-36\/","title":{"rendered":"Brunch lecture&#8230; \u00e0 Salvagnac (81)"},"content":{"rendered":"<p><strong>Dimanche 10 novembre 2024<\/strong>; \u00e0 10h.30, \u00e0 l&rsquo;Ecrin.<!--more--><\/p>\n<p><img data-recalc-dims=\"1\" loading=\"lazy\" decoding=\"async\" class=\"wp-image-35944 alignright\" src=\"https:\/\/i0.wp.com\/www.o-p-i.fr\/parlonsen\/wp-content\/uploads\/BRUNCH.jpg?resize=424%2C229&#038;ssl=1\" alt=\"\" width=\"424\" height=\"229\" srcset=\"https:\/\/i0.wp.com\/www.o-p-i.fr\/parlonsen\/wp-content\/uploads\/BRUNCH.jpg?w=185&amp;ssl=1 185w, https:\/\/i0.wp.com\/www.o-p-i.fr\/parlonsen\/wp-content\/uploads\/BRUNCH.jpg?resize=150%2C81&amp;ssl=1 150w\" sizes=\"auto, (max-width: 424px) 100vw, 424px\" \/>Ch\u00e8res et chers adh\u00e9rentes et adh\u00e9rents de l&rsquo;Association Culturelle du Pays Salvagnacois<\/p>\n<p>Voici que notre rendez-vous mensuel approche<\/p>\n<p>Rejoignez nous ce DIMANCHE 10 NOVEMBRE \u00e0 partir de 10h30<\/p>\n<p>En curieux ou en habitu\u00e9 vous \u00eates les bienvenus dans le cercle :<\/p>\n<p>On y parle de lectures, aim\u00e9es ou non, on \u00e9change auteurs et titres \u00ab\u00a0\u00e0 lire absolument\u00a0\u00bb,<\/p>\n<p>Avec un caf\u00e9\/th\u00e9 \u00e0 la main et des douceurs \u00e0 port\u00e9e,<\/p>\n<p>Dans la simplicit\u00e9 et la convivialit\u00e9 qui sont l&rsquo;usage !<\/p>\n<p>C&rsquo;est toujours \u00e0 l&rsquo; \u00c9crin !<\/p>\n<p>A tr\u00e8s bient\u00f4t, l&rsquo;\u00e9quipe de b\u00e9n\u00e9voles<\/p>\n<figure id=\"attachment_28414\" aria-describedby=\"caption-attachment-28414\" style=\"width: 170px\" class=\"wp-caption alignleft\"><img data-recalc-dims=\"1\" loading=\"lazy\" decoding=\"async\" class=\"size-full wp-image-28414\" src=\"https:\/\/i0.wp.com\/www.o-p-i.fr\/parlonsen\/wp-content\/uploads\/assoculturellesalvagnac.jpg?resize=170%2C118&#038;ssl=1\" alt=\"Association Culturelle - Biblioth\u00e8que de alvagnac\" width=\"170\" height=\"118\" srcset=\"https:\/\/i0.wp.com\/www.o-p-i.fr\/parlonsen\/wp-content\/uploads\/assoculturellesalvagnac.jpg?w=170&amp;ssl=1 170w, https:\/\/i0.wp.com\/www.o-p-i.fr\/parlonsen\/wp-content\/uploads\/assoculturellesalvagnac.jpg?resize=150%2C104&amp;ssl=1 150w\" sizes=\"auto, (max-width: 170px) 100vw, 170px\" \/><figcaption id=\"caption-attachment-28414\" class=\"wp-caption-text\">Association Culturelle &#8211; Biblioth\u00e8que de alvagnac<\/figcaption><\/figure>\n<p><strong>Biblioth\u00e8que du Pays Salvagnacois<\/strong><br \/>\n7 all\u00e9es Jean Jaur\u00e8s 81630 SALVAGNAC<br \/>\n05 63 40 59 02 aux heures d&rsquo;ouverture:<br \/>\nmercredi de 10h \u00e0 12h30<br \/>\nvendredi de 17h \u00e0 19h<br \/>\ndimanche de10h \u00e0 12h30<\/p>\n<p>&nbsp;<\/p>\n<p><em>Information commuiqu\u00e9e par Arlette MALLERET<\/em><\/p>\n<p><a href=\"https:\/\/www.o-p-i.fr\/aupays\/au-pays\/agenda\/\">Retrouvez tous les \u00e9v\u00e9nements dans l&rsquo;agenda !<\/a><\/p>\n","protected":false},"excerpt":{"rendered":"<div class=\"mh-excerpt\">Dimanche 10 novembre 2024; \u00e0 10h.30, \u00e0 l&rsquo;Ecrin.<\/div>\n","protected":false},"author":4,"featured_media":62956,"comment_status":"open","ping_status":"open","sticky":false,"template":"","format":"standard","meta":{"om_disable_all_campaigns":false,"advanced_seo_description":"","jetpack_seo_html_title":"","jetpack_seo_noindex":false,"_jetpack_memberships_contains_paid_content":false,"footnotes":"","_links_to":"","_links_to_target":""},"categories":[52,54,25,6196],"tags":[65,2548,3899,6279],"class_list":{"0":"post-62954","1":"post","2":"type-post","3":"status-publish","4":"format-standard","5":"has-post-thumbnail","7":"category-parlons-en","8":"category-loisirs","9":"category-salvagnac","10":"category-n-224-novembre-2024","11":"tag-bibliotheque","12":"tag-salvagnac","13":"tag-brunch-lecture","14":"tag-s4524"},"jetpack_featured_media_url":"https:\/\/i0.wp.com\/www.o-p-i.fr\/parlonsen\/wp-content\/uploads\/Lire-LOGO.jpg?fit=225%2C225&ssl=1","views":{"total":10,"cached_at":"","cached_date":1738473519},"jetpack_likes_enabled":true,"jetpack_sharing_enabled":true,"jetpack_shortlink":"https:\/\/wp.me\/pg7Wxj-gno","jetpack-related-posts":[],"_links":{"self":[{"href":"https:\/\/www.o-p-i.fr\/parlonsen\/wp-json\/wp\/v2\/posts\/62954","targetHints":{"allow":["GET"]}}],"collection":[{"href":"https:\/\/www.o-p-i.fr\/parlonsen\/wp-json\/wp\/v2\/posts"}],"about":[{"href":"https:\/\/www.o-p-i.fr\/parlonsen\/wp-json\/wp\/v2\/types\/post"}],"author":[{"embeddable":true,"href":"https:\/\/www.o-p-i.fr\/parlonsen\/wp-json\/wp\/v2\/users\/4"}],"replies":[{"embeddable":true,"href":"https:\/\/www.o-p-i.fr\/parlonsen\/wp-json\/wp\/v2\/comments?post=62954"}],"version-history":[{"count":0,"href":"https:\/\/www.o-p-i.fr\/parlonsen\/wp-json\/wp\/v2\/posts\/62954\/revisions"}],"wp:featuredmedia":[{"embeddable":true,"href":"https:\/\/www.o-p-i.fr\/parlonsen\/wp-json\/wp\/v2\/media\/62956"}],"wp:attachment":[{"href":"https:\/\/www.o-p-i.fr\/parlonsen\/wp-json\/wp\/v2\/media?parent=62954"}],"wp:term":[{"taxonomy":"category","embeddable":true,"href":"https:\/\/www.o-p-i.fr\/parlonsen\/wp-json\/wp\/v2\/categories?post=62954"},{"taxonomy":"post_tag","embeddable":true,"href":"https:\/\/www.o-p-i.fr\/parlonsen\/wp-json\/wp\/v2\/tags?post=62954"}],"curies":[{"name":"wp","href":"https:\/\/api.w.org\/{rel}","templated":true}]}}