{"id":62986,"date":"2024-11-10T11:52:48","date_gmt":"2024-11-10T10:52:48","guid":{"rendered":"https:\/\/www.o-p-i.fr\/parlonsen\/?p=62986"},"modified":"2024-11-12T13:48:41","modified_gmt":"2024-11-12T12:48:41","slug":"silence-on-tourne-spectacle-a-montauban-82","status":"publish","type":"post","link":"https:\/\/www.o-p-i.fr\/parlonsen\/localisation\/a-cote-de-chez-nous\/silence-on-tourne-spectacle-a-montauban-82\/","title":{"rendered":"\u00ab\u00a0Silence, on tourne!\u00a0\u00bb, spectacle &#8230;\u00e0 Montauban (82)"},"content":{"rendered":"<p><strong>Samedi 16 novembre 2024<\/strong> \u00e0 21h, th\u00e9\u00e2tre de l&rsquo;Embellie.<!--more--><\/p>\n<h3 style=\"text-align: center;\"><img data-recalc-dims=\"1\" loading=\"lazy\" decoding=\"async\" class=\"size-full wp-image-62987 alignright\" src=\"https:\/\/i0.wp.com\/www.o-p-i.fr\/parlonsen\/wp-content\/uploads\/silence-4.jpg?resize=425%2C425&#038;ssl=1\" alt=\"\" width=\"425\" height=\"425\" srcset=\"https:\/\/i0.wp.com\/www.o-p-i.fr\/parlonsen\/wp-content\/uploads\/silence-4.jpg?w=425&amp;ssl=1 425w, https:\/\/i0.wp.com\/www.o-p-i.fr\/parlonsen\/wp-content\/uploads\/silence-4.jpg?resize=300%2C300&amp;ssl=1 300w, https:\/\/i0.wp.com\/www.o-p-i.fr\/parlonsen\/wp-content\/uploads\/silence-4.jpg?resize=50%2C50&amp;ssl=1 50w, https:\/\/i0.wp.com\/www.o-p-i.fr\/parlonsen\/wp-content\/uploads\/silence-4.jpg?resize=400%2C400&amp;ssl=1 400w, https:\/\/i0.wp.com\/www.o-p-i.fr\/parlonsen\/wp-content\/uploads\/silence-4.jpg?resize=150%2C150&amp;ssl=1 150w, https:\/\/i0.wp.com\/www.o-p-i.fr\/parlonsen\/wp-content\/uploads\/silence-4.jpg?resize=100%2C100&amp;ssl=1 100w, https:\/\/i0.wp.com\/www.o-p-i.fr\/parlonsen\/wp-content\/uploads\/silence-4.jpg?resize=375%2C375&amp;ssl=1 375w\" sizes=\"auto, (max-width: 425px) 100vw, 425px\" \/><br \/>\nSilence on tourne ! de Haudecoeur et Sibleyras<\/h3>\n<p><strong>par la Cie de l&rsquo;Embellie<\/strong><\/p>\n<p>Com\u00e9die &#8211; Plein tarif 12\u20ac &#8211; Tarif r\u00e9duit 10\u20ac \u2013 Tarif mini 8\u20ac &#8211; Gratuit -6 ans<\/p>\n<p>L&rsquo;\u00e9quipe du film <strong>\u00ab\u00a0Une \u00e9toile est morte\u00a0\u00bb<\/strong> s&rsquo;est install\u00e9e au Th\u00e9\u00e2tre de l&rsquo;Embellie pour tourner une s\u00e9quence dans laquelle un mari tromp\u00e9 interrompt la repr\u00e9sentation pour tuer l&rsquo;amant de sa femme. Vous allez voir qu&rsquo;en coulisses, tout n&rsquo;est pas rose et que les jalousies vont bien au-del\u00e0 de la fiction&#8230; Le r\u00e9alisateur, amoureux d&rsquo;une jeune actrice, est rong\u00e9 par la jalousie et veut d\u00e9masquer son rival. L&rsquo;assistant r\u00e9alisateur r\u00eave de r\u00e9aliser son premier film. La jeune actrice n&rsquo;a aucune limite pour d\u00e9crocher le premier r\u00f4le. Le producteur est bien s\u00fbr v\u00e9reux, et on se demande bien si vous n&rsquo;\u00eates pas un peu inconscients de vous rendre \u00e0 ce tournage dans lequel le public fait partie de l&rsquo;histoire car c&rsquo;est le figurant de ce film !<\/p>\n<p>&nbsp;<\/p>\n<figure id=\"attachment_18509\" aria-describedby=\"caption-attachment-18509\" style=\"width: 300px\" class=\"wp-caption alignleft\"><img data-recalc-dims=\"1\" loading=\"lazy\" decoding=\"async\" class=\"wp-image-18509 size-medium\" src=\"https:\/\/i0.wp.com\/www.o-p-i.fr\/parlonsen\/wp-content\/uploads\/theatredelembellie.jpg?resize=300%2C110&#038;ssl=1\" alt=\"\" width=\"300\" height=\"110\" srcset=\"https:\/\/i0.wp.com\/www.o-p-i.fr\/parlonsen\/wp-content\/uploads\/theatredelembellie.jpg?resize=300%2C110&amp;ssl=1 300w, https:\/\/i0.wp.com\/www.o-p-i.fr\/parlonsen\/wp-content\/uploads\/theatredelembellie.jpg?w=600&amp;ssl=1 600w\" sizes=\"auto, (max-width: 300px) 100vw, 300px\" \/><figcaption id=\"caption-attachment-18509\" class=\"wp-caption-text\">Th\u00e9\u00e2tre de l&rsquo;Embellie &#8211; Montauban (82)<\/figcaption><\/figure>\n<p><strong>THEATRE DE L&rsquo;EMBELLIE &#8211; <\/strong><\/p>\n<p>828 avenue de Bordeaux \u00e0 Montauban &#8211; 05 63 91 96 20<br \/>\nLicences cat\u00e9gorie 1 : L-R-20-9678 &#8211; cat\u00e9gorie 3 : L-R-20-9708<\/p>\n<p>&nbsp;<\/p>\n<p>&nbsp;<\/p>\n<p>Information communiqu\u00e9e par Chantal BEGHIN<\/p>\n","protected":false},"excerpt":{"rendered":"<div class=\"mh-excerpt\">Samedi 16 novembre 2024 \u00e0 21h, th\u00e9\u00e2tre de l&rsquo;Embellie.<\/div>\n","protected":false},"author":4,"featured_media":18509,"comment_status":"open","ping_status":"open","sticky":false,"template":"","format":"standard","meta":{"om_disable_all_campaigns":false,"advanced_seo_description":"","jetpack_seo_html_title":"","jetpack_seo_noindex":false,"_jetpack_memberships_contains_paid_content":false,"footnotes":"","_links_to":"","_links_to_target":""},"categories":[52,42,54,6196],"tags":[99,132,2736,6284],"class_list":{"0":"post-62986","1":"post","2":"type-post","3":"status-publish","4":"format-standard","5":"has-post-thumbnail","7":"category-parlons-en","8":"category-a-cote-de-chez-nous","9":"category-loisirs","10":"category-n-224-novembre-2024","11":"tag-montauban","12":"tag-spectacle","13":"tag-theatre-de-lembellie","14":"tag-s4624"},"jetpack_featured_media_url":"https:\/\/i0.wp.com\/www.o-p-i.fr\/parlonsen\/wp-content\/uploads\/theatredelembellie.jpg?fit=600%2C220&ssl=1","views":{"total":8,"cached_at":"","cached_date":1738507436},"jetpack_likes_enabled":true,"jetpack_sharing_enabled":true,"jetpack_shortlink":"https:\/\/wp.me\/pg7Wxj-gnU","jetpack-related-posts":[],"_links":{"self":[{"href":"https:\/\/www.o-p-i.fr\/parlonsen\/wp-json\/wp\/v2\/posts\/62986","targetHints":{"allow":["GET"]}}],"collection":[{"href":"https:\/\/www.o-p-i.fr\/parlonsen\/wp-json\/wp\/v2\/posts"}],"about":[{"href":"https:\/\/www.o-p-i.fr\/parlonsen\/wp-json\/wp\/v2\/types\/post"}],"author":[{"embeddable":true,"href":"https:\/\/www.o-p-i.fr\/parlonsen\/wp-json\/wp\/v2\/users\/4"}],"replies":[{"embeddable":true,"href":"https:\/\/www.o-p-i.fr\/parlonsen\/wp-json\/wp\/v2\/comments?post=62986"}],"version-history":[{"count":0,"href":"https:\/\/www.o-p-i.fr\/parlonsen\/wp-json\/wp\/v2\/posts\/62986\/revisions"}],"wp:featuredmedia":[{"embeddable":true,"href":"https:\/\/www.o-p-i.fr\/parlonsen\/wp-json\/wp\/v2\/media\/18509"}],"wp:attachment":[{"href":"https:\/\/www.o-p-i.fr\/parlonsen\/wp-json\/wp\/v2\/media?parent=62986"}],"wp:term":[{"taxonomy":"category","embeddable":true,"href":"https:\/\/www.o-p-i.fr\/parlonsen\/wp-json\/wp\/v2\/categories?post=62986"},{"taxonomy":"post_tag","embeddable":true,"href":"https:\/\/www.o-p-i.fr\/parlonsen\/wp-json\/wp\/v2\/tags?post=62986"}],"curies":[{"name":"wp","href":"https:\/\/api.w.org\/{rel}","templated":true}]}}