{"id":63037,"date":"2024-11-19T16:28:48","date_gmt":"2024-11-19T15:28:48","guid":{"rendered":"https:\/\/www.o-p-i.fr\/parlonsen\/?p=63037"},"modified":"2024-12-05T13:42:23","modified_gmt":"2024-12-05T12:42:23","slug":"the-dansant-a-vaissac-82-19","status":"publish","type":"post","link":"https:\/\/www.o-p-i.fr\/parlonsen\/localisation\/a-cote-de-chez-nous\/the-dansant-a-vaissac-82-19\/","title":{"rendered":"Th\u00e9 dansant &#8230;\u00e0  Va\u00efssac ((82)"},"content":{"rendered":"<p><strong>Dimanche 8 d\u00e9cembre 2024<\/strong>, \u00e0 14hh.30 \u00e0 la salle des f\u00eates.<!--more--><\/p>\n<p><img data-recalc-dims=\"1\" loading=\"lazy\" decoding=\"async\" class=\"alignright size-full wp-image-63038\" src=\"https:\/\/i0.wp.com\/www.o-p-i.fr\/parlonsen\/wp-content\/uploads\/the-Vaissac-1.jpg?resize=425%2C588&#038;ssl=1\" alt=\"\" width=\"425\" height=\"588\" srcset=\"https:\/\/i0.wp.com\/www.o-p-i.fr\/parlonsen\/wp-content\/uploads\/the-Vaissac-1.jpg?w=425&amp;ssl=1 425w, https:\/\/i0.wp.com\/www.o-p-i.fr\/parlonsen\/wp-content\/uploads\/the-Vaissac-1.jpg?resize=217%2C300&amp;ssl=1 217w, https:\/\/i0.wp.com\/www.o-p-i.fr\/parlonsen\/wp-content\/uploads\/the-Vaissac-1.jpg?resize=400%2C553&amp;ssl=1 400w, https:\/\/i0.wp.com\/www.o-p-i.fr\/parlonsen\/wp-content\/uploads\/the-Vaissac-1.jpg?resize=150%2C208&amp;ssl=1 150w, https:\/\/i0.wp.com\/www.o-p-i.fr\/parlonsen\/wp-content\/uploads\/the-Vaissac-1.jpg?resize=100%2C138&amp;ssl=1 100w\" sizes=\"auto, (max-width: 425px) 100vw, 425px\" \/><br \/>\nLe comit\u00e9 des f\u00eates organise le dimanche 8 D\u00e9cembre 2024 un th\u00e9 dansant de 14h30 \u00e0 19h00 \u00e0 la salle des f\u00eates de Va\u00efssac.<br \/>\nAnim\u00e9 par l&rsquo;orchestre : \u00a0\u00bb Ya K Danser \u00a0\u00bb<br \/>\nCaf\u00e9, rafra\u00eechissements et p\u00e2tisseries offerts.<br \/>\nTirage de la tombola : 2 places offertes pour un prochain th\u00e9 dansant.<br \/>\nNous vous y attendons tr\u00e8s nombreux<\/p>\n<p>Date de d\u00e9but<br \/>\n08\/12\/2024<br \/>\nDate fin<br \/>\n08\/12\/2024<br \/>\nDe quelle heure \u00e0 quelle heure ?<br \/>\n14h30 \u00e0 19h00<br \/>\nAdresse de l&rsquo;\u00e9v\u00e8nement<br \/>\nSALLE DES F\u00caTES<br \/>\nTarif unique : 11 \u20ac<br \/>\n<strong>Organisateur de l&rsquo;\u00e9v\u00e8vement<\/strong><br \/>\nLE COMITE DES F\u00caTES<br \/>\nPersonne \u00e0 contacter :<br \/>\nBAUDOUX Patricia<br \/>\nAdresse :<br \/>\nLE BOURD<br \/>\n82800 VA\u00cfSSAC<br \/>\nT\u00e9l\u00e9phone : 06 16 69 06 90<br \/>\nCourriel :\u00a0<strong><a href=\"mailto:louisloeil@gmail.com\" target=\"_blank\" rel=\"noopener\"> louisloeil@gmail.com<\/a><\/strong><\/p>\n<p><em>Information communiqu\u00e9e par Patricia BAUDOUX<\/em><\/p>\n<p><a href=\"mailto:&quot;https:\/\/www.o-p-i.fr\/aupays\/au-pays\/agenda\/&quot;\">Retrouvez tous les \u00e9v\u00e9nements dans l&rsquo;agenda !<\/a><\/p>\n","protected":false},"excerpt":{"rendered":"<div class=\"mh-excerpt\">Dimanche 8 d\u00e9cembre 2024, \u00e0 14hh.30 \u00e0 la salle des f\u00eates.<\/div>\n","protected":false},"author":4,"featured_media":53370,"comment_status":"open","ping_status":"open","sticky":false,"template":"","format":"standard","meta":{"om_disable_all_campaigns":false,"advanced_seo_description":"","jetpack_seo_html_title":"","jetpack_seo_noindex":false,"_jetpack_memberships_contains_paid_content":false,"footnotes":"","_links_to":"","_links_to_target":""},"categories":[52,42,54,6231],"tags":[80,315,6300],"class_list":{"0":"post-63037","1":"post","2":"type-post","3":"status-publish","4":"format-standard","5":"has-post-thumbnail","7":"category-parlons-en","8":"category-a-cote-de-chez-nous","9":"category-loisirs","10":"category-n-225-decembre-2024","11":"tag-the-dansant","12":"tag-vaissac","13":"tag-s4924"},"jetpack_featured_media_url":"https:\/\/i0.wp.com\/www.o-p-i.fr\/parlonsen\/wp-content\/uploads\/the-dansant-3.jpg?fit=425%2C283&ssl=1","views":{"total":17,"cached_at":"","cached_date":1738468227},"jetpack_likes_enabled":true,"jetpack_sharing_enabled":true,"jetpack_shortlink":"https:\/\/wp.me\/pg7Wxj-goJ","jetpack-related-posts":[],"_links":{"self":[{"href":"https:\/\/www.o-p-i.fr\/parlonsen\/wp-json\/wp\/v2\/posts\/63037","targetHints":{"allow":["GET"]}}],"collection":[{"href":"https:\/\/www.o-p-i.fr\/parlonsen\/wp-json\/wp\/v2\/posts"}],"about":[{"href":"https:\/\/www.o-p-i.fr\/parlonsen\/wp-json\/wp\/v2\/types\/post"}],"author":[{"embeddable":true,"href":"https:\/\/www.o-p-i.fr\/parlonsen\/wp-json\/wp\/v2\/users\/4"}],"replies":[{"embeddable":true,"href":"https:\/\/www.o-p-i.fr\/parlonsen\/wp-json\/wp\/v2\/comments?post=63037"}],"version-history":[{"count":0,"href":"https:\/\/www.o-p-i.fr\/parlonsen\/wp-json\/wp\/v2\/posts\/63037\/revisions"}],"wp:featuredmedia":[{"embeddable":true,"href":"https:\/\/www.o-p-i.fr\/parlonsen\/wp-json\/wp\/v2\/media\/53370"}],"wp:attachment":[{"href":"https:\/\/www.o-p-i.fr\/parlonsen\/wp-json\/wp\/v2\/media?parent=63037"}],"wp:term":[{"taxonomy":"category","embeddable":true,"href":"https:\/\/www.o-p-i.fr\/parlonsen\/wp-json\/wp\/v2\/categories?post=63037"},{"taxonomy":"post_tag","embeddable":true,"href":"https:\/\/www.o-p-i.fr\/parlonsen\/wp-json\/wp\/v2\/tags?post=63037"}],"curies":[{"name":"wp","href":"https:\/\/api.w.org\/{rel}","templated":true}]}}