{"id":63041,"date":"2024-11-19T19:05:43","date_gmt":"2024-11-19T18:05:43","guid":{"rendered":"https:\/\/www.o-p-i.fr\/parlonsen\/?p=63041"},"modified":"2024-12-05T13:40:15","modified_gmt":"2024-12-05T12:40:15","slug":"bal-trad-au-profit-du-telethon-a-monclar-de-quercy","status":"publish","type":"post","link":"https:\/\/www.o-p-i.fr\/parlonsen\/localisation\/au-pays-des-tescous\/monclar\/bal-trad-au-profit-du-telethon-a-monclar-de-quercy\/","title":{"rendered":"Bal trad au profit du t\u00e9l\u00e9thon&#8230;\u00e0 Monclar de Quercy"},"content":{"rendered":"<p><strong>Samedi 7 d\u00e9cembre 2024,<\/strong> \u00e0 21h., salle des f\u00eates du groupe scolaire.<!--more--><\/p>\n<h3 style=\"text-align: left;\">\u00a0Organis\u00e9 par LE REVEIL OCCITAN<\/h3>\n<p><img data-recalc-dims=\"1\" loading=\"lazy\" decoding=\"async\" class=\"alignright size-full wp-image-56216\" src=\"https:\/\/i0.wp.com\/www.o-p-i.fr\/parlonsen\/wp-content\/uploads\/telethon-1.jpg?resize=425%2C147&#038;ssl=1\" alt=\"\" width=\"425\" height=\"147\" srcset=\"https:\/\/i0.wp.com\/www.o-p-i.fr\/parlonsen\/wp-content\/uploads\/telethon-1.jpg?w=425&amp;ssl=1 425w, https:\/\/i0.wp.com\/www.o-p-i.fr\/parlonsen\/wp-content\/uploads\/telethon-1.jpg?resize=300%2C104&amp;ssl=1 300w, https:\/\/i0.wp.com\/www.o-p-i.fr\/parlonsen\/wp-content\/uploads\/telethon-1.jpg?resize=400%2C138&amp;ssl=1 400w, https:\/\/i0.wp.com\/www.o-p-i.fr\/parlonsen\/wp-content\/uploads\/telethon-1.jpg?resize=150%2C52&amp;ssl=1 150w, https:\/\/i0.wp.com\/www.o-p-i.fr\/parlonsen\/wp-content\/uploads\/telethon-1.jpg?resize=100%2C35&amp;ssl=1 100w\" sizes=\"auto, (max-width: 425px) 100vw, 425px\" \/><\/p>\n<p>Samedi 7 d\u00e9cembre BAL TRAD \u00e0 21 h au profit du THELETHON salle des f\u00eates du groupe scolaire rue des Ecoles. Monclar de quercy Les sommes r\u00e9colt\u00e9es seront enti\u00e8rement revers\u00e9es \u00e0 l&rsquo;AFM T\u00e9l\u00e9thon. entr\u00e9e 10 \u20ac &#8211;<\/p>\n<p>Inscription : ASTORG Jeanine<br \/>\nEmail : <a href=\"mailto:rene.astorg@orange.fr\" target=\"_blank\" rel=\"noopener\">rene.astorg@orange.fr<\/a><br \/>\ntel : 06 16 09 51 41<\/p>\n<p><em>Information communiqu\u00e9e par Jeanine ASTORG<\/em><\/p>\n<p><a href=\"mailto:&quot;https:\/\/www.o-p-i.fr\/aupays\/au-pays\/agenda\/&quot;\">Retrouvez tous les \u00e9v\u00e9nements dans l&rsquo;agenda !<\/a><\/p>\n","protected":false},"excerpt":{"rendered":"<div class=\"mh-excerpt\">Samedi 7 d\u00e9cembre 2024, \u00e0 21h., salle des f\u00eates du groupe scolaire.<\/div>\n","protected":false},"author":4,"featured_media":40327,"comment_status":"open","ping_status":"open","sticky":false,"template":"","format":"standard","meta":{"om_disable_all_campaigns":false,"advanced_seo_description":"","jetpack_seo_html_title":"","jetpack_seo_noindex":false,"_jetpack_memberships_contains_paid_content":false,"footnotes":"","_links_to":"","_links_to_target":""},"categories":[52,16,291,6231],"tags":[2564,143,6300],"class_list":{"0":"post-63041","1":"post","2":"type-post","3":"status-publish","4":"format-standard","5":"has-post-thumbnail","7":"category-parlons-en","8":"category-monclar","9":"category-solidarite","10":"category-n-225-decembre-2024","11":"tag-telethon","12":"tag-monclar-de-quercy","13":"tag-s4924"},"jetpack_featured_media_url":"https:\/\/i0.wp.com\/www.o-p-i.fr\/parlonsen\/wp-content\/uploads\/bal-rtrad.jpg?fit=283%2C283&ssl=1","views":{"total":21,"cached_at":"","cached_date":1738469434},"jetpack_likes_enabled":true,"jetpack_sharing_enabled":true,"jetpack_shortlink":"https:\/\/wp.me\/pg7Wxj-goN","jetpack-related-posts":[],"_links":{"self":[{"href":"https:\/\/www.o-p-i.fr\/parlonsen\/wp-json\/wp\/v2\/posts\/63041","targetHints":{"allow":["GET"]}}],"collection":[{"href":"https:\/\/www.o-p-i.fr\/parlonsen\/wp-json\/wp\/v2\/posts"}],"about":[{"href":"https:\/\/www.o-p-i.fr\/parlonsen\/wp-json\/wp\/v2\/types\/post"}],"author":[{"embeddable":true,"href":"https:\/\/www.o-p-i.fr\/parlonsen\/wp-json\/wp\/v2\/users\/4"}],"replies":[{"embeddable":true,"href":"https:\/\/www.o-p-i.fr\/parlonsen\/wp-json\/wp\/v2\/comments?post=63041"}],"version-history":[{"count":0,"href":"https:\/\/www.o-p-i.fr\/parlonsen\/wp-json\/wp\/v2\/posts\/63041\/revisions"}],"wp:featuredmedia":[{"embeddable":true,"href":"https:\/\/www.o-p-i.fr\/parlonsen\/wp-json\/wp\/v2\/media\/40327"}],"wp:attachment":[{"href":"https:\/\/www.o-p-i.fr\/parlonsen\/wp-json\/wp\/v2\/media?parent=63041"}],"wp:term":[{"taxonomy":"category","embeddable":true,"href":"https:\/\/www.o-p-i.fr\/parlonsen\/wp-json\/wp\/v2\/categories?post=63041"},{"taxonomy":"post_tag","embeddable":true,"href":"https:\/\/www.o-p-i.fr\/parlonsen\/wp-json\/wp\/v2\/tags?post=63041"}],"curies":[{"name":"wp","href":"https:\/\/api.w.org\/{rel}","templated":true}]}}