{"id":63083,"date":"2024-11-21T12:09:22","date_gmt":"2024-11-21T11:09:22","guid":{"rendered":"https:\/\/www.o-p-i.fr\/parlonsen\/?p=63083"},"modified":"2024-12-05T13:40:50","modified_gmt":"2024-12-05T12:40:50","slug":"marche-de-noel-a-monclar-de-quercy-82-8","status":"publish","type":"post","link":"https:\/\/www.o-p-i.fr\/parlonsen\/localisation\/au-pays-des-tescous\/monclar\/marche-de-noel-a-monclar-de-quercy-82-8\/","title":{"rendered":"March\u00e9 de No\u00ebl &#8230; \u00e0 Monclar de Quercy (82)"},"content":{"rendered":"<div class=\"tribe-events-single-event-description tribe-events-content\">\n<div class=\"tribe-events-single-event-description tribe-events-content\">\n<div class=\"tribe-events-single-event-description tribe-events-content\">\n<p><img data-recalc-dims=\"1\" loading=\"lazy\" decoding=\"async\" class=\"size-medium wp-image-63085 alignright\" src=\"https:\/\/i0.wp.com\/www.o-p-i.fr\/parlonsen\/wp-content\/uploads\/marchedenoel2024.jpg?resize=300%2C169&#038;ssl=1\" alt=\"\" width=\"300\" height=\"169\" srcset=\"https:\/\/i0.wp.com\/www.o-p-i.fr\/parlonsen\/wp-content\/uploads\/marchedenoel2024.jpg?resize=300%2C169&amp;ssl=1 300w, https:\/\/i0.wp.com\/www.o-p-i.fr\/parlonsen\/wp-content\/uploads\/marchedenoel2024.jpg?resize=768%2C432&amp;ssl=1 768w, https:\/\/i0.wp.com\/www.o-p-i.fr\/parlonsen\/wp-content\/uploads\/marchedenoel2024.jpg?resize=750%2C422&amp;ssl=1 750w, https:\/\/i0.wp.com\/www.o-p-i.fr\/parlonsen\/wp-content\/uploads\/marchedenoel2024.jpg?resize=400%2C225&amp;ssl=1 400w, https:\/\/i0.wp.com\/www.o-p-i.fr\/parlonsen\/wp-content\/uploads\/marchedenoel2024.jpg?resize=430%2C242&amp;ssl=1 430w, https:\/\/i0.wp.com\/www.o-p-i.fr\/parlonsen\/wp-content\/uploads\/marchedenoel2024.jpg?resize=150%2C84&amp;ssl=1 150w, https:\/\/i0.wp.com\/www.o-p-i.fr\/parlonsen\/wp-content\/uploads\/marchedenoel2024.jpg?resize=100%2C56&amp;ssl=1 100w, https:\/\/i0.wp.com\/www.o-p-i.fr\/parlonsen\/wp-content\/uploads\/marchedenoel2024.jpg?w=960&amp;ssl=1 960w\" sizes=\"auto, (max-width: 300px) 100vw, 300px\" \/>Rendez-vous le <strong>Dimanche 8 D\u00e9cembre 2024<\/strong>, de 10h \u00e0 17h, sur la Place des Capitouls.<\/p>\n<p>March\u00e9 de No\u00ebl \u00e0 Monclar de Quercy 82230<\/p>\n<h2><strong>Artisanat Local &amp; Produits du Terroir<\/strong><\/h2>\n<ul>\n<li><a href=\"https:\/\/www.facebook.com\/profile.php?id=100043367239303\" target=\"_blank\" rel=\"noopener\">AML Cr\u00e9ations<\/a> \/ Anne-Marie Laval \/ <strong>Cr\u00e9ations Couture<\/strong><\/li>\n<li><a href=\"https:\/\/www.facebook.com\/hscuir\" target=\"_blank\" rel=\"noopener\">HS Cuir Cr\u00e9ations<\/a> \/ H\u00e9l\u00e8ne Sarrazin \/ <strong>Maroquinerie<\/strong><\/li>\n<li>Prem Mathieu \/ <strong>Bois Tourn\u00e9<\/strong><\/li>\n<li><a href=\"https:\/\/www.facebook.com\/babayagacouture\/\" target=\"_blank\" rel=\"noopener\">Baba Yaga Couture<\/a> \/ Garance Jacquemin\u00a0 \/<strong> Accessoires Couture Z\u00e9ro d\u00e9chets<\/strong><\/li>\n<li><a href=\"https:\/\/www.instagram.com\/2ze_si\/\" target=\"_blank\" rel=\"noopener\">Nicolas Flotat<\/a> \/ <strong>Aquarelles<\/strong><\/li>\n<li><a href=\"https:\/\/vannerie.weebly.com\" target=\"_blank\" rel=\"noopener\">Pascal Vialaret<\/a> \/ <strong>Vanneries d\u2019Osier<\/strong><\/li>\n<li><a href=\"https:\/\/www.local.direct\/producteur\/elilobio\" target=\"_blank\" rel=\"noopener\">Elilobio<\/a> \/ Laura et Elie \/ <strong>Sirops, Chutneys, Tartinades<\/strong><\/li>\n<li><a href=\"https:\/\/www.local.direct\/producteur\/annie-debacque\" target=\"_blank\" rel=\"noopener\">Cueillir la vie<\/a> \/ Annie Debacque \/ <strong>Plantes Aromatiques et M\u00e9dicinales<\/strong> : <strong>Tisanes, Hydrolats \u2026<\/strong><\/li>\n<li><a href=\"https:\/\/www.local.direct\/producteur\/marie-cecile-gibert\" target=\"_blank\" rel=\"noopener\">Marie-C\u00e9cile Gibert<\/a> \/ <strong>Sels aux Herbes, Gomasio, Eponges, Compositions Florales<\/strong><\/li>\n<li>Jean-Pierre Peries \/ <strong>Amandes, Safran<\/strong><\/li>\n<li><a href=\"https:\/\/www.facebook.com\/groups\/772788267066806\/\" target=\"_blank\" rel=\"noopener\">L\u2019\u00eesle aux cr\u00e9a de Lyne<\/a> \/ Roselyne P\u00e9lissier \/ <strong>Cr\u00e9ations Couture<\/strong><\/li>\n<li><a href=\"https:\/\/oreedessavons.fr\" target=\"_blank\" rel=\"noopener\">L\u2019Or\u00e9e des Savons<\/a> \/ Asseline Derepas \/\u00a0 <strong>Savons, D\u00e9co parfum\u00e9es<\/strong><\/li>\n<li>Jessica Leduc \/\u00a0 <strong>Miels et produits de la Ruche, Bougies, D\u00e9co Florales,<\/strong> <strong>Bijoux<\/strong><\/li>\n<li>B\u00e9atrice Beneschi &amp; Dominique Marty \/ <strong>D\u00e9corations\u00a0 de No\u00ebl<\/strong><\/li>\n<li><a href=\"https:\/\/www.facebook.com\/les.petites.passions.de.christel\/\" target=\"_blank\" rel=\"noopener\">Les petites passions de Christel<\/a> \/ Christel Maldonado \/ <strong>Centres de tables, suspensions, gnomes<\/strong><\/li>\n<li><a href=\"https:\/\/www.famillesrurales.org\/monclar\/38\/quest-ce-que-cest\" target=\"_blank\" rel=\"noopener\">Espace Ado \u2013 Familles Rurales<\/a> \/ <strong>D\u00e9corations de\u00a0 No\u00ebl, Bracelets<\/strong><\/li>\n<li>APEM La Rose des Vents \/ <strong>D\u00e9corations de\u00a0 No\u00ebl<\/strong><\/li>\n<\/ul>\n<h2><strong>Petite restauration sur place<\/strong><\/h2>\n<p>Cr\u00eapes et G\u00e2teaux \/ <a href=\"https:\/\/www.facebook.com\/profile.php?id=61552391724584\" target=\"_blank\" rel=\"noopener\">APEL Saint-Joseph<\/a><\/p>\n<p>Caf\u00e9, Soupe au Potimarron, Gaufres \/ APEM La Rose des Vents<\/p>\n<p>Hu\u00eetres \/ St\u00e9phanie Vergnes<\/p>\n<p>Vin Chaud, Bar \u00e0 Soupes \/ L\u2019aMICHEmin<\/p>\n<ul>\n<li><strong>Jeux en bois g\u00e9ants<\/strong> \u00e0 disposition<\/li>\n<li><strong>11h30 : Concert<\/strong> avec <a href=\"https:\/\/www.facebook.com\/profile.php?id=61565240131142\" target=\"_blank\" rel=\"noopener\"><strong>Ok Chorale<\/strong><\/a>, dirig\u00e9e par C\u00e9cile Perfetti.<\/li>\n<\/ul>\n<p>INFOS PRATIQUES<br \/>\n\ud83d\udd96\ud83c\udffc Ouvert \u00e0 tous\u00b7tes<br \/>\n\ud83d\udd0e Place des Capitouls \u2013 Monclar de Quercy<br \/>\n\ud83d\udcb6 Gratuit<\/p>\n<\/div>\n<\/div>\n<\/div>\n","protected":false},"excerpt":{"rendered":"<div class=\"mh-excerpt\">Rendez-vous le Dimanche 8 D\u00e9cembre 2024, de 10h \u00e0 17h, sur la Place des Capitouls. March\u00e9 de No\u00ebl \u00e0 Monclar de Quercy 82230 Artisanat Local &amp; Produits du Terroir AML Cr\u00e9ations \/ Anne-Marie Laval \/ <a class=\"mh-excerpt-more\" href=\"https:\/\/www.o-p-i.fr\/parlonsen\/localisation\/au-pays-des-tescous\/monclar\/marche-de-noel-a-monclar-de-quercy-82-8\/\" title=\"March\u00e9 de No\u00ebl &#8230; \u00e0 Monclar de Quercy (82)\">[&#8230;]<\/a><\/div>\n","protected":false},"author":9,"featured_media":63085,"comment_status":"open","ping_status":"open","sticky":false,"template":"","format":"standard","meta":{"om_disable_all_campaigns":false,"advanced_seo_description":"","jetpack_seo_html_title":"","jetpack_seo_noindex":false,"_jetpack_memberships_contains_paid_content":false,"footnotes":"","_links_to":"","_links_to_target":""},"categories":[52,16,6196],"tags":[143,757,3815,5164,6300],"class_list":{"0":"post-63083","1":"post","2":"type-post","3":"status-publish","4":"format-standard","5":"has-post-thumbnail","7":"category-parlons-en","8":"category-monclar","9":"category-n-224-novembre-2024","10":"tag-monclar-de-quercy","11":"tag-marche-de-noel","12":"tag-artisanat-local","13":"tag-lamichemin","14":"tag-s4924"},"jetpack_featured_media_url":"https:\/\/i0.wp.com\/www.o-p-i.fr\/parlonsen\/wp-content\/uploads\/marchedenoel2024.jpg?fit=960%2C540&ssl=1","views":{"total":18,"cached_at":"","cached_date":1738533922},"jetpack_likes_enabled":true,"jetpack_sharing_enabled":true,"jetpack_shortlink":"https:\/\/wp.me\/pg7Wxj-gpt","jetpack-related-posts":[],"_links":{"self":[{"href":"https:\/\/www.o-p-i.fr\/parlonsen\/wp-json\/wp\/v2\/posts\/63083","targetHints":{"allow":["GET"]}}],"collection":[{"href":"https:\/\/www.o-p-i.fr\/parlonsen\/wp-json\/wp\/v2\/posts"}],"about":[{"href":"https:\/\/www.o-p-i.fr\/parlonsen\/wp-json\/wp\/v2\/types\/post"}],"author":[{"embeddable":true,"href":"https:\/\/www.o-p-i.fr\/parlonsen\/wp-json\/wp\/v2\/users\/9"}],"replies":[{"embeddable":true,"href":"https:\/\/www.o-p-i.fr\/parlonsen\/wp-json\/wp\/v2\/comments?post=63083"}],"version-history":[{"count":0,"href":"https:\/\/www.o-p-i.fr\/parlonsen\/wp-json\/wp\/v2\/posts\/63083\/revisions"}],"wp:featuredmedia":[{"embeddable":true,"href":"https:\/\/www.o-p-i.fr\/parlonsen\/wp-json\/wp\/v2\/media\/63085"}],"wp:attachment":[{"href":"https:\/\/www.o-p-i.fr\/parlonsen\/wp-json\/wp\/v2\/media?parent=63083"}],"wp:term":[{"taxonomy":"category","embeddable":true,"href":"https:\/\/www.o-p-i.fr\/parlonsen\/wp-json\/wp\/v2\/categories?post=63083"},{"taxonomy":"post_tag","embeddable":true,"href":"https:\/\/www.o-p-i.fr\/parlonsen\/wp-json\/wp\/v2\/tags?post=63083"}],"curies":[{"name":"wp","href":"https:\/\/api.w.org\/{rel}","templated":true}]}}