{"id":63089,"date":"2024-11-21T12:15:56","date_gmt":"2024-11-21T11:15:56","guid":{"rendered":"https:\/\/www.o-p-i.fr\/parlonsen\/?p=63089"},"modified":"2024-12-05T13:41:53","modified_gmt":"2024-12-05T12:41:53","slug":"concours-de-belote-a-monclar-de-quercy-82-3","status":"publish","type":"post","link":"https:\/\/www.o-p-i.fr\/parlonsen\/localisation\/au-pays-des-tescous\/monclar\/concours-de-belote-a-monclar-de-quercy-82-3\/","title":{"rendered":"Concours de Belote &#8230; \u00e0 Monclar de Quercy (82)"},"content":{"rendered":"<div class=\"tribe-events-single-event-description tribe-events-content\">\n<div class=\"tribe-events-single-event-description tribe-events-content\">\n<div class=\"tribe-events-single-event-description tribe-events-content\">\n<div class=\"tribe-events-schedule tribe-clearfix\">\n<h2><span class=\"tribe-event-date-start\">Le samedi 14 d\u00e9cembre 2024 de 13h30<\/span> \u00e0 <span class=\"tribe-event-time\">19h30<\/span><\/h2>\n<\/div>\n<div id=\"post-1603\" class=\"post-1603 tribe_events type-tribe_events status-publish has-post-thumbnail hentry tribe_events_cat-evenements tribe_events_cat-soireejeux cat_evenements cat_soireejeux\">\n<div class=\"tribe-events-event-image\"><img data-recalc-dims=\"1\" loading=\"lazy\" decoding=\"async\" class=\"attachment-full size-full wp-post-image lazy loaded alignright\" src=\"https:\/\/i0.wp.com\/www.lamichemin.fr\/wp-content\/uploads\/2024\/11\/belote.jpg?resize=960%2C540&#038;ssl=1\" sizes=\"auto, (max-width: 709px) 85vw, (max-width: 909px) 67vw, (max-width: 1362px) 62vw, 840px\" srcset=\"https:\/\/www.lamichemin.fr\/wp-content\/uploads\/2024\/11\/belote.jpg 960w, https:\/\/www.lamichemin.fr\/wp-content\/uploads\/2024\/11\/belote-300x169.jpg 300w, https:\/\/www.lamichemin.fr\/wp-content\/uploads\/2024\/11\/belote-768x432.jpg 768w\" alt=\"\" width=\"960\" height=\"540\" data-src=\"https:\/\/www.lamichemin.fr\/wp-content\/uploads\/2024\/11\/belote.jpg\" data-srcset=\"https:\/\/www.lamichemin.fr\/wp-content\/uploads\/2024\/11\/belote.jpg 960w, https:\/\/www.lamichemin.fr\/wp-content\/uploads\/2024\/11\/belote-300x169.jpg 300w, https:\/\/www.lamichemin.fr\/wp-content\/uploads\/2024\/11\/belote-768x432.jpg 768w\" data-sizes=\"(max-width: 709px) 85vw, (max-width: 909px) 67vw, (max-width: 1362px) 62vw, 840px\" data-was-processed=\"true\" \/><\/div>\n<div class=\"tribe-events-single-event-description tribe-events-content\">\n<p>Rendez-vous \u00e0 partir de 13h30 \u00e0 l\u2019aMICHEmin pour le 1er concours de Belote de l\u2019aMICHEmin et remportez le troph\u00e9e !<\/p>\n<ul>\n<li>\n<ul>\n<li>14h00 : d\u00e9but des parties<\/li>\n<li>16h30 : pause gourmande<\/li>\n<li>17h30 : reprise des parties<\/li>\n<li>19h30 : remise du troph\u00e9e<\/li>\n<\/ul>\n<\/li>\n<\/ul>\n<p><a href=\"https:\/\/www.lamichemin.fr\/wp-content\/uploads\/2024\/11\/regles-officielles-de-la-Belote-27-01-2016.pdf\">Voir les r\u00e8gles officielles<\/a><br \/>\nBelote sans annonce.<br \/>\nInscription en doublette form\u00e9e.<br \/>\n16 \u00e9quipes maxi.<br \/>\nPossibilit\u00e9 d\u2019inscription en solo : constitution des \u00e9quipes par ordre d\u2019inscription.<\/p>\n<p>Le troph\u00e9e sera remis en jeu au concours suivant.<\/p>\n<p>INFOS PRATIQUES<br \/>\n\ud83d\udd96\ud83c\udffc Ouvert \u00e0 tous\u00b7tes<br \/>\n\ud83d\udd0e L\u2019aMICHEmin, int\u00e9rieur<br \/>\n\ud83d\udcb6\u00a0 10\u20ac\/\u00e9quipe<br \/>\n\u260e\u00a0 <a href=\"mailto:lamichemin@proton.me\">lamichemin[@]proton.me<\/a><\/p>\n<\/div>\n<\/div>\n<\/div>\n<\/div>\n<\/div>\n","protected":false},"excerpt":{"rendered":"<div class=\"mh-excerpt\">Le samedi 14 d\u00e9cembre 2024 de 13h30 \u00e0 19h30 Rendez-vous \u00e0 partir de 13h30 \u00e0 l\u2019aMICHEmin pour le 1er concours de Belote de l\u2019aMICHEmin et remportez le troph\u00e9e ! 14h00 : d\u00e9but des parties 16h30 <a class=\"mh-excerpt-more\" href=\"https:\/\/www.o-p-i.fr\/parlonsen\/localisation\/au-pays-des-tescous\/monclar\/concours-de-belote-a-monclar-de-quercy-82-3\/\" title=\"Concours de Belote &#8230; \u00e0 Monclar de Quercy (82)\">[&#8230;]<\/a><\/div>\n","protected":false},"author":9,"featured_media":63091,"comment_status":"open","ping_status":"open","sticky":false,"template":"","format":"standard","meta":{"om_disable_all_campaigns":false,"advanced_seo_description":"","jetpack_seo_html_title":"","jetpack_seo_noindex":false,"_jetpack_memberships_contains_paid_content":false,"footnotes":"","_links_to":"","_links_to_target":""},"categories":[52,16,6196],"tags":[143,2942,5164,6300],"class_list":{"0":"post-63089","1":"post","2":"type-post","3":"status-publish","4":"format-standard","5":"has-post-thumbnail","7":"category-parlons-en","8":"category-monclar","9":"category-n-224-novembre-2024","10":"tag-monclar-de-quercy","11":"tag-concours-de-belote","12":"tag-lamichemin","13":"tag-s4924"},"jetpack_featured_media_url":"https:\/\/i0.wp.com\/www.o-p-i.fr\/parlonsen\/wp-content\/uploads\/concoursbelotelamichemin2024.jpg?fit=960%2C540&ssl=1","views":{"total":17,"cached_at":"","cached_date":1738491305},"jetpack_likes_enabled":true,"jetpack_sharing_enabled":true,"jetpack_shortlink":"https:\/\/wp.me\/pg7Wxj-gpz","jetpack-related-posts":[],"_links":{"self":[{"href":"https:\/\/www.o-p-i.fr\/parlonsen\/wp-json\/wp\/v2\/posts\/63089","targetHints":{"allow":["GET"]}}],"collection":[{"href":"https:\/\/www.o-p-i.fr\/parlonsen\/wp-json\/wp\/v2\/posts"}],"about":[{"href":"https:\/\/www.o-p-i.fr\/parlonsen\/wp-json\/wp\/v2\/types\/post"}],"author":[{"embeddable":true,"href":"https:\/\/www.o-p-i.fr\/parlonsen\/wp-json\/wp\/v2\/users\/9"}],"replies":[{"embeddable":true,"href":"https:\/\/www.o-p-i.fr\/parlonsen\/wp-json\/wp\/v2\/comments?post=63089"}],"version-history":[{"count":0,"href":"https:\/\/www.o-p-i.fr\/parlonsen\/wp-json\/wp\/v2\/posts\/63089\/revisions"}],"wp:featuredmedia":[{"embeddable":true,"href":"https:\/\/www.o-p-i.fr\/parlonsen\/wp-json\/wp\/v2\/media\/63091"}],"wp:attachment":[{"href":"https:\/\/www.o-p-i.fr\/parlonsen\/wp-json\/wp\/v2\/media?parent=63089"}],"wp:term":[{"taxonomy":"category","embeddable":true,"href":"https:\/\/www.o-p-i.fr\/parlonsen\/wp-json\/wp\/v2\/categories?post=63089"},{"taxonomy":"post_tag","embeddable":true,"href":"https:\/\/www.o-p-i.fr\/parlonsen\/wp-json\/wp\/v2\/tags?post=63089"}],"curies":[{"name":"wp","href":"https:\/\/api.w.org\/{rel}","templated":true}]}}