{"id":63169,"date":"2024-12-04T16:38:39","date_gmt":"2024-12-04T15:38:39","guid":{"rendered":"https:\/\/www.o-p-i.fr\/parlonsen\/?p=63169"},"modified":"2025-11-05T00:05:23","modified_gmt":"2025-11-04T23:05:23","slug":"marche-de-noel-a-monclar-de-quercy-82-9","status":"publish","type":"post","link":"https:\/\/www.o-p-i.fr\/parlonsen\/localisation\/au-pays-des-tescous\/monclar\/marche-de-noel-a-monclar-de-quercy-82-9\/","title":{"rendered":"March\u00e9 de No\u00ebl&#8230;\u00e0 Monclar de Quercy (82)"},"content":{"rendered":"<p><strong>Dimanche 8 d\u00e9cembre 2024,<\/strong> de 10h. \u00e0\u00a0 17h. au boulodrame esplanade des lacs.<\/p>\n<p><!--more--><\/p>\n<p><img data-recalc-dims=\"1\" loading=\"lazy\" decoding=\"async\" class=\"aligncenter size-full wp-image-63173\" src=\"https:\/\/i0.wp.com\/www.o-p-i.fr\/parlonsen\/wp-content\/uploads\/MARCHe-de-Noel-Monclar.jpg?resize=624%2C351&#038;ssl=1\" alt=\"\" width=\"624\" height=\"351\" srcset=\"https:\/\/i0.wp.com\/www.o-p-i.fr\/parlonsen\/wp-content\/uploads\/MARCHe-de-Noel-Monclar.jpg?w=624&amp;ssl=1 624w, https:\/\/i0.wp.com\/www.o-p-i.fr\/parlonsen\/wp-content\/uploads\/MARCHe-de-Noel-Monclar.jpg?resize=300%2C169&amp;ssl=1 300w, https:\/\/i0.wp.com\/www.o-p-i.fr\/parlonsen\/wp-content\/uploads\/MARCHe-de-Noel-Monclar.jpg?resize=400%2C225&amp;ssl=1 400w, https:\/\/i0.wp.com\/www.o-p-i.fr\/parlonsen\/wp-content\/uploads\/MARCHe-de-Noel-Monclar.jpg?resize=430%2C242&amp;ssl=1 430w, https:\/\/i0.wp.com\/www.o-p-i.fr\/parlonsen\/wp-content\/uploads\/MARCHe-de-Noel-Monclar.jpg?resize=150%2C84&amp;ssl=1 150w, https:\/\/i0.wp.com\/www.o-p-i.fr\/parlonsen\/wp-content\/uploads\/MARCHe-de-Noel-Monclar.jpg?resize=100%2C56&amp;ssl=1 100w\" sizes=\"auto, (max-width: 624px) 100vw, 624px\" \/><\/p>\n<p class=\"v1text-build-content\">Rendez-vous le\u00a0<b>Dimanche 8 D\u00e9cembre 2024<\/b>, de 10h \u00e0 17h, sous le Boulodrome, Esplanade du Lac pour le March\u00e9 de No\u00ebl de Monclar de Quercy.<\/p>\n<p class=\"v1text-build-content\">\u00a0Artisanat et Produits du terroir avec une vingtaine de producteurs et artisans locaux !<\/p>\n<p class=\"v1text-build-content\">Petite restauration sur place &#8211; Soupes, Hu\u00eetres, Camembert \u00e0 la braise, Cr\u00eapes<\/p>\n<ul>\n<li class=\"v1text-build-content\">10h \u2013 17h : Jeux en bois g\u00e9ants \u00e0 disposition<\/li>\n<li>10h \u2013 12h : Maquillages avec Maga<\/li>\n<li>11h30 : Concert avec Ok Chorale, dirig\u00e9e par <strong>C\u00e9cile Perfetti.<\/strong><\/li>\n<\/ul>\n<p class=\"v1text-build-content\"><b>Exposants Artisanat Local &amp; Produits du Terroir :\u00a0<\/b><\/p>\n<ul>\n<li>AML Cr\u00e9ations \/ Anne-Marie Laval \/ Cr\u00e9ations Couture<\/li>\n<li>HS Cuir Cr\u00e9ations \/ H\u00e9l\u00e8ne Sarrazin \/ Maroquinerie<\/li>\n<li>Prem Mathieu \/ Bois Tourn\u00e9<\/li>\n<li>Baba Yaga Couture \/ Garance Jacquemin \u00a0\/ Accessoires Couture Z\u00e9ro d\u00e9chets<\/li>\n<li>Nicolas Flotat \/ Aquarelles<\/li>\n<li>Pascal Vialaret \/ Vanneries d&rsquo;Osier<\/li>\n<li>Elilobio \/ Laura et Elie \/ Sirops, Chutneys, Tartinades<\/li>\n<li>Cueillir la vie \/ Annie Debacque \/ Plantes Aromatiques et M\u00e9dicinales : Tisanes, Hydrolats &#8230;<\/li>\n<li>Marie-C\u00e9cile Gibert \/ Sels aux Herbes, Gomasio, Eponges, Compositions Florales<\/li>\n<li>Jean-Pierre Peries \/ Amandes, Safran<\/li>\n<li>Elsa Gay \/ Plantes Grasses<\/li>\n<li>L&rsquo;\u00eesle aux cr\u00e9a de Lyne \/ Roselyne P\u00e9lissier \/ Cr\u00e9ations Couture<\/li>\n<li>L&rsquo;Or\u00e9e des Savons \/ Asseline Derepas \/ \u00a0Savons, D\u00e9co parfum\u00e9es<\/li>\n<li>Jessica Leduc \/ \u00a0Miels et produits de la Ruche, Bougies, D\u00e9co Florales, Bijoux<\/li>\n<li>Henri et Annie Mourot \/ Cartes de V\u0153ux<\/li>\n<li>B\u00e9atrice Beneschi &amp; Dominique Marty \/ D\u00e9corations \u00a0de No\u00ebl<\/li>\n<li>Fran\u00e7ois Monteillet \/ Lutherie artisanale<\/li>\n<li>Les petites passions de Christel \/ Christel Maldonado \/ Centres de tables, Suspensions, Gnomes, Bijoux et Accessoires en tissu<\/li>\n<li>Espace Ado \u2013 Familles Rurales \/ D\u00e9corations de \u00a0No\u00ebl, Bracelets<\/li>\n<li>APEM La Rose des Vents \/ D\u00e9corations de \u00a0No\u00ebl<\/li>\n<\/ul>\n<p class=\"v1text-build-content\"><b>Petite restauration sur place<\/b><\/p>\n<ul>\n<li>Cr\u00eapes et G\u00e2teaux \/ APEL Saint-Joseph<\/li>\n<li>Caf\u00e9, Soupe au Potimarron, Gaufres \/ APEM La Rose des Vents<\/li>\n<li>Hu\u00eetres, Bulots, Crevettes \/ La Perle des Hu\u00eetres \/ St\u00e9phanie Vergnes<\/li>\n<li>Camembert \u00e0 la braise, Frites, Grillades \/ La R\u00f4tisserie de nos campagnes<\/li>\n<li>Vin Chaud, Bar \u00e0 Soupes \/ L&rsquo;aMICHEmin<\/li>\n<\/ul>\n<p class=\"v1text-build-content\"><strong>\u00a0INFOS PRATIQUES<\/strong><\/p>\n<ul>\n<li class=\"v1text-build-content\">\u00a0Ouvert \u00e0 tous\u00b7tes<\/li>\n<li>Boulodrome \u2013 Monclar de Quercy<\/li>\n<li>Gratuit<\/li>\n<\/ul>\n<p><em>Information communiqu\u00e9e par \u00ab\u00a0La Michemin\u00a0\u00bb<\/em><\/p>\n<p><a href=\"mailto:&quot;https:\/\/www.o-p-i.fr\/aupays\/au-pays\/agenda\/&quot;\">Retrouvez tous les \u00e9v\u00e9nements dans l&rsquo;agenda !<\/a><\/p>\n<p>&nbsp;<\/p>\n","protected":false},"excerpt":{"rendered":"<div class=\"mh-excerpt\">Dimanche 8 d\u00e9cembre 2024, de 10h. \u00e0\u00a0 17h. au boulodrame esplanade des lacs.<\/div>\n","protected":false},"author":4,"featured_media":56539,"comment_status":"open","ping_status":"open","sticky":false,"template":"","format":"standard","meta":{"om_disable_all_campaigns":false,"advanced_seo_description":"","jetpack_seo_html_title":"","jetpack_seo_noindex":false,"_jetpack_memberships_contains_paid_content":false,"footnotes":"","_links_to":"","_links_to_target":""},"categories":[52,16,6231],"tags":[143,757,5164,6300],"class_list":{"0":"post-63169","1":"post","2":"type-post","3":"status-publish","4":"format-standard","5":"has-post-thumbnail","7":"category-parlons-en","8":"category-monclar","9":"category-n-225-decembre-2024","10":"tag-monclar-de-quercy","11":"tag-marche-de-noel","12":"tag-lamichemin","13":"tag-s4924"},"jetpack_featured_media_url":"https:\/\/i0.wp.com\/www.o-p-i.fr\/parlonsen\/wp-content\/uploads\/laMICHEmin.jpg?fit=198%2C120&ssl=1","views":{"total":28,"cached_at":"","cached_date":1738446698},"jetpack_likes_enabled":true,"jetpack_sharing_enabled":true,"jetpack_shortlink":"https:\/\/wp.me\/pg7Wxj-gqR","jetpack-related-posts":[],"_links":{"self":[{"href":"https:\/\/www.o-p-i.fr\/parlonsen\/wp-json\/wp\/v2\/posts\/63169","targetHints":{"allow":["GET"]}}],"collection":[{"href":"https:\/\/www.o-p-i.fr\/parlonsen\/wp-json\/wp\/v2\/posts"}],"about":[{"href":"https:\/\/www.o-p-i.fr\/parlonsen\/wp-json\/wp\/v2\/types\/post"}],"author":[{"embeddable":true,"href":"https:\/\/www.o-p-i.fr\/parlonsen\/wp-json\/wp\/v2\/users\/4"}],"replies":[{"embeddable":true,"href":"https:\/\/www.o-p-i.fr\/parlonsen\/wp-json\/wp\/v2\/comments?post=63169"}],"version-history":[{"count":1,"href":"https:\/\/www.o-p-i.fr\/parlonsen\/wp-json\/wp\/v2\/posts\/63169\/revisions"}],"predecessor-version":[{"id":66842,"href":"https:\/\/www.o-p-i.fr\/parlonsen\/wp-json\/wp\/v2\/posts\/63169\/revisions\/66842"}],"wp:featuredmedia":[{"embeddable":true,"href":"https:\/\/www.o-p-i.fr\/parlonsen\/wp-json\/wp\/v2\/media\/56539"}],"wp:attachment":[{"href":"https:\/\/www.o-p-i.fr\/parlonsen\/wp-json\/wp\/v2\/media?parent=63169"}],"wp:term":[{"taxonomy":"category","embeddable":true,"href":"https:\/\/www.o-p-i.fr\/parlonsen\/wp-json\/wp\/v2\/categories?post=63169"},{"taxonomy":"post_tag","embeddable":true,"href":"https:\/\/www.o-p-i.fr\/parlonsen\/wp-json\/wp\/v2\/tags?post=63169"}],"curies":[{"name":"wp","href":"https:\/\/api.w.org\/{rel}","templated":true}]}}