{"id":63236,"date":"2024-12-12T14:14:39","date_gmt":"2024-12-12T13:14:39","guid":{"rendered":"https:\/\/www.o-p-i.fr\/parlonsen\/?p=63236"},"modified":"2024-12-12T14:15:13","modified_gmt":"2024-12-12T13:15:13","slug":"cine-monclar-on-aurait-du-aller-en-grece","status":"publish","type":"post","link":"https:\/\/www.o-p-i.fr\/parlonsen\/localisation\/au-pays-des-tescous\/monclar\/cine-monclar-on-aurait-du-aller-en-grece\/","title":{"rendered":"Cin\u00e9 Monclar &#8211; ON AURAIT D\u00db ALLER EN GR\u00c8CE"},"content":{"rendered":"<div id=\"pl-63236\"  class=\"panel-layout\" ><div id=\"pg-63236-0\"  class=\"panel-grid panel-no-style\" ><div id=\"pgc-63236-0-0\"  class=\"panel-grid-cell\" ><div id=\"panel-63236-0-0-0\" class=\"so-panel widget widget_sow-editor panel-first-child widgetopts-SO\" data-index=\"0\" ><div\n\t\t\t\n\t\t\tclass=\"so-widget-sow-editor so-widget-sow-editor-base\"\n\t\t\t\n\t\t>\n<div class=\"siteorigin-widget-tinymce textwidget\">\n\t<p><strong>Cin\u00e9-Solidaire Jeudi 12 d\u00e9cembre 2024<\/strong> \u00e0\u00a0 15h.<br \/>\nON AURAIT D\u00db ALLER EN GR\u00c8CE<\/p>\n<p><a href=\"https:\/\/www.google.com\/search?q=bande+annonce++ON+AURAIT+D%C3%9B+ALLER+EN+GR%C3%88CE&amp;sca_esv=7007c42d54e7c1db&amp;rlz=1C1CHZN_frFR989FR991&amp;sxsrf=ADLYWILcC5ndJb45zJkPbqxKjaCmhxxvzQ%3A1732143216135&amp;ei=cGg-Z-j2B9-bkdUPzpy6wQM&amp;ved=0ahUKEwjo7uOogOyJAxXfTaQEHU6OLjgQ4dUDCA8&amp;oq=bande+annonce++ON+AURAIT+D%C3%9B+ALLER+EN+GR%C3%88CE&amp;gs_lp=Egxnd3Mtd2l6LXNlcnAiLGJhbmRlIGFubm9uY2UgIE9OIEFVUkFJVCBEw5sgQUxMRVIgRU4gR1LDiENFMgUQABiABDIGEAAYFhgeMggQABiABBiiBDIIEAAYgAQYogQyCBAAGIAEGKIEMggQABiABBiiBEiLhAFQoyFYoyFwAXgAkAEAmAFloAG0AaoBAzEuMbgBDMgBAPgBAvgBAZgCAqACbMICChAAGLADGNYEGEeYAwCIBgGQBgiSBwMxLjGgB6wJ&amp;sclient=gws-wiz-serp#fpstate=ive&amp;vld=cid:e0dc6b9d,vid:_wZWeQVocqw,st:0\" target=\"_blank\" rel=\"noopener\"><em>Pour voir la bande annonce, cliq<\/em><em>u<\/em><em>ez ici<\/em><\/a><\/p>\n<p>&nbsp;<\/p>\n<p>&nbsp;<\/p>\n<p>&nbsp;<\/p>\n<\/div>\n<\/div><\/div><div id=\"panel-63236-0-0-1\" class=\"so-panel widget widget_sow-video widgetopts-SO\" data-index=\"1\" ><div\n\t\t\t\n\t\t\tclass=\"so-widget-sow-video so-widget-sow-video-default-c08170c47cfb-63236\"\n\t\t\t\n\t\t><h3 class=\"widget-title\">Bande annonce<\/h3>\n<div class=\"sow-video-wrapper\n\">\n\t\t\t<iframe loading=\"lazy\" title=\"ON AURAIT D\u00db ALLER EN GR\u00c8CE Bande Annonce (2024) G\u00e9rard Jugnot\" width=\"640\" height=\"360\" src=\"https:\/\/www.youtube.com\/embed\/_wZWeQVocqw?feature=oembed&enablejsapi=1\" frameborder=\"0\" allow=\"accelerometer; autoplay; clipboard-write; encrypted-media; gyroscope; picture-in-picture; web-share\" referrerpolicy=\"strict-origin-when-cross-origin\" allowfullscreen allowfullscreen mozallowfullscreen webkitallowfullscreen sandbox=\"allow-scripts allow-same-origin allow-presentation\"><\/iframe>\t<\/div>\n<\/div><\/div><div id=\"panel-63236-0-0-2\" class=\"so-panel widget widget_sow-editor panel-last-child widgetopts-SO\" data-index=\"2\" ><div\n\t\t\t\n\t\t\tclass=\"so-widget-sow-editor so-widget-sow-editor-base\"\n\t\t\t\n\t\t>\n<div class=\"siteorigin-widget-tinymce textwidget\">\n\t<p><strong>Pour t\u00e9l\u00e9charger le programme illustr\u00e9 n\u00b0 139 <\/strong>cliquez ici: <a href=\"https:\/\/www.o-p-i.fr\/parlonsen\/localisation\/monclar\/cinemonclar-le-programme-du-vendredi-1er-novembre-au-mardi-26-novembre-2024-a-monclar-de-quercy-82\/attachment\/a4-139\/\" rel=\"attachment wp-att-62859\">A4 139<\/a><\/p>\n<p><em>Information communiqu\u00e9e par Guy ROUMAGNAC<\/em><\/p>\n<p>Cin\u00e9ma Monclar de Quercy<\/p>\n<p>Place des Capitouls,<\/p>\n<p>82230 Monclar-de-Quercy<\/p>\n<\/div>\n<\/div><\/div><\/div><\/div><\/div>","protected":false},"excerpt":{"rendered":"<div class=\"mh-excerpt\">Cin\u00e9-Solidaire Jeudi 12 d\u00e9cembre 2024 \u00e0\u00a0 15h. ON AURAIT D\u00db ALLER EN GR\u00c8CE Pour voir la bande annonce, cliquez ici &nbsp; &nbsp; &nbsp; Pour t\u00e9l\u00e9charger le programme illustr\u00e9 n\u00b0 139 cliquez ici: A4 139 Information <a class=\"mh-excerpt-more\" href=\"https:\/\/www.o-p-i.fr\/parlonsen\/localisation\/au-pays-des-tescous\/monclar\/cine-monclar-on-aurait-du-aller-en-grece\/\" title=\"Cin\u00e9 Monclar &#8211; ON AURAIT D\u00db ALLER EN GR\u00c8CE\">[&#8230;]<\/a><\/div>\n","protected":false},"author":9,"featured_media":62094,"comment_status":"open","ping_status":"open","sticky":false,"template":"","format":"video","meta":{"om_disable_all_campaigns":false,"advanced_seo_description":"","jetpack_seo_html_title":"","jetpack_seo_noindex":false,"_jetpack_memberships_contains_paid_content":false,"footnotes":"","_links_to":"","_links_to_target":""},"categories":[52,16,6231],"tags":[2998,6302],"class_list":{"0":"post-63236","1":"post","2":"type-post","3":"status-publish","4":"format-video","5":"has-post-thumbnail","7":"category-parlons-en","8":"category-monclar","9":"category-n-225-decembre-2024","10":"tag-cine-monclar","11":"tag-s5024","12":"post_format-post-format-video"},"jetpack_featured_media_url":"https:\/\/i0.wp.com\/www.o-p-i.fr\/parlonsen\/wp-content\/uploads\/camera-cinema.jpg?fit=225%2C225&ssl=1","views":{"total":3,"cached_at":"","cached_date":1738532631},"jetpack_likes_enabled":true,"jetpack_sharing_enabled":true,"jetpack_shortlink":"https:\/\/wp.me\/pg7Wxj-grW","jetpack-related-posts":[],"_links":{"self":[{"href":"https:\/\/www.o-p-i.fr\/parlonsen\/wp-json\/wp\/v2\/posts\/63236","targetHints":{"allow":["GET"]}}],"collection":[{"href":"https:\/\/www.o-p-i.fr\/parlonsen\/wp-json\/wp\/v2\/posts"}],"about":[{"href":"https:\/\/www.o-p-i.fr\/parlonsen\/wp-json\/wp\/v2\/types\/post"}],"author":[{"embeddable":true,"href":"https:\/\/www.o-p-i.fr\/parlonsen\/wp-json\/wp\/v2\/users\/9"}],"replies":[{"embeddable":true,"href":"https:\/\/www.o-p-i.fr\/parlonsen\/wp-json\/wp\/v2\/comments?post=63236"}],"version-history":[{"count":0,"href":"https:\/\/www.o-p-i.fr\/parlonsen\/wp-json\/wp\/v2\/posts\/63236\/revisions"}],"wp:featuredmedia":[{"embeddable":true,"href":"https:\/\/www.o-p-i.fr\/parlonsen\/wp-json\/wp\/v2\/media\/62094"}],"wp:attachment":[{"href":"https:\/\/www.o-p-i.fr\/parlonsen\/wp-json\/wp\/v2\/media?parent=63236"}],"wp:term":[{"taxonomy":"category","embeddable":true,"href":"https:\/\/www.o-p-i.fr\/parlonsen\/wp-json\/wp\/v2\/categories?post=63236"},{"taxonomy":"post_tag","embeddable":true,"href":"https:\/\/www.o-p-i.fr\/parlonsen\/wp-json\/wp\/v2\/tags?post=63236"}],"curies":[{"name":"wp","href":"https:\/\/api.w.org\/{rel}","templated":true}]}}