{"id":63290,"date":"2024-12-17T18:25:58","date_gmt":"2024-12-17T17:25:58","guid":{"rendered":"https:\/\/www.o-p-i.fr\/parlonsen\/?p=63290"},"modified":"2024-12-19T13:27:33","modified_gmt":"2024-12-19T12:27:33","slug":"accords-festifs-a-puycelsi-81","status":"publish","type":"post","link":"https:\/\/www.o-p-i.fr\/parlonsen\/localisation\/a-cote-de-chez-nous\/accords-festifs-a-puycelsi-81\/","title":{"rendered":"\u00ab\u00a0Accords festifs\u00a0\u00bb&#8230;\u00e0 Puycelsi (81)"},"content":{"rendered":"<p><strong>Samedi 21 d\u00e9cembre 2024<\/strong>, \u00e0 partir de 10h.au ch\u00e2teau de Terride.<!--more--><\/p>\n<p><img data-recalc-dims=\"1\" loading=\"lazy\" decoding=\"async\" class=\"alignright size-full wp-image-63291\" src=\"https:\/\/i0.wp.com\/www.o-p-i.fr\/parlonsen\/wp-content\/uploads\/accords-festifs.jpg?resize=425%2C356&#038;ssl=1\" alt=\"\" width=\"425\" height=\"356\" srcset=\"https:\/\/i0.wp.com\/www.o-p-i.fr\/parlonsen\/wp-content\/uploads\/accords-festifs.jpg?w=425&amp;ssl=1 425w, https:\/\/i0.wp.com\/www.o-p-i.fr\/parlonsen\/wp-content\/uploads\/accords-festifs.jpg?resize=300%2C251&amp;ssl=1 300w, https:\/\/i0.wp.com\/www.o-p-i.fr\/parlonsen\/wp-content\/uploads\/accords-festifs.jpg?resize=400%2C335&amp;ssl=1 400w, https:\/\/i0.wp.com\/www.o-p-i.fr\/parlonsen\/wp-content\/uploads\/accords-festifs.jpg?resize=150%2C126&amp;ssl=1 150w, https:\/\/i0.wp.com\/www.o-p-i.fr\/parlonsen\/wp-content\/uploads\/accords-festifs.jpg?resize=100%2C84&amp;ssl=1 100w\" sizes=\"auto, (max-width: 425px) 100vw, 425px\" \/>\u00a0Les f\u00eates approchent \u00e0 grands pas, et nous sommes ravis de vous inspirer pour vos repas de No\u00ebl et de Nouvel An avec nos Accords Festifs !<\/p>\n<p>Voici le programme des deux derniers samedis :<\/p>\n<p>Samedi 21 d\u00e9cembre : Foie Gras &amp; Blanc Doux<\/p>\n<p>Laissez-vous tenter par un accord raffin\u00e9 entre le foie gras de la Ferme du Lacas et notre vin blanc doux bio, parfait pour vos tables de f\u00eate.<\/p>\n<p>O\u00d9 ?<\/p>\n<p>&#8212; au Ch\u00e2teau de Terride \u2013 un moment convivial et gourmand vous attend !<\/p>\n<p>QUAND ?<\/p>\n<p>&#8212; samedi 21 d\u00e9cembre 2024, \u00e0 partir de 10h<\/p>\n<p>POURQUOI ?<\/p>\n<p>&#8212; pour vous inspirer et vous donner des id\u00e9es d\u2019accords inoubliables pour vos repas de f\u00eates<\/p>\n<p>Nous avons h\u00e2te de partager ces instants festifs avec vous !!<\/p>\n<p>&#8212;&#8212;&#8212;&#8212;&#8212;&#8212;&#8212;&#8212;&#8212;&#8212;&#8212;&#8212;&#8212;&#8212;&#8212;&#8212;&#8212;&#8212;&#8212;&#8212;&#8212;&#8212;&#8212;&#8212;&#8212;&#8212;&#8212;&#8212;&#8212;&#8212;&#8212;&#8212;&#8212;&#8212;&#8212;&#8212;&#8212;<\/p>\n<p>Si vous souhaitez r\u00e9server :<br \/>\n\ud83d\udcde 05 63 33 26 63<br \/>\n\ud83d\udce7 info@chateaudeterride.com<\/p>\n<p>&nbsp;<\/p>\n<p><img data-recalc-dims=\"1\" loading=\"lazy\" decoding=\"async\" class=\"size-full wp-image-57659 alignleft\" src=\"https:\/\/i0.wp.com\/www.o-p-i.fr\/parlonsen\/wp-content\/uploads\/chateau-de-terride.jpg?resize=283%2C282&#038;ssl=1\" alt=\"\" width=\"283\" height=\"282\" srcset=\"https:\/\/i0.wp.com\/www.o-p-i.fr\/parlonsen\/wp-content\/uploads\/chateau-de-terride.jpg?w=283&amp;ssl=1 283w, https:\/\/i0.wp.com\/www.o-p-i.fr\/parlonsen\/wp-content\/uploads\/chateau-de-terride.jpg?resize=150%2C149&amp;ssl=1 150w, https:\/\/i0.wp.com\/www.o-p-i.fr\/parlonsen\/wp-content\/uploads\/chateau-de-terride.jpg?resize=100%2C100&amp;ssl=1 100w\" sizes=\"auto, (max-width: 283px) 100vw, 283px\" \/>Alix et Romain<br \/>\nCh\u00e2teau de Terride<br \/>\n185 Rte de Ste Catherine<br \/>\n81140 Puycelsi<br \/>\nTel: 05 63 33 26 63<br \/>\n<a href=\"mailto:Info@chateaudeterride.com\" target=\"_blank\" rel=\"noopener\">Info@chateaudeterride.com<\/a><br \/>\n<a href=\"http:\/\/www.chateaudeterride.com\/\" target=\"_blank\" rel=\"noopener\" data-saferedirecturl=\"https:\/\/www.google.com\/url?q=http:\/\/www.chateaudeterride.com&amp;source=gmail&amp;ust=1726589300354000&amp;usg=AOvVaw1VYdDtGVZIYvrsMPqzkuwQ\">www.chateaudeterride.com<\/a><br \/>\nDu lundi au samedi<br \/>\nde 10h \u00e012h et de 14h \u00e0 18h<\/p>\n<p>&nbsp;<\/p>\n<p><em>Information communiqu\u00e9e par Alix<\/em><\/p>\n<p><a href=\"mailto:&quot;https:\/\/www.o-p-i.fr\/aupays\/au-pays\/agenda\/&quot;\">Retrouvez tous les \u00e9v\u00e9nements dans l&rsquo;agenda !<\/a><\/p>\n","protected":false},"excerpt":{"rendered":"<div class=\"mh-excerpt\">Samedi 21 d\u00e9cembre 2024, \u00e0 partir de 10h.au ch\u00e2teau de Terride.<\/div>\n","protected":false},"author":4,"featured_media":46244,"comment_status":"open","ping_status":"open","sticky":false,"template":"","format":"standard","meta":{"om_disable_all_campaigns":false,"advanced_seo_description":"","jetpack_seo_html_title":"","jetpack_seo_noindex":false,"_jetpack_memberships_contains_paid_content":false,"footnotes":"","_links_to":"","_links_to_target":""},"categories":[52,42,54,6231],"tags":[1167,6304,157,478],"class_list":{"0":"post-63290","1":"post","2":"type-post","3":"status-publish","4":"format-standard","5":"has-post-thumbnail","7":"category-parlons-en","8":"category-a-cote-de-chez-nous","9":"category-loisirs","10":"category-n-225-decembre-2024","11":"tag-chateau-de-terride","12":"tag-s5124","13":"tag-repas","14":"tag-puycelsi"},"jetpack_featured_media_url":"https:\/\/i0.wp.com\/www.o-p-i.fr\/parlonsen\/wp-content\/uploads\/Terride-2.jpg?fit=425%2C224&ssl=1","views":{"total":12,"cached_at":"","cached_date":1738469539},"jetpack_likes_enabled":true,"jetpack_sharing_enabled":true,"jetpack_shortlink":"https:\/\/wp.me\/pg7Wxj-gsO","jetpack-related-posts":[],"_links":{"self":[{"href":"https:\/\/www.o-p-i.fr\/parlonsen\/wp-json\/wp\/v2\/posts\/63290","targetHints":{"allow":["GET"]}}],"collection":[{"href":"https:\/\/www.o-p-i.fr\/parlonsen\/wp-json\/wp\/v2\/posts"}],"about":[{"href":"https:\/\/www.o-p-i.fr\/parlonsen\/wp-json\/wp\/v2\/types\/post"}],"author":[{"embeddable":true,"href":"https:\/\/www.o-p-i.fr\/parlonsen\/wp-json\/wp\/v2\/users\/4"}],"replies":[{"embeddable":true,"href":"https:\/\/www.o-p-i.fr\/parlonsen\/wp-json\/wp\/v2\/comments?post=63290"}],"version-history":[{"count":0,"href":"https:\/\/www.o-p-i.fr\/parlonsen\/wp-json\/wp\/v2\/posts\/63290\/revisions"}],"wp:featuredmedia":[{"embeddable":true,"href":"https:\/\/www.o-p-i.fr\/parlonsen\/wp-json\/wp\/v2\/media\/46244"}],"wp:attachment":[{"href":"https:\/\/www.o-p-i.fr\/parlonsen\/wp-json\/wp\/v2\/media?parent=63290"}],"wp:term":[{"taxonomy":"category","embeddable":true,"href":"https:\/\/www.o-p-i.fr\/parlonsen\/wp-json\/wp\/v2\/categories?post=63290"},{"taxonomy":"post_tag","embeddable":true,"href":"https:\/\/www.o-p-i.fr\/parlonsen\/wp-json\/wp\/v2\/tags?post=63290"}],"curies":[{"name":"wp","href":"https:\/\/api.w.org\/{rel}","templated":true}]}}