{"id":63358,"date":"2024-12-26T14:17:31","date_gmt":"2024-12-26T13:17:31","guid":{"rendered":"https:\/\/www.o-p-i.fr\/parlonsen\/?p=63358"},"modified":"2024-12-26T14:17:31","modified_gmt":"2024-12-26T13:17:31","slug":"reveillon-partage-a-monclar-de-quercy-82-2","status":"publish","type":"post","link":"https:\/\/www.o-p-i.fr\/parlonsen\/parlons-en\/pratique\/reveillon-partage-a-monclar-de-quercy-82-2\/","title":{"rendered":"R\u00e9veillon partag\u00e9&#8230;\u00e0 Monclar de Quercy (82)"},"content":{"rendered":"<p><strong>Mardi 31 d\u00e9cembre 2024<\/strong>,\u00a0 \u00e0 21 h, salle des f\u00eates du groupe scolaire.<!--more-->Mardi 31 d\u00e9cembre \u00e0 21 h \u2013 salle des f\u00eates du Groupe Scolaire \u2013 MONCLAR de QUERCY \u2013 REVEILLON PARTAGE TRAD<br \/>\nSur r\u00e9servations au 05 63 30 48 80 HR ou 06 16 09 51 41<br \/>\nEntr\u00e9e 25 \u20ac plus un plat sal\u00e9 ou sucr\u00e9<br \/>\nOrganis\u00e9 par le R\u00e9veil Occitan<br \/>\nSur R\u00e9servation<\/p>\n<p><img data-recalc-dims=\"1\" loading=\"lazy\" decoding=\"async\" class=\"aligncenter size-full wp-image-63359\" src=\"https:\/\/i0.wp.com\/www.o-p-i.fr\/parlonsen\/wp-content\/uploads\/reveil-oc-2.jpg?resize=624%2C342&#038;ssl=1\" alt=\"\" width=\"624\" height=\"342\" srcset=\"https:\/\/i0.wp.com\/www.o-p-i.fr\/parlonsen\/wp-content\/uploads\/reveil-oc-2.jpg?w=624&amp;ssl=1 624w, https:\/\/i0.wp.com\/www.o-p-i.fr\/parlonsen\/wp-content\/uploads\/reveil-oc-2.jpg?resize=300%2C164&amp;ssl=1 300w, https:\/\/i0.wp.com\/www.o-p-i.fr\/parlonsen\/wp-content\/uploads\/reveil-oc-2.jpg?resize=400%2C219&amp;ssl=1 400w, https:\/\/i0.wp.com\/www.o-p-i.fr\/parlonsen\/wp-content\/uploads\/reveil-oc-2.jpg?resize=430%2C236&amp;ssl=1 430w, https:\/\/i0.wp.com\/www.o-p-i.fr\/parlonsen\/wp-content\/uploads\/reveil-oc-2.jpg?resize=150%2C82&amp;ssl=1 150w, https:\/\/i0.wp.com\/www.o-p-i.fr\/parlonsen\/wp-content\/uploads\/reveil-oc-2.jpg?resize=100%2C55&amp;ssl=1 100w\" sizes=\"auto, (max-width: 624px) 100vw, 624px\" \/><\/p>\n<p><em>Information communiqu\u00e9e par Le eveil Occitan<\/em><\/p>\n<p><a href=\"mailto:&quot;https:\/\/www.o-p-i.fr\/aupays\/au-pays\/agenda\/&quot;\">Retrouvez tous les \u00e9v\u00e9nements dans l&rsquo;agenda !<\/a><\/p>\n<p>&nbsp;<\/p>\n","protected":false},"excerpt":{"rendered":"<div class=\"mh-excerpt\">Mardi 31 d\u00e9cembre 2024,\u00a0 \u00e0 21 h, salle des f\u00eates du groupe scolaire.<\/div>\n","protected":false},"author":4,"featured_media":35105,"comment_status":"open","ping_status":"open","sticky":false,"template":"","format":"standard","meta":{"om_disable_all_campaigns":false,"advanced_seo_description":"","jetpack_seo_html_title":"","jetpack_seo_noindex":false,"_jetpack_memberships_contains_paid_content":false,"footnotes":"","_links_to":"","_links_to_target":""},"categories":[52,16,6,6231],"tags":[143,176,6311],"class_list":{"0":"post-63358","1":"post","2":"type-post","3":"status-publish","4":"format-standard","5":"has-post-thumbnail","7":"category-parlons-en","8":"category-monclar","9":"category-pratique","10":"category-n-225-decembre-2024","11":"tag-monclar-de-quercy","12":"tag-reveillon","13":"tag-s5224"},"jetpack_featured_media_url":"https:\/\/i0.wp.com\/www.o-p-i.fr\/parlonsen\/wp-content\/uploads\/r%C3%A9veil-occitan.jpg?fit=283%2C269&ssl=1","views":{"total":7,"cached_at":"","cached_date":1738419879},"jetpack_likes_enabled":true,"jetpack_sharing_enabled":true,"jetpack_shortlink":"https:\/\/wp.me\/pg7Wxj-gtU","jetpack-related-posts":[],"_links":{"self":[{"href":"https:\/\/www.o-p-i.fr\/parlonsen\/wp-json\/wp\/v2\/posts\/63358","targetHints":{"allow":["GET"]}}],"collection":[{"href":"https:\/\/www.o-p-i.fr\/parlonsen\/wp-json\/wp\/v2\/posts"}],"about":[{"href":"https:\/\/www.o-p-i.fr\/parlonsen\/wp-json\/wp\/v2\/types\/post"}],"author":[{"embeddable":true,"href":"https:\/\/www.o-p-i.fr\/parlonsen\/wp-json\/wp\/v2\/users\/4"}],"replies":[{"embeddable":true,"href":"https:\/\/www.o-p-i.fr\/parlonsen\/wp-json\/wp\/v2\/comments?post=63358"}],"version-history":[{"count":0,"href":"https:\/\/www.o-p-i.fr\/parlonsen\/wp-json\/wp\/v2\/posts\/63358\/revisions"}],"wp:featuredmedia":[{"embeddable":true,"href":"https:\/\/www.o-p-i.fr\/parlonsen\/wp-json\/wp\/v2\/media\/35105"}],"wp:attachment":[{"href":"https:\/\/www.o-p-i.fr\/parlonsen\/wp-json\/wp\/v2\/media?parent=63358"}],"wp:term":[{"taxonomy":"category","embeddable":true,"href":"https:\/\/www.o-p-i.fr\/parlonsen\/wp-json\/wp\/v2\/categories?post=63358"},{"taxonomy":"post_tag","embeddable":true,"href":"https:\/\/www.o-p-i.fr\/parlonsen\/wp-json\/wp\/v2\/tags?post=63358"}],"curies":[{"name":"wp","href":"https:\/\/api.w.org\/{rel}","templated":true}]}}