{"id":63482,"date":"2025-01-09T14:06:57","date_gmt":"2025-01-09T13:06:57","guid":{"rendered":"https:\/\/www.o-p-i.fr\/parlonsen\/?p=63482"},"modified":"2025-01-15T18:35:20","modified_gmt":"2025-01-15T17:35:20","slug":"cine-monclar-leurs-enfants-apres-eux","status":"publish","type":"post","link":"https:\/\/www.o-p-i.fr\/parlonsen\/localisation\/au-pays-des-tescous\/monclar\/cine-monclar-leurs-enfants-apres-eux\/","title":{"rendered":"Cin\u00e9 Monclar &#8211; LEURS ENFANTS APR\u00c8S EUX"},"content":{"rendered":"<div id=\"pl-63482\"  class=\"panel-layout\" ><div id=\"pg-63482-0\"  class=\"panel-grid panel-no-style\" ><div id=\"pgc-63482-0-0\"  class=\"panel-grid-cell\" ><div id=\"panel-63482-0-0-0\" class=\"so-panel widget widget_sow-editor panel-first-child widgetopts-SO\" data-index=\"0\" ><div\n\t\t\t\n\t\t\tclass=\"so-widget-sow-editor so-widget-sow-editor-base\"\n\t\t\t\n\t\t>\n<div class=\"siteorigin-widget-tinymce textwidget\">\n\t<p><strong>Dimanche 19 janvier 2025<\/strong><\/p>\n<p>17h15 LEURS ENFANTS APR\u00c8S EUX<\/p>\n<p><a href=\"https:\/\/www.google.com\/search?q=bande+annonce++LEURS+ENFANTS+APR%C3%88S+EUX&amp;sca_esv=9931d7f4e0845048&amp;rlz=1C1CHZN_frFR989FR991&amp;sxsrf=ADLYWIL2PBrrIb_QQKU5iJaZ_PiSg_VN6Q%3A1734421255705&amp;ei=BythZ8jaKp6ekdUPttX62Ac&amp;ved=0ahUKEwiI-tjWpq6KAxUeT6QEHbaqHnsQ4dUDCBA&amp;oq=bande+annonce++LEURS+ENFANTS+APR%C3%88S+EUX&amp;gs_lp=Egxnd3Mtd2l6LXNlcnAiJ2JhbmRlIGFubm9uY2UgIExFVVJTIEVORkFOVFMgQVBSw4hTIEVVWDIFEAAYgAQyBhAAGBYYHjIIEAAYgAQYogQyCBAAGIAEGKIESKU5UABYAHAAeACQAQCYAWCgAWCqAQExuAEMyAEA-AEC-AEBmAIBoAJmmAMAkgcDMC4xoAetAw&amp;sclient=gws-wiz-serp#fpstate=ive&amp;vld=cid:bf41171a,vid:K6Y-P_FQoI8,st:0\" target=\"_blank\" rel=\"noopener\"> <em>Pour voir la bande annonce, cliq<\/em><em>u<\/em><em>ez ici<\/em><\/a><\/p>\n<p>&nbsp;<\/p>\n<p>&nbsp;<\/p>\n<p>&nbsp;<\/p>\n<p>&nbsp;<\/p>\n<p>&nbsp;<\/p>\n<p>&nbsp;<\/p>\n<\/div>\n<\/div><\/div><div id=\"panel-63482-0-0-1\" class=\"so-panel widget widget_sow-video widgetopts-SO\" data-index=\"1\" ><div\n\t\t\t\n\t\t\tclass=\"so-widget-sow-video so-widget-sow-video-default-c08170c47cfb-63482\"\n\t\t\t\n\t\t><h3 class=\"widget-title\">Bande annonce<\/h3>\n<div class=\"sow-video-wrapper\n\">\n\t\t\t<iframe loading=\"lazy\" title=\"Leurs Enfants Apr\u00e8s Eux | Bande-annonce officielle | Paul Kircher, Angelina Woreth, Gilles Lellouche\" width=\"640\" height=\"360\" src=\"https:\/\/www.youtube.com\/embed\/K6Y-P_FQoI8?feature=oembed&enablejsapi=1\" frameborder=\"0\" allow=\"accelerometer; autoplay; clipboard-write; encrypted-media; gyroscope; picture-in-picture; web-share\" referrerpolicy=\"strict-origin-when-cross-origin\" allowfullscreen allowfullscreen mozallowfullscreen webkitallowfullscreen sandbox=\"allow-scripts allow-same-origin allow-presentation\"><\/iframe>\t<\/div>\n<\/div><\/div><div id=\"panel-63482-0-0-2\" class=\"so-panel widget widget_sow-editor panel-last-child widgetopts-SO\" data-index=\"2\" ><div\n\t\t\t\n\t\t\tclass=\"so-widget-sow-editor so-widget-sow-editor-base\"\n\t\t\t\n\t\t>\n<div class=\"siteorigin-widget-tinymce textwidget\">\n\t<p><strong>Pour t\u00e9l\u00e9charger le programme illustr\u00e9 n\u00b0 141\u00a0 cliquez: <a href=\"https:\/\/www.o-p-i.fr\/parlonsen\/wp-content\/uploads\/A4-141.pdf\">A4 141<\/a><\/strong><\/p>\n<p><em>Information communiqu\u00e9e par Guy ROUMAGNAC<\/em><\/p>\n<p>Cin\u00e9ma Monclar de Quercy<\/p>\n<p>Place des Capitouls,<\/p>\n<p>82230 Monclar-de-Quercy<\/p>\n<\/div>\n<\/div><\/div><\/div><\/div><\/div>","protected":false},"excerpt":{"rendered":"<div class=\"mh-excerpt\">Dimanche 19 janvier 2025 17h15 LEURS ENFANTS APR\u00c8S EUX Pour voir la bande annonce, cliquez ici &nbsp; &nbsp; &nbsp; &nbsp; &nbsp; &nbsp; Pour t\u00e9l\u00e9charger le programme illustr\u00e9 n\u00b0 141\u00a0 cliquez: A4 141 Information communiqu\u00e9e par <a class=\"mh-excerpt-more\" href=\"https:\/\/www.o-p-i.fr\/parlonsen\/localisation\/au-pays-des-tescous\/monclar\/cine-monclar-leurs-enfants-apres-eux\/\" title=\"Cin\u00e9 Monclar &#8211; LEURS ENFANTS APR\u00c8S EUX\">[&#8230;]<\/a><\/div>\n","protected":false},"author":9,"featured_media":62094,"comment_status":"open","ping_status":"open","sticky":false,"template":"","format":"video","meta":{"om_disable_all_campaigns":false,"advanced_seo_description":"","jetpack_seo_html_title":"","jetpack_seo_noindex":false,"_jetpack_memberships_contains_paid_content":false,"footnotes":"","_links_to":"","_links_to_target":""},"categories":[52,16,6296],"tags":[6320,2998],"class_list":{"0":"post-63482","1":"post","2":"type-post","3":"status-publish","4":"format-video","5":"has-post-thumbnail","7":"category-parlons-en","8":"category-monclar","9":"category-n-226-janvier-2025","10":"tag-s0325","11":"tag-cine-monclar","12":"post_format-post-format-video"},"jetpack_featured_media_url":"https:\/\/i0.wp.com\/www.o-p-i.fr\/parlonsen\/wp-content\/uploads\/camera-cinema.jpg?fit=225%2C225&ssl=1","views":{"total":3,"cached_at":"","cached_date":1738151950},"jetpack_likes_enabled":true,"jetpack_sharing_enabled":true,"jetpack_shortlink":"https:\/\/wp.me\/pg7Wxj-gvU","jetpack-related-posts":[],"_links":{"self":[{"href":"https:\/\/www.o-p-i.fr\/parlonsen\/wp-json\/wp\/v2\/posts\/63482","targetHints":{"allow":["GET"]}}],"collection":[{"href":"https:\/\/www.o-p-i.fr\/parlonsen\/wp-json\/wp\/v2\/posts"}],"about":[{"href":"https:\/\/www.o-p-i.fr\/parlonsen\/wp-json\/wp\/v2\/types\/post"}],"author":[{"embeddable":true,"href":"https:\/\/www.o-p-i.fr\/parlonsen\/wp-json\/wp\/v2\/users\/9"}],"replies":[{"embeddable":true,"href":"https:\/\/www.o-p-i.fr\/parlonsen\/wp-json\/wp\/v2\/comments?post=63482"}],"version-history":[{"count":0,"href":"https:\/\/www.o-p-i.fr\/parlonsen\/wp-json\/wp\/v2\/posts\/63482\/revisions"}],"wp:featuredmedia":[{"embeddable":true,"href":"https:\/\/www.o-p-i.fr\/parlonsen\/wp-json\/wp\/v2\/media\/62094"}],"wp:attachment":[{"href":"https:\/\/www.o-p-i.fr\/parlonsen\/wp-json\/wp\/v2\/media?parent=63482"}],"wp:term":[{"taxonomy":"category","embeddable":true,"href":"https:\/\/www.o-p-i.fr\/parlonsen\/wp-json\/wp\/v2\/categories?post=63482"},{"taxonomy":"post_tag","embeddable":true,"href":"https:\/\/www.o-p-i.fr\/parlonsen\/wp-json\/wp\/v2\/tags?post=63482"}],"curies":[{"name":"wp","href":"https:\/\/api.w.org\/{rel}","templated":true}]}}