{"id":63483,"date":"2025-01-09T14:23:40","date_gmt":"2025-01-09T13:23:40","guid":{"rendered":"https:\/\/www.o-p-i.fr\/parlonsen\/?p=63483"},"modified":"2025-01-09T14:37:12","modified_gmt":"2025-01-09T13:37:12","slug":"concert-groupeguappecarto-a-cordes-sur-ciel-81","status":"publish","type":"post","link":"https:\/\/www.o-p-i.fr\/parlonsen\/localisation\/a-cote-de-chez-nous\/concert-groupeguappecarto-a-cordes-sur-ciel-81\/","title":{"rendered":"Concert \u00ab\u00a0Groupe,Guappecarto\u00a0\u00bb&#8230;\u00e0 cordes sur Ciel (81)"},"content":{"rendered":"<p><strong>Samedi 11 janvier 2025<\/strong> \u00e0 20h30, Le Colombier. <!--more--><\/p>\n<h3 style=\"text-align: center;\"><img data-recalc-dims=\"1\" loading=\"lazy\" decoding=\"async\" class=\"size-full wp-image-63490 alignright\" src=\"https:\/\/i0.wp.com\/www.o-p-i.fr\/parlonsen\/wp-content\/uploads\/Guappe-carto.jpg?resize=425%2C300&#038;ssl=1\" alt=\"\" width=\"425\" height=\"300\" srcset=\"https:\/\/i0.wp.com\/www.o-p-i.fr\/parlonsen\/wp-content\/uploads\/Guappe-carto.jpg?w=425&amp;ssl=1 425w, https:\/\/i0.wp.com\/www.o-p-i.fr\/parlonsen\/wp-content\/uploads\/Guappe-carto.jpg?resize=300%2C212&amp;ssl=1 300w, https:\/\/i0.wp.com\/www.o-p-i.fr\/parlonsen\/wp-content\/uploads\/Guappe-carto.jpg?resize=400%2C282&amp;ssl=1 400w, https:\/\/i0.wp.com\/www.o-p-i.fr\/parlonsen\/wp-content\/uploads\/Guappe-carto.jpg?resize=150%2C106&amp;ssl=1 150w, https:\/\/i0.wp.com\/www.o-p-i.fr\/parlonsen\/wp-content\/uploads\/Guappe-carto.jpg?resize=100%2C71&amp;ssl=1 100w\" sizes=\"auto, (max-width: 425px) 100vw, 425px\" \/>GROUPE GUAPPECARTO<\/h3>\n<p>Musiques m\u00e9diterran\u00e9o-gitanes<\/p>\n<p>D\u00e9j\u00e0 20 ans de tourn\u00e9es, d&rsquo;enregistrements et de succ\u00e8s pour le groupe Guappecarto.<\/p>\n<p>Et le voil\u00e0 qui revient c\u00e9l\u00e9brer, pour notre nouvel an, une carri\u00e8re riche en musiques originales n\u00e9oclassiques et gitanes, compos\u00e9es aussi pour le cin\u00e9ma.<\/p>\n<p>Apr\u00e8s des premiers pas en 2004 dans les rues de P\u00e9rouse (Italie), ce groupe de violoniste, batteur, contrebassiste, guitariste&#8230; entame une riche carri\u00e8re, soutenue par l&rsquo;actrice am\u00e9ricaine Madeleine Fischer, et s&rsquo;installe \u00e0 Paris o\u00f9 il frotte ses m\u00e9lodies d&rsquo;Italie aux musiques du monde. Il joue du Palais de Tokyo \u00e0 la Philharmonie \u00e0 Paris, aux Festivals du Film de Venise et d&rsquo;Avignon, avec \u00e0 son actif plus de 1500 concerts rien qu&rsquo;en Europe.<\/p>\n<p>\u00abPour l&rsquo;occasion, disent-ils, nous avons pr\u00e9par\u00e9 de nouveaux arrangements de nos chansons les plus embl\u00e9matiques\u00bb.<\/p>\n<p>Lors de cette soir\u00e9e festive, ils nous donneront un avant-go\u00fbt de leur nouvel album.<\/p>\n<p>Tout public Dur\u00e9e : 1h<\/p>\n<p>Tarifs : 15 \u20ac &#8211; R\u00e9duit : 12 \u20ac &#8211; Enfants \/Ados : 5 \u20ac.<\/p>\n<div><strong><img data-recalc-dims=\"1\" loading=\"lazy\" decoding=\"async\" class=\"size-full wp-image-45384 alignleft\" src=\"https:\/\/i0.wp.com\/www.o-p-i.fr\/parlonsen\/wp-content\/uploads\/le-colombier.jpg?resize=170%2C170&#038;ssl=1\" alt=\"\" width=\"170\" height=\"170\" srcset=\"https:\/\/i0.wp.com\/www.o-p-i.fr\/parlonsen\/wp-content\/uploads\/le-colombier.jpg?w=170&amp;ssl=1 170w, https:\/\/i0.wp.com\/www.o-p-i.fr\/parlonsen\/wp-content\/uploads\/le-colombier.jpg?resize=150%2C150&amp;ssl=1 150w\" sizes=\"auto, (max-width: 170px) 100vw, 170px\" \/>Th\u00e9\u00e2tre Le Colombier<\/strong><\/div>\n<div>8 rue des Tanneries<\/div>\n<div>81170 Les Cabannes &#8211; Cordes sur Ciel<br \/>\n07 83 26 33 11 &#8211; contact@theatrelecolombier.fr<br \/>\nwww.theatrelecolombier<\/div>\n<div><\/div>\n<div><u><strong>R\u00c9SERVATIONS\u00a0<\/strong><strong>\u00a0:\u00a0 07 83 26 33 11<\/strong><\/u><\/div>\n<div><u><strong>\u00a0ou contact@theatrelecolombier.fr<\/strong><\/u><\/div>\n<div><\/div>\n<div><em>Information communiqu\u00e9e par \u00ab\u00a0Le Colombier\u00a0\u00bb<\/em><\/div>\n<div><\/div>\n<div><a href=\"http:\/\/www.o-p-i.fr\/parlonsen\/agenda\/\">Retrouvez tous les \u00e9v\u00e9nements dans l&rsquo;agenda !<\/a><\/div>\n<p>&nbsp;<\/p>\n","protected":false},"excerpt":{"rendered":"<div class=\"mh-excerpt\">Samedi 11 janvier 2025 \u00e0 20h30, Le Colombier.<\/div>\n","protected":false},"author":4,"featured_media":52132,"comment_status":"open","ping_status":"open","sticky":false,"template":"","format":"standard","meta":{"om_disable_all_campaigns":false,"advanced_seo_description":"","jetpack_seo_html_title":"","jetpack_seo_noindex":false,"_jetpack_memberships_contains_paid_content":false,"footnotes":"","_links_to":"","_links_to_target":""},"categories":[52,42,54,6296],"tags":[43,2097,3055,6316],"class_list":{"0":"post-63483","1":"post","2":"type-post","3":"status-publish","4":"format-standard","5":"has-post-thumbnail","7":"category-parlons-en","8":"category-a-cote-de-chez-nous","9":"category-loisirs","10":"category-n-226-janvier-2025","11":"tag-concert","12":"tag-cordes-sur-ciel","13":"tag-theatre-le-colombier","14":"tag-s0225"},"jetpack_featured_media_url":"https:\/\/i0.wp.com\/www.o-p-i.fr\/parlonsen\/wp-content\/uploads\/Le-Colombier-logo.jpg?fit=283%2C62&ssl=1","views":{"total":6,"cached_at":"","cached_date":1738469492},"jetpack_likes_enabled":true,"jetpack_sharing_enabled":true,"jetpack_shortlink":"https:\/\/wp.me\/pg7Wxj-gvV","jetpack-related-posts":[],"_links":{"self":[{"href":"https:\/\/www.o-p-i.fr\/parlonsen\/wp-json\/wp\/v2\/posts\/63483","targetHints":{"allow":["GET"]}}],"collection":[{"href":"https:\/\/www.o-p-i.fr\/parlonsen\/wp-json\/wp\/v2\/posts"}],"about":[{"href":"https:\/\/www.o-p-i.fr\/parlonsen\/wp-json\/wp\/v2\/types\/post"}],"author":[{"embeddable":true,"href":"https:\/\/www.o-p-i.fr\/parlonsen\/wp-json\/wp\/v2\/users\/4"}],"replies":[{"embeddable":true,"href":"https:\/\/www.o-p-i.fr\/parlonsen\/wp-json\/wp\/v2\/comments?post=63483"}],"version-history":[{"count":0,"href":"https:\/\/www.o-p-i.fr\/parlonsen\/wp-json\/wp\/v2\/posts\/63483\/revisions"}],"wp:featuredmedia":[{"embeddable":true,"href":"https:\/\/www.o-p-i.fr\/parlonsen\/wp-json\/wp\/v2\/media\/52132"}],"wp:attachment":[{"href":"https:\/\/www.o-p-i.fr\/parlonsen\/wp-json\/wp\/v2\/media?parent=63483"}],"wp:term":[{"taxonomy":"category","embeddable":true,"href":"https:\/\/www.o-p-i.fr\/parlonsen\/wp-json\/wp\/v2\/categories?post=63483"},{"taxonomy":"post_tag","embeddable":true,"href":"https:\/\/www.o-p-i.fr\/parlonsen\/wp-json\/wp\/v2\/tags?post=63483"}],"curies":[{"name":"wp","href":"https:\/\/api.w.org\/{rel}","templated":true}]}}