{"id":63496,"date":"2025-01-11T12:12:19","date_gmt":"2025-01-11T11:12:19","guid":{"rendered":"https:\/\/www.o-p-i.fr\/parlonsen\/?p=63496"},"modified":"2025-01-23T02:09:46","modified_gmt":"2025-01-23T01:09:46","slug":"brunch-lecture-a-salvagnac-81-37","status":"publish","type":"post","link":"https:\/\/www.o-p-i.fr\/parlonsen\/localisation\/au-pays-des-tescous\/salvagnac\/brunch-lecture-a-salvagnac-81-37\/","title":{"rendered":"Brunch lecture  &#8230; \u00e0 Salvagnac (81)"},"content":{"rendered":"<p><strong>Dimanche 12 janvier et dimanche 25 janvier 2025<\/strong>, \u00e0 l&rsquo;Ecrin<!--more--><\/p>\n<p><strong>La premi\u00e8re invitation\u00a0 pour le brunch &#8211; lecture du mois : c&rsquo;est ce dimanche 12 janvier, \u00e0 partir de 10h30<\/strong><\/p>\n<p>nous parlerons de nos lectures (re\u00e7ues peut-\u00eatre en cadeau) et aim\u00e9es ou non !<\/p>\n<p>Venez partager avec nous ce premier brunch de l&rsquo;ann\u00e9e,<\/p>\n<p>dans la convivialit\u00e9 et la simplicit\u00e9 coutumi\u00e8res ! C&rsquo;est \u00e0 l&rsquo;\u00c9crin , bien s\u00fbr !<\/p>\n<p><strong>Et la deuxi\u00e8me invitation pour la 9\u00e8me Nuit de la Lecture<\/strong> :<\/p>\n<p>une soir\u00e9e de lecture musicale \u00e0 plusieurs voix<\/p>\n<p>sur le th\u00e8me \u00ab\u00a0Les Patrimoines\u00a0\u00bb (culturel, politique, culinaire, architectural, etc.)<\/p>\n<p>le samedi 25 janvier \u00e0 18h30 toujours \u00e0 l&rsquo;\u00c9crin.<\/p>\n<p>Nous vous esp\u00e9rons nombreuses et nombreux !<\/p>\n<p>L&rsquo;\u00e9quipe de b\u00e9n\u00e9voles<\/p>\n<p><img data-recalc-dims=\"1\" loading=\"lazy\" decoding=\"async\" class=\"size-full wp-image-44445 alignleft\" src=\"https:\/\/i0.wp.com\/www.o-p-i.fr\/parlonsen\/wp-content\/uploads\/logo-bibli-Salvagnac.jpg?resize=198%2C138&#038;ssl=1\" alt=\"\" width=\"198\" height=\"138\" srcset=\"https:\/\/i0.wp.com\/www.o-p-i.fr\/parlonsen\/wp-content\/uploads\/logo-bibli-Salvagnac.jpg?w=198&amp;ssl=1 198w, https:\/\/i0.wp.com\/www.o-p-i.fr\/parlonsen\/wp-content\/uploads\/logo-bibli-Salvagnac.jpg?resize=150%2C105&amp;ssl=1 150w\" sizes=\"auto, (max-width: 198px) 100vw, 198px\" \/>Biblioth\u00e8que du Pays Salvagnacois<br \/>\n7 all\u00e9es Jean Jaur\u00e8s 81630 SALVAGNAC<br \/>\n0563405902 aux heures d&rsquo;ouverture:<br \/>\nmercredi de 10h \u00e0 12h30<br \/>\nvendredi de 17h \u00e0 19h<br \/>\ndimanche de10h \u00e0 12h30<\/p>\n<p><img data-recalc-dims=\"1\" loading=\"lazy\" decoding=\"async\" class=\"aligncenter size-full wp-image-63497\" src=\"https:\/\/i0.wp.com\/www.o-p-i.fr\/parlonsen\/wp-content\/uploads\/biblio-voeux.jpg?resize=624%2C316&#038;ssl=1\" alt=\"\" width=\"624\" height=\"316\" srcset=\"https:\/\/i0.wp.com\/www.o-p-i.fr\/parlonsen\/wp-content\/uploads\/biblio-voeux.jpg?w=624&amp;ssl=1 624w, https:\/\/i0.wp.com\/www.o-p-i.fr\/parlonsen\/wp-content\/uploads\/biblio-voeux.jpg?resize=300%2C152&amp;ssl=1 300w, https:\/\/i0.wp.com\/www.o-p-i.fr\/parlonsen\/wp-content\/uploads\/biblio-voeux.jpg?resize=400%2C203&amp;ssl=1 400w, https:\/\/i0.wp.com\/www.o-p-i.fr\/parlonsen\/wp-content\/uploads\/biblio-voeux.jpg?resize=430%2C218&amp;ssl=1 430w, https:\/\/i0.wp.com\/www.o-p-i.fr\/parlonsen\/wp-content\/uploads\/biblio-voeux.jpg?resize=150%2C76&amp;ssl=1 150w, https:\/\/i0.wp.com\/www.o-p-i.fr\/parlonsen\/wp-content\/uploads\/biblio-voeux.jpg?resize=100%2C51&amp;ssl=1 100w\" sizes=\"auto, (max-width: 624px) 100vw, 624px\" \/><\/p>\n<p><em>Information communiqu\u00e9e par Arlette MALLERET<\/em><\/p>\n<p><a href=\"http:\/\/www.o-p-i.fr\/parlonsen\/agenda\/\">Retrouvez tous les \u00e9v\u00e9nements dans l&rsquo;agenda !<\/a><\/p>\n","protected":false},"excerpt":{"rendered":"<div class=\"mh-excerpt\">Dimanche 12 janvier et dimanche 25 janvier 2025, \u00e0 l&rsquo;Ecrin<\/div>\n","protected":false},"author":4,"featured_media":45520,"comment_status":"open","ping_status":"open","sticky":false,"template":"","format":"standard","meta":{"om_disable_all_campaigns":false,"advanced_seo_description":"","jetpack_seo_html_title":"","jetpack_seo_noindex":false,"_jetpack_memberships_contains_paid_content":false,"footnotes":"","_links_to":"","_links_to_target":""},"categories":[52,54,25,6296],"tags":[65,2548,3899,6323],"class_list":{"0":"post-63496","1":"post","2":"type-post","3":"status-publish","4":"format-standard","5":"has-post-thumbnail","7":"category-parlons-en","8":"category-loisirs","9":"category-salvagnac","10":"category-n-226-janvier-2025","11":"tag-bibliotheque","12":"tag-salvagnac","13":"tag-brunch-lecture","14":"tag-s0425"},"jetpack_featured_media_url":"https:\/\/i0.wp.com\/www.o-p-i.fr\/parlonsen\/wp-content\/uploads\/biblio.jpg?fit=283%2C198&ssl=1","views":{"total":19,"cached_at":"","cached_date":1738466266},"jetpack_likes_enabled":true,"jetpack_sharing_enabled":true,"jetpack_shortlink":"https:\/\/wp.me\/pg7Wxj-gw8","jetpack-related-posts":[],"_links":{"self":[{"href":"https:\/\/www.o-p-i.fr\/parlonsen\/wp-json\/wp\/v2\/posts\/63496","targetHints":{"allow":["GET"]}}],"collection":[{"href":"https:\/\/www.o-p-i.fr\/parlonsen\/wp-json\/wp\/v2\/posts"}],"about":[{"href":"https:\/\/www.o-p-i.fr\/parlonsen\/wp-json\/wp\/v2\/types\/post"}],"author":[{"embeddable":true,"href":"https:\/\/www.o-p-i.fr\/parlonsen\/wp-json\/wp\/v2\/users\/4"}],"replies":[{"embeddable":true,"href":"https:\/\/www.o-p-i.fr\/parlonsen\/wp-json\/wp\/v2\/comments?post=63496"}],"version-history":[{"count":0,"href":"https:\/\/www.o-p-i.fr\/parlonsen\/wp-json\/wp\/v2\/posts\/63496\/revisions"}],"wp:featuredmedia":[{"embeddable":true,"href":"https:\/\/www.o-p-i.fr\/parlonsen\/wp-json\/wp\/v2\/media\/45520"}],"wp:attachment":[{"href":"https:\/\/www.o-p-i.fr\/parlonsen\/wp-json\/wp\/v2\/media?parent=63496"}],"wp:term":[{"taxonomy":"category","embeddable":true,"href":"https:\/\/www.o-p-i.fr\/parlonsen\/wp-json\/wp\/v2\/categories?post=63496"},{"taxonomy":"post_tag","embeddable":true,"href":"https:\/\/www.o-p-i.fr\/parlonsen\/wp-json\/wp\/v2\/tags?post=63496"}],"curies":[{"name":"wp","href":"https:\/\/api.w.org\/{rel}","templated":true}]}}