{"id":63509,"date":"2025-01-15T18:41:49","date_gmt":"2025-01-15T17:41:49","guid":{"rendered":"https:\/\/www.o-p-i.fr\/parlonsen\/?p=63509"},"modified":"2025-01-15T18:41:49","modified_gmt":"2025-01-15T17:41:49","slug":"lamichemin-le-jeudi-cest-cafe-asso-a-monclar-de-quercy-82-2","status":"publish","type":"post","link":"https:\/\/www.o-p-i.fr\/parlonsen\/localisation\/au-pays-des-tescous\/monclar\/lamichemin-le-jeudi-cest-cafe-asso-a-monclar-de-quercy-82-2\/","title":{"rendered":"LaMICHEmin &#8211; Le jeudi, c&rsquo;est Caf\u00e9 asso &#8230; \u00e0 Monclar de Quercy (82)"},"content":{"rendered":"<p>Le Caf\u00e9 Asso est ouvert de 18h00 \u00e0 21h00 tous les jeudis !<\/p>\n<p><a href=\"https:\/\/www.lamichemin.fr\/tag\/biere-du-mois\/\">D\u00e9couvrir la bi\u00e8re du moment<\/a><\/p>\n<figure id=\"attachment_89\" aria-describedby=\"caption-attachment-89\" style=\"width: 693px\" class=\"wp-caption alignnone\"><a href=\"https:\/\/www.lamichemin.fr\/cafe-asso\/\"><img data-recalc-dims=\"1\" loading=\"lazy\" decoding=\"async\" class=\"wp-image-89 size-large\" src=\"https:\/\/i0.wp.com\/www.lamichemin.fr\/wp-content\/uploads\/2023\/11\/fly-lamicheA4-693x1024.png?resize=693%2C1024&#038;ssl=1\" alt=\"L'aMICHEmin, ques aquo ?!\" width=\"693\" height=\"1024\" \/><\/a><figcaption id=\"caption-attachment-89\" class=\"wp-caption-text\">L&rsquo;aMICHEmin, ques aquo ?!<\/figcaption><\/figure>\n","protected":false},"excerpt":{"rendered":"<div class=\"mh-excerpt\">Le Caf\u00e9 Asso est ouvert de 18h00 \u00e0 21h00 tous les jeudis ! D\u00e9couvrir la bi\u00e8re du moment<\/div>\n","protected":false},"author":9,"featured_media":55823,"comment_status":"open","ping_status":"open","sticky":false,"template":"","format":"standard","meta":{"om_disable_all_campaigns":false,"advanced_seo_description":"","jetpack_seo_html_title":"","jetpack_seo_noindex":false,"_jetpack_memberships_contains_paid_content":false,"footnotes":"","_links_to":"","_links_to_target":""},"categories":[52,16,54,6296],"tags":[143,4936,5164,6320],"class_list":{"0":"post-63509","1":"post","2":"type-post","3":"status-publish","4":"format-standard","5":"has-post-thumbnail","7":"category-parlons-en","8":"category-monclar","9":"category-loisirs","10":"category-n-226-janvier-2025","11":"tag-monclar-de-quercy","12":"tag-cafe-associatif","13":"tag-lamichemin","14":"tag-s0325"},"jetpack_featured_media_url":"https:\/\/i0.wp.com\/www.o-p-i.fr\/parlonsen\/wp-content\/uploads\/lamichemin-en-tete.jpeg?fit=836%2C448&ssl=1","views":{"total":6,"cached_at":"","cached_date":1738344216},"jetpack_likes_enabled":true,"jetpack_sharing_enabled":true,"jetpack_shortlink":"https:\/\/wp.me\/pg7Wxj-gwl","jetpack-related-posts":[],"_links":{"self":[{"href":"https:\/\/www.o-p-i.fr\/parlonsen\/wp-json\/wp\/v2\/posts\/63509","targetHints":{"allow":["GET"]}}],"collection":[{"href":"https:\/\/www.o-p-i.fr\/parlonsen\/wp-json\/wp\/v2\/posts"}],"about":[{"href":"https:\/\/www.o-p-i.fr\/parlonsen\/wp-json\/wp\/v2\/types\/post"}],"author":[{"embeddable":true,"href":"https:\/\/www.o-p-i.fr\/parlonsen\/wp-json\/wp\/v2\/users\/9"}],"replies":[{"embeddable":true,"href":"https:\/\/www.o-p-i.fr\/parlonsen\/wp-json\/wp\/v2\/comments?post=63509"}],"version-history":[{"count":0,"href":"https:\/\/www.o-p-i.fr\/parlonsen\/wp-json\/wp\/v2\/posts\/63509\/revisions"}],"wp:featuredmedia":[{"embeddable":true,"href":"https:\/\/www.o-p-i.fr\/parlonsen\/wp-json\/wp\/v2\/media\/55823"}],"wp:attachment":[{"href":"https:\/\/www.o-p-i.fr\/parlonsen\/wp-json\/wp\/v2\/media?parent=63509"}],"wp:term":[{"taxonomy":"category","embeddable":true,"href":"https:\/\/www.o-p-i.fr\/parlonsen\/wp-json\/wp\/v2\/categories?post=63509"},{"taxonomy":"post_tag","embeddable":true,"href":"https:\/\/www.o-p-i.fr\/parlonsen\/wp-json\/wp\/v2\/tags?post=63509"}],"curies":[{"name":"wp","href":"https:\/\/api.w.org\/{rel}","templated":true}]}}