{"id":63521,"date":"2025-01-15T23:01:46","date_gmt":"2025-01-15T22:01:46","guid":{"rendered":"https:\/\/www.o-p-i.fr\/parlonsen\/?p=63521"},"modified":"2025-01-16T12:39:37","modified_gmt":"2025-01-16T11:39:37","slug":"soiree-brasero-a-puycelsi-81-2","status":"publish","type":"post","link":"https:\/\/www.o-p-i.fr\/parlonsen\/parlons-en\/pratique\/soiree-brasero-a-puycelsi-81-2\/","title":{"rendered":"Soir\u00e9e Brasero&#8230; \u00e0 Puycelsi (81)"},"content":{"rendered":"<p><strong>Vendredi 17 janvier 2025,<\/strong> \u00e0 partir de 20h. au Ch\u00e2teau de Terride. <!--more--><br \/>\n<img data-recalc-dims=\"1\" loading=\"lazy\" decoding=\"async\" class=\"alignright size-full wp-image-63522\" src=\"https:\/\/i0.wp.com\/www.o-p-i.fr\/parlonsen\/wp-content\/uploads\/braszero.jpg?resize=425%2C601&#038;ssl=1\" alt=\"\" width=\"425\" height=\"601\" srcset=\"https:\/\/i0.wp.com\/www.o-p-i.fr\/parlonsen\/wp-content\/uploads\/braszero.jpg?w=425&amp;ssl=1 425w, https:\/\/i0.wp.com\/www.o-p-i.fr\/parlonsen\/wp-content\/uploads\/braszero.jpg?resize=212%2C300&amp;ssl=1 212w, https:\/\/i0.wp.com\/www.o-p-i.fr\/parlonsen\/wp-content\/uploads\/braszero.jpg?resize=400%2C566&amp;ssl=1 400w, https:\/\/i0.wp.com\/www.o-p-i.fr\/parlonsen\/wp-content\/uploads\/braszero.jpg?resize=150%2C212&amp;ssl=1 150w, https:\/\/i0.wp.com\/www.o-p-i.fr\/parlonsen\/wp-content\/uploads\/braszero.jpg?resize=100%2C141&amp;ssl=1 100w\" sizes=\"auto, (max-width: 425px) 100vw, 425px\" \/>Cette semaine, le froid est glacial&#8230; et si vous veniez vous r\u00e9chauffer au Ch\u00e2teau de Terride ? \ud83d\udd25<\/p>\n<p>Avec ces temp\u00e9ratures hivernales et le givre qui s&rsquo;installe, nous avons la solution parfaite pour combattre le froid et r\u00e9chauffer vos c\u0153urs :<\/p>\n<p>Une soir\u00e9e conviviale et gourmande autour du brasero !<\/p>\n<p>\ud83d\udcc5 Vendredi 17 janvier<br \/>\n\ud83d\udd57 \u00c0 partir de 20h<br \/>\n\ud83d\udccd Ch\u00e2teau de Terride, Puycelsi<\/p>\n<p>Le programme de la soir\u00e9e :<\/p>\n<p>Viande grill\u00e9e au brasero : savourez une d\u00e9licieuse viande locale de la Ferme des Ch\u00eanes, accompagn\u00e9e de pommes de terre r\u00f4ties.<br \/>\nAtelier cr\u00eapes : une touche sucr\u00e9e et gourmande pour terminer la soir\u00e9e en beaut\u00e9.<br \/>\nBar \u00e0 vins : d\u00e9couvrez nos cuv\u00e9es bio et partagez un moment authentique autour d\u2019un verre.<br \/>\nAmbiance musicale avec DJ Toinou : pr\u00e9parez-vous \u00e0 danser et \u00e0 profiter d&rsquo;une atmosph\u00e8re chaleureuse et festive.<\/p>\n<p>Et n&rsquo;oubliez pas le<\/p>\n<p>Concours du bonnet le plus moche !<\/p>\n<p>\ud83d\udd25Tarif : 30 \u20ac\/personne\ud83d\udd25<\/p>\n<p>R\u00e9servez vite, les places sont limit\u00e9es et nous attendons du monde pour affronter le froid ensemble, dans une ambiance chaleureuse et p\u00e9tillante !<\/p>\n<p>\ud83d\udcde Par t\u00e9l\u00e9phone au 05 63 33 26 63<br \/>\n\ud83d\udce7 Par email \u00e0 info@chateaudeterride.com<\/p>\n<p>\ud83d\udd17 Ou en cliquant <strong><a href=\"https:\/\/reservation.elloha.com\/?IdPublication=9a6b7b74-4452-4ccd-95ba-446233c039cf&amp;culture=fr-FR&amp;idoi=0da3b739-67d0-4db0-93ba-818cc28060e4&amp;idPrestation=2ab3a37d-55c1-4065-8aa3-09a36567aaa8&amp;searchFirstAvailableDates=1\" target=\"_blank\" rel=\"noopener\">ici<\/a><\/strong><\/p>\n<p><strong>Alix et Romain<\/strong><br \/>\nCh\u00e2teau de Terride<br \/>\n185 Rte de Ste Catherine<br \/>\n81140 Puycelsi<br \/>\nTel: 05 63 33 26 63<\/p>\n<p><a href=\"mailto:Info@chateaudeterride.com\" target=\"_blank\" rel=\"noopener\">nfo@chateaudeterride.com<\/a><br \/>\n<a href=\"http:\/\/www.chateaudeterride.com\/\" target=\"_blank\" rel=\"noopener\" data-saferedirecturl=\"https:\/\/www.google.com\/url?q=http:\/\/www.chateaudeterride.com&amp;source=gmail&amp;ust=1736956023964000&amp;usg=AOvVaw2tpN6ADibb4Kt2-LNcye0d\">www.chateaudeterride.com<\/a><\/p>\n<p>Du lundi au samedi<br \/>\nde 10h \u00e012h et de 14h \u00e0 18h<\/p>\n<p><em>Information communiqu\u00e9e par Alix et Romain du <a href=\"https:\/\/www.o-p-i.fr\/aupays\/opi\/chateau-de-terride\/\" target=\"_blank\">Ch\u00e2teau de Terride<\/a><\/em><\/p>\n<p><a href=\"http:\/\/www.o-p-i.fr\/parlonsen\/agenda\/\">Retrouvez tous les \u00e9v\u00e9nements dans l&rsquo;agenda !<\/a><\/p>\n<p>&nbsp;<\/p>\n","protected":false},"excerpt":{"rendered":"<div class=\"mh-excerpt\">Vendredi 17 janvier 2025, \u00e0 partir de 20h. au Ch\u00e2teau de Terride.<\/div>\n","protected":false},"author":4,"featured_media":45270,"comment_status":"open","ping_status":"open","sticky":false,"template":"","format":"standard","meta":{"om_disable_all_campaigns":false,"advanced_seo_description":"","jetpack_seo_html_title":"","jetpack_seo_noindex":false,"_jetpack_memberships_contains_paid_content":false,"footnotes":"","_links_to":"","_links_to_target":""},"categories":[52,42,6,6296],"tags":[478,1167,6320,6322],"class_list":{"0":"post-63521","1":"post","2":"type-post","3":"status-publish","4":"format-standard","5":"has-post-thumbnail","7":"category-parlons-en","8":"category-a-cote-de-chez-nous","9":"category-pratique","10":"category-n-226-janvier-2025","11":"tag-puycelsi","12":"tag-chateau-de-terride","13":"tag-s0325","14":"tag-braszro"},"jetpack_featured_media_url":"https:\/\/i0.wp.com\/www.o-p-i.fr\/parlonsen\/wp-content\/uploads\/acc%C3%A9s-Terride.jpg?fit=283%2C156&ssl=1","views":{"total":18,"cached_at":"","cached_date":1738458618},"jetpack_likes_enabled":true,"jetpack_sharing_enabled":true,"jetpack_shortlink":"https:\/\/wp.me\/pg7Wxj-gwx","jetpack-related-posts":[],"_links":{"self":[{"href":"https:\/\/www.o-p-i.fr\/parlonsen\/wp-json\/wp\/v2\/posts\/63521","targetHints":{"allow":["GET"]}}],"collection":[{"href":"https:\/\/www.o-p-i.fr\/parlonsen\/wp-json\/wp\/v2\/posts"}],"about":[{"href":"https:\/\/www.o-p-i.fr\/parlonsen\/wp-json\/wp\/v2\/types\/post"}],"author":[{"embeddable":true,"href":"https:\/\/www.o-p-i.fr\/parlonsen\/wp-json\/wp\/v2\/users\/4"}],"replies":[{"embeddable":true,"href":"https:\/\/www.o-p-i.fr\/parlonsen\/wp-json\/wp\/v2\/comments?post=63521"}],"version-history":[{"count":0,"href":"https:\/\/www.o-p-i.fr\/parlonsen\/wp-json\/wp\/v2\/posts\/63521\/revisions"}],"wp:featuredmedia":[{"embeddable":true,"href":"https:\/\/www.o-p-i.fr\/parlonsen\/wp-json\/wp\/v2\/media\/45270"}],"wp:attachment":[{"href":"https:\/\/www.o-p-i.fr\/parlonsen\/wp-json\/wp\/v2\/media?parent=63521"}],"wp:term":[{"taxonomy":"category","embeddable":true,"href":"https:\/\/www.o-p-i.fr\/parlonsen\/wp-json\/wp\/v2\/categories?post=63521"},{"taxonomy":"post_tag","embeddable":true,"href":"https:\/\/www.o-p-i.fr\/parlonsen\/wp-json\/wp\/v2\/tags?post=63521"}],"curies":[{"name":"wp","href":"https:\/\/api.w.org\/{rel}","templated":true}]}}