{"id":63616,"date":"2025-01-23T07:42:20","date_gmt":"2025-01-23T06:42:20","guid":{"rendered":"https:\/\/www.o-p-i.fr\/parlonsen\/?p=63616"},"modified":"2025-01-30T12:42:52","modified_gmt":"2025-01-30T11:42:52","slug":"alors-raconte-avec-sylvie-monbo-a-bruniquel-82","status":"publish","type":"post","link":"https:\/\/www.o-p-i.fr\/parlonsen\/localisation\/a-cote-de-chez-nous\/alors-raconte-avec-sylvie-monbo-a-bruniquel-82\/","title":{"rendered":"\u00ab\u00a0Alors raconte\u00a0\u00bb, avec Sylvie Monbo&#8230; \u00e0 Bruniquel (82)"},"content":{"rendered":"<p><strong>Jeudi 30 janvier 2025<\/strong>, \u00e0 20h.30, salle des f\u00eates.<!--more--><\/p>\n<div class=\"fusion-page-title-bar fusion-page-title-bar-none fusion-page-title-bar-left\">\n<div class=\"fusion-page-title-row\">\n<div class=\"fusion-page-title-wrapper\">\n<div class=\"fusion-page-title-captions\">\n<h3 data-fontsize=\"26\" data-lineheight=\"40\"><img data-recalc-dims=\"1\" loading=\"lazy\" decoding=\"async\" class=\"alignright size-full wp-image-63617\" src=\"https:\/\/i0.wp.com\/www.o-p-i.fr\/parlonsen\/wp-content\/uploads\/Bruniquel-9.jpg?resize=425%2C416&#038;ssl=1\" alt=\"\" width=\"425\" height=\"416\" srcset=\"https:\/\/i0.wp.com\/www.o-p-i.fr\/parlonsen\/wp-content\/uploads\/Bruniquel-9.jpg?w=425&amp;ssl=1 425w, https:\/\/i0.wp.com\/www.o-p-i.fr\/parlonsen\/wp-content\/uploads\/Bruniquel-9.jpg?resize=300%2C294&amp;ssl=1 300w, https:\/\/i0.wp.com\/www.o-p-i.fr\/parlonsen\/wp-content\/uploads\/Bruniquel-9.jpg?resize=50%2C50&amp;ssl=1 50w, https:\/\/i0.wp.com\/www.o-p-i.fr\/parlonsen\/wp-content\/uploads\/Bruniquel-9.jpg?resize=400%2C392&amp;ssl=1 400w, https:\/\/i0.wp.com\/www.o-p-i.fr\/parlonsen\/wp-content\/uploads\/Bruniquel-9.jpg?resize=150%2C147&amp;ssl=1 150w, https:\/\/i0.wp.com\/www.o-p-i.fr\/parlonsen\/wp-content\/uploads\/Bruniquel-9.jpg?resize=100%2C98&amp;ssl=1 100w\" sizes=\"auto, (max-width: 425px) 100vw, 425px\" \/>Alors Raconte avec Sylvie Mombo :<br \/>\nSylvie conte comme elle respire<\/h3>\n<\/div>\n<\/div>\n<\/div>\n<\/div>\n<div id=\"main\" class=\"clearfix \">\n<div class=\"fusion-row\">\n<div id=\"content\">\n<div id=\"post-64114\" class=\"post post-64114 ai1ec_event type-ai1ec_event status-publish hentry events_categories-spectacles-theatre events_tags-bruniquel\">\n<div class=\"post-content\">\n<div class=\"timely ai1ec-single-event ai1ec-event-id-64114 ai1ec-event-instance-id-48332 \">\n<div class=\"ai1ec-actions\">\n<ul>\n<li class=\"ai1ec-btn-group-vertical ai1ec-clearfix\"><strong>Quand :<\/strong><br \/>\nJeudi 30 janvier 2025 @ 20 h 30 min<\/li>\n<li><strong>O\u00f9 :<\/strong><br \/>\nSalle des f\u00eates &#8211; Route de Gaillac 82800 Bruniquel<\/li>\n<\/ul>\n<\/div>\n<div class=\"ai1ec-event-details ai1ec-clearfix\">\n<div class=\"ai1ec-categories ai1ec-row\">\n<div class=\"ai1ec-field-value ai1ec-col-sm-9 ai1ec-col-xs-10\"><\/div>\n<\/div>\n<\/div>\n<\/div>\n<div class=\"fusion-one-third fusion-layout-column fusion-spacing-yes\">\n<div class=\"fusion-column-wrapper\">\n<div class=\"imageframe-align-center\"><\/div>\n<div class=\"fusion-clearfix\"><\/div>\n<\/div>\n<\/div>\n<div class=\"fusion-two-third fusion-layout-column fusion-column-last fusion-spacing-yes\">\n<div class=\"fusion-column-wrapper\">\n<p><strong>Soir\u00e9e conte avec Sylvie Mombo<\/strong><br \/>\n\u00c0 partir de 10 ans<br \/>\nIl est question d\u2019 Afrique et d\u2019amour, d\u2019enfance et d\u2019exil, de rire et de r\u00eaves\u2026<br \/>\nL\u2019artiste raconte comme elle respire, avec app\u00e9tit et gourmandise, g\u00e9n\u00e9rosit\u00e9 et \u00e9nergie, foli et humour !<\/p>\n<p><strong>Tarifs<\/strong> : Gratuit<\/p>\n<p>T\u00e9l\u00e9phone : 05 63 64 25 55<br \/>\nSite : <a href=\"http:\/\/www.amismediatheque82.fr\" target=\"_blank\" rel=\"noopener\">www.amismediatheque82.fr<\/a><\/p>\n<p><em>Information communiqu\u00e9e par les amis de la m\u00e9diath\u00e8que<\/em><\/p>\n<p><a href=\"http:\/\/www.o-p-i.fr\/parlonsen\/agenda\/\">Retrouvez tous les \u00e9v\u00e9nements dans l&rsquo;agenda !<\/a><\/p>\n<\/div>\n<\/div>\n<\/div>\n<\/div>\n<\/div>\n<\/div>\n<\/div>\n","protected":false},"excerpt":{"rendered":"<div class=\"mh-excerpt\">Jeudi 30 janvier 2025, \u00e0 20h.30, salle des f\u00eates.<\/div>\n","protected":false},"author":4,"featured_media":50036,"comment_status":"open","ping_status":"open","sticky":false,"template":"","format":"standard","meta":{"om_disable_all_campaigns":false,"advanced_seo_description":"","jetpack_seo_html_title":"","jetpack_seo_noindex":false,"_jetpack_memberships_contains_paid_content":false,"footnotes":"","_links_to":"","_links_to_target":""},"categories":[52,42,54,6296],"tags":[6328,132,171,1514],"class_list":{"0":"post-63616","1":"post","2":"type-post","3":"status-publish","4":"format-standard","5":"has-post-thumbnail","7":"category-parlons-en","8":"category-a-cote-de-chez-nous","9":"category-loisirs","10":"category-n-226-janvier-2025","11":"tag-s0525","12":"tag-spectacle","13":"tag-bruniquel","14":"tag-mediatheque"},"jetpack_featured_media_url":"https:\/\/i0.wp.com\/www.o-p-i.fr\/parlonsen\/wp-content\/uploads\/Bruniquel-4.jpg?fit=624%2C97&ssl=1","views":{"total":5,"cached_at":"","cached_date":1738469532},"jetpack_likes_enabled":true,"jetpack_sharing_enabled":true,"jetpack_shortlink":"https:\/\/wp.me\/pg7Wxj-gy4","jetpack-related-posts":[],"_links":{"self":[{"href":"https:\/\/www.o-p-i.fr\/parlonsen\/wp-json\/wp\/v2\/posts\/63616","targetHints":{"allow":["GET"]}}],"collection":[{"href":"https:\/\/www.o-p-i.fr\/parlonsen\/wp-json\/wp\/v2\/posts"}],"about":[{"href":"https:\/\/www.o-p-i.fr\/parlonsen\/wp-json\/wp\/v2\/types\/post"}],"author":[{"embeddable":true,"href":"https:\/\/www.o-p-i.fr\/parlonsen\/wp-json\/wp\/v2\/users\/4"}],"replies":[{"embeddable":true,"href":"https:\/\/www.o-p-i.fr\/parlonsen\/wp-json\/wp\/v2\/comments?post=63616"}],"version-history":[{"count":0,"href":"https:\/\/www.o-p-i.fr\/parlonsen\/wp-json\/wp\/v2\/posts\/63616\/revisions"}],"wp:featuredmedia":[{"embeddable":true,"href":"https:\/\/www.o-p-i.fr\/parlonsen\/wp-json\/wp\/v2\/media\/50036"}],"wp:attachment":[{"href":"https:\/\/www.o-p-i.fr\/parlonsen\/wp-json\/wp\/v2\/media?parent=63616"}],"wp:term":[{"taxonomy":"category","embeddable":true,"href":"https:\/\/www.o-p-i.fr\/parlonsen\/wp-json\/wp\/v2\/categories?post=63616"},{"taxonomy":"post_tag","embeddable":true,"href":"https:\/\/www.o-p-i.fr\/parlonsen\/wp-json\/wp\/v2\/tags?post=63616"}],"curies":[{"name":"wp","href":"https:\/\/api.w.org\/{rel}","templated":true}]}}