{"id":63675,"date":"2025-01-29T18:50:49","date_gmt":"2025-01-29T17:50:49","guid":{"rendered":"https:\/\/www.o-p-i.fr\/parlonsen\/?p=63675"},"modified":"2025-02-12T19:56:55","modified_gmt":"2025-02-12T18:56:55","slug":"bal-de-la-sainte-barbe-a-salvagnac-81","status":"publish","type":"post","link":"https:\/\/www.o-p-i.fr\/parlonsen\/localisation\/au-pays-des-tescous\/salvagnac\/bal-de-la-sainte-barbe-a-salvagnac-81\/","title":{"rendered":"Bal de la Sainte Barbe&#8230;\u00e0 Salvagnac (81)"},"content":{"rendered":"<p><strong>Samedi 15 f\u00e9vrier 2025,<\/strong> \u00e0 la salle omnisports, \u00e0 partir de 19h.\u00a0 <!--more--><\/p>\n<p><img data-recalc-dims=\"1\" loading=\"lazy\" decoding=\"async\" class=\"aligncenter size-full wp-image-63676\" src=\"https:\/\/i0.wp.com\/www.o-p-i.fr\/parlonsen\/wp-content\/uploads\/BAL-POMPIERS-1.jpg?resize=624%2C891&#038;ssl=1\" alt=\"\" width=\"624\" height=\"891\" srcset=\"https:\/\/i0.wp.com\/www.o-p-i.fr\/parlonsen\/wp-content\/uploads\/BAL-POMPIERS-1.jpg?w=624&amp;ssl=1 624w, https:\/\/i0.wp.com\/www.o-p-i.fr\/parlonsen\/wp-content\/uploads\/BAL-POMPIERS-1.jpg?resize=210%2C300&amp;ssl=1 210w, https:\/\/i0.wp.com\/www.o-p-i.fr\/parlonsen\/wp-content\/uploads\/BAL-POMPIERS-1.jpg?resize=400%2C571&amp;ssl=1 400w, https:\/\/i0.wp.com\/www.o-p-i.fr\/parlonsen\/wp-content\/uploads\/BAL-POMPIERS-1.jpg?resize=430%2C614&amp;ssl=1 430w, https:\/\/i0.wp.com\/www.o-p-i.fr\/parlonsen\/wp-content\/uploads\/BAL-POMPIERS-1.jpg?resize=150%2C214&amp;ssl=1 150w, https:\/\/i0.wp.com\/www.o-p-i.fr\/parlonsen\/wp-content\/uploads\/BAL-POMPIERS-1.jpg?resize=100%2C143&amp;ssl=1 100w\" sizes=\"auto, (max-width: 624px) 100vw, 624px\" \/><\/p>\n<p>Venez nous rencontrer autour de notre f\u00eate de la Sainte Barbe et au cours du repas aligot\/saucisse!!<\/p>\n<p>Samedi 15 f\u00e9vrier<\/p>\n<p>De 19 heures \u00e0 2 heures<\/p>\n<p>Salle omnisports Salvagnac<\/p>\n<p><strong>Tarif p<\/strong>rincipal repas 16 euros<br \/>\nTarif r\u00e9duit\u00a0 repas 10 euros &#8211; 12 ans<\/p>\n<p>Organisateur de l&rsquo;\u00e9v\u00e8nement<br \/>\nAmicale des Sapeurs-pompiers de Salvagnac<\/p>\n<p>Personne \u00e0 contacter :<br \/>\n<a href=\"mailto:boissel.gwenaelle@outlook.fr\" target=\"_blank\" rel=\"noopener\">boissel.gwenaelle@outlook.fr<\/a><\/p>\n<p><em>Information communiqu\u00e9e par Gwenaelle BOISSEL<\/em><\/p>\n<p><a href=\"http:\/\/www.o-p-i.fr\/parlonsen\/agenda\/\">Retrouvez tous les \u00e9v\u00e9nements dans l&rsquo;agenda !<\/a><\/p>\n","protected":false},"excerpt":{"rendered":"<div class=\"mh-excerpt\">Samedi 15 f\u00e9vrier 2025, \u00e0 la salle omnisports, \u00e0 partir de 19h.\u00a0<\/div>\n","protected":false},"author":4,"featured_media":40327,"comment_status":"open","ping_status":"open","sticky":false,"template":"","format":"standard","meta":{"om_disable_all_campaigns":false,"advanced_seo_description":"","jetpack_seo_html_title":"","jetpack_seo_noindex":false,"_jetpack_memberships_contains_paid_content":false,"footnotes":"","_links_to":"","_links_to_target":""},"categories":[52,54,25,6297],"tags":[157,6326,6334,2548],"class_list":{"0":"post-63675","1":"post","2":"type-post","3":"status-publish","4":"format-standard","5":"has-post-thumbnail","7":"category-parlons-en","8":"category-loisirs","9":"category-salvagnac","10":"category-n-227-fevrier-2025","11":"tag-repas","12":"tag-bal-pompiers","13":"tag-s0725","14":"tag-salvagnac"},"jetpack_featured_media_url":"https:\/\/i0.wp.com\/www.o-p-i.fr\/parlonsen\/wp-content\/uploads\/bal-rtrad.jpg?fit=283%2C283&ssl=1","views":{"total":7,"cached_at":"","cached_date":1738488281},"jetpack_likes_enabled":true,"jetpack_sharing_enabled":true,"jetpack_shortlink":"https:\/\/wp.me\/pg7Wxj-gz1","jetpack-related-posts":[],"_links":{"self":[{"href":"https:\/\/www.o-p-i.fr\/parlonsen\/wp-json\/wp\/v2\/posts\/63675","targetHints":{"allow":["GET"]}}],"collection":[{"href":"https:\/\/www.o-p-i.fr\/parlonsen\/wp-json\/wp\/v2\/posts"}],"about":[{"href":"https:\/\/www.o-p-i.fr\/parlonsen\/wp-json\/wp\/v2\/types\/post"}],"author":[{"embeddable":true,"href":"https:\/\/www.o-p-i.fr\/parlonsen\/wp-json\/wp\/v2\/users\/4"}],"replies":[{"embeddable":true,"href":"https:\/\/www.o-p-i.fr\/parlonsen\/wp-json\/wp\/v2\/comments?post=63675"}],"version-history":[{"count":0,"href":"https:\/\/www.o-p-i.fr\/parlonsen\/wp-json\/wp\/v2\/posts\/63675\/revisions"}],"wp:featuredmedia":[{"embeddable":true,"href":"https:\/\/www.o-p-i.fr\/parlonsen\/wp-json\/wp\/v2\/media\/40327"}],"wp:attachment":[{"href":"https:\/\/www.o-p-i.fr\/parlonsen\/wp-json\/wp\/v2\/media?parent=63675"}],"wp:term":[{"taxonomy":"category","embeddable":true,"href":"https:\/\/www.o-p-i.fr\/parlonsen\/wp-json\/wp\/v2\/categories?post=63675"},{"taxonomy":"post_tag","embeddable":true,"href":"https:\/\/www.o-p-i.fr\/parlonsen\/wp-json\/wp\/v2\/tags?post=63675"}],"curies":[{"name":"wp","href":"https:\/\/api.w.org\/{rel}","templated":true}]}}