{"id":63783,"date":"2025-02-05T18:06:36","date_gmt":"2025-02-05T17:06:36","guid":{"rendered":"https:\/\/www.o-p-i.fr\/parlonsen\/?p=63783"},"modified":"2025-02-12T19:59:35","modified_gmt":"2025-02-12T18:59:35","slug":"lo-travaih-de-toema-en-patois-a-tauriac-81","status":"publish","type":"post","link":"https:\/\/www.o-p-i.fr\/parlonsen\/localisation\/a-cote-de-chez-nous\/lo-travaih-de-toema-en-patois-a-tauriac-81\/","title":{"rendered":"\u00ab\u00a0Lo travaih de Toema\u00a0\u00bb, en Occitan&#8230;.\u00e0 Tauriac (81)"},"content":{"rendered":"<p><strong>Samedi 15 F\u00e9vrier 2025<\/strong>,\u00a0 \u00e0 20h30, \u00e0 la salle des f\u00eates<!--more--><\/p>\n<p><img data-recalc-dims=\"1\" loading=\"lazy\" decoding=\"async\" class=\"alignright size-full wp-image-63784\" src=\"https:\/\/i0.wp.com\/www.o-p-i.fr\/parlonsen\/wp-content\/uploads\/TAURIAC-theatre.jpg?resize=425%2C480&#038;ssl=1\" alt=\"\" width=\"425\" height=\"480\" srcset=\"https:\/\/i0.wp.com\/www.o-p-i.fr\/parlonsen\/wp-content\/uploads\/TAURIAC-theatre.jpg?w=425&amp;ssl=1 425w, https:\/\/i0.wp.com\/www.o-p-i.fr\/parlonsen\/wp-content\/uploads\/TAURIAC-theatre.jpg?resize=266%2C300&amp;ssl=1 266w\" sizes=\"auto, (max-width: 425px) 100vw, 425px\" \/>\u00a0Soir\u00e9e Th\u00e9\u00e2trale \u00e0 Tauriac Samedi 15 F\u00e9vrier \u00e0 20h30<\/p>\n<p>Soir\u00e9e Th\u00e9\u00e2trale \u00e0 Tauriac Samedi 15 F\u00e9vrier \u00e0 20h30<br \/>\navec la troupe <strong>\u00ab\u00a0Lous dal Ganoubre\u00a0\u00bb<\/strong> qui pr\u00e9sentera une pi\u00e8ce en patois \u00ab\u00a0Lo travalh de Toena\u00a0\u00bb.<\/p>\n<p>La soupe \u00e0 l&rsquo;oignon sera partag\u00e9e \u00e0 l&rsquo;issue de cette soir\u00e9e organis\u00e9e par l&rsquo;association \u00ab\u00a0Avem l\u00e9ser\u00a0\u00bb<\/p>\n<p>Le samedi 15 f\u00e9vrier 2025<br \/>\nDe 20h30 \u00e0 23h00<\/p>\n<p>Salle des f\u00eates de Tauriac 81630<\/p>\n<p>Tarif unique : 7\u20ac<\/p>\n<p>Organisateur de l&rsquo;\u00e9n\u00e8vement:<\/p>\n<p>Association Tauriacoise <strong>\u00ab\u00a0Avem l\u00e9ser\u00a0\u00bb<\/strong><\/p>\n<p>Personne\u00a0 \u00e0 contacter :<\/p>\n<p>P\u00e9fourque Jean-Claude<br \/>\n<a href=\"mailto:jeanclaude.pefourque@sfr.fr\" target=\"_blank\" rel=\"noopener\">jeanclaude.pefourque@sfr.fr<\/a><\/p>\n<p>Information communiqu\u00e9e par Jean-Caude PEFOURQUE<\/p>\n<p><a href=\"https:\/\/www.o-p-i.fr\/aupays\/au-pays\/agenda\/\">Retrouvez tous les \u00e9v\u00e9nements dans l&rsquo;agenda !<\/a><\/p>\n","protected":false},"excerpt":{"rendered":"<div class=\"mh-excerpt\">Samedi 15 F\u00e9vrier 2025,\u00a0 \u00e0 20h30, \u00e0 la salle des f\u00eates<\/div>\n","protected":false},"author":4,"featured_media":63785,"comment_status":"open","ping_status":"open","sticky":false,"template":"","format":"standard","meta":{"om_disable_all_campaigns":false,"advanced_seo_description":"","jetpack_seo_html_title":"","jetpack_seo_noindex":false,"_jetpack_memberships_contains_paid_content":false,"footnotes":"","_links_to":"","_links_to_target":""},"categories":[52,42,54],"tags":[2546,991,6331,6334],"class_list":{"0":"post-63783","1":"post","2":"type-post","3":"status-publish","4":"format-standard","5":"has-post-thumbnail","7":"category-parlons-en","8":"category-a-cote-de-chez-nous","9":"category-loisirs","10":"tag-tauriac","11":"tag-avem-leser","12":"tag-theatre-en-patois","13":"tag-s0725"},"jetpack_featured_media_url":"https:\/\/i0.wp.com\/www.o-p-i.fr\/parlonsen\/wp-content\/uploads\/TAURIAC-LOGO-1.jpg?fit=283%2C283&ssl=1","views":"","jetpack_likes_enabled":true,"jetpack_sharing_enabled":true,"jetpack_shortlink":"https:\/\/wp.me\/pg7Wxj-gAL","jetpack-related-posts":[],"_links":{"self":[{"href":"https:\/\/www.o-p-i.fr\/parlonsen\/wp-json\/wp\/v2\/posts\/63783","targetHints":{"allow":["GET"]}}],"collection":[{"href":"https:\/\/www.o-p-i.fr\/parlonsen\/wp-json\/wp\/v2\/posts"}],"about":[{"href":"https:\/\/www.o-p-i.fr\/parlonsen\/wp-json\/wp\/v2\/types\/post"}],"author":[{"embeddable":true,"href":"https:\/\/www.o-p-i.fr\/parlonsen\/wp-json\/wp\/v2\/users\/4"}],"replies":[{"embeddable":true,"href":"https:\/\/www.o-p-i.fr\/parlonsen\/wp-json\/wp\/v2\/comments?post=63783"}],"version-history":[{"count":0,"href":"https:\/\/www.o-p-i.fr\/parlonsen\/wp-json\/wp\/v2\/posts\/63783\/revisions"}],"wp:featuredmedia":[{"embeddable":true,"href":"https:\/\/www.o-p-i.fr\/parlonsen\/wp-json\/wp\/v2\/media\/63785"}],"wp:attachment":[{"href":"https:\/\/www.o-p-i.fr\/parlonsen\/wp-json\/wp\/v2\/media?parent=63783"}],"wp:term":[{"taxonomy":"category","embeddable":true,"href":"https:\/\/www.o-p-i.fr\/parlonsen\/wp-json\/wp\/v2\/categories?post=63783"},{"taxonomy":"post_tag","embeddable":true,"href":"https:\/\/www.o-p-i.fr\/parlonsen\/wp-json\/wp\/v2\/tags?post=63783"}],"curies":[{"name":"wp","href":"https:\/\/api.w.org\/{rel}","templated":true}]}}