{"id":63885,"date":"2025-02-12T20:24:15","date_gmt":"2025-02-12T19:24:15","guid":{"rendered":"https:\/\/www.o-p-i.fr\/parlonsen\/?p=63885"},"modified":"2025-02-12T20:24:15","modified_gmt":"2025-02-12T19:24:15","slug":"cine-monclar-la-pie-voleuse","status":"publish","type":"post","link":"https:\/\/www.o-p-i.fr\/parlonsen\/localisation\/au-pays-des-tescous\/monclar\/cine-monclar-la-pie-voleuse\/","title":{"rendered":"Cin\u00e9 Monclar &#8211; LA PIE VOLEUSE"},"content":{"rendered":"<div id=\"pl-63885\"  class=\"panel-layout\" ><div id=\"pg-63885-0\"  class=\"panel-grid panel-no-style\" ><div id=\"pgc-63885-0-0\"  class=\"panel-grid-cell\" ><div id=\"panel-63885-0-0-0\" class=\"so-panel widget widget_sow-editor panel-first-child widgetopts-SO\" data-index=\"0\" ><div\n\t\t\t\n\t\t\tclass=\"so-widget-sow-editor so-widget-sow-editor-base\"\n\t\t\t\n\t\t>\n<div class=\"siteorigin-widget-tinymce textwidget\">\n\t<p><strong>Dimanche 16 f\u00e9vrier 2025<\/strong> \u00e0 16h30<\/p>\n<p>LA PIE VOLEUSE<\/p>\n<p><a href=\"https:\/\/www.google.com\/search?q=bande+annonce+LA+PIE+VOLEUSE&amp;sca_esv=7a9597db14345c5b&amp;rlz=1C1CHZN_frFR989FR991&amp;sxsrf=ADLYWIIDb5Z50mowV_JOm3tbB6hfC0ez6w%3A1737573480573&amp;ei=aESRZ7acIuubkdUP2e6xyQk&amp;ved=0ahUKEwi28NHQhYqLAxXrTaQEHVl3LJkQ4dUDCBA&amp;oq=bande+annonce+LA+PIE+VOLEUSE&amp;gs_lp=Egxnd3Mtd2l6LXNlcnAiHGJhbmRlIGFubm9uY2UgTEEgUElFIFZPTEVVU0VIAFAAWABwAHgBkAEAmAEAoAEAqgEAuAEMyAEAmAIAoAIAmAMAkgcAoAcA&amp;sclient=gws-wiz-serp\" target=\"_blank\" rel=\"noopener\"><em>Pour voir la bande annonce, cliq<\/em><em>u<\/em><em>ez ici<\/em><\/a><\/p>\n<\/div>\n<\/div><\/div><div id=\"panel-63885-0-0-1\" class=\"so-panel widget widget_sow-video widgetopts-SO\" data-index=\"1\" ><div\n\t\t\t\n\t\t\tclass=\"so-widget-sow-video so-widget-sow-video-default-c08170c47cfb-63885\"\n\t\t\t\n\t\t><h3 class=\"widget-title\">Bande annonce<\/h3>\n<div class=\"sow-video-wrapper\n\">\n\t\t\t<iframe loading=\"lazy\" title=\"LA PIE VOLEUSE - Bande-annonce\" width=\"640\" height=\"360\" src=\"https:\/\/www.youtube.com\/embed\/758HN4VamcQ?feature=oembed&enablejsapi=1\" frameborder=\"0\" allow=\"accelerometer; autoplay; clipboard-write; encrypted-media; gyroscope; picture-in-picture; web-share\" referrerpolicy=\"strict-origin-when-cross-origin\" allowfullscreen allowfullscreen mozallowfullscreen webkitallowfullscreen sandbox=\"allow-scripts allow-same-origin allow-presentation\"><\/iframe>\t<\/div>\n<\/div><\/div><div id=\"panel-63885-0-0-2\" class=\"so-panel widget widget_sow-editor panel-last-child widgetopts-SO\" data-index=\"2\" ><div\n\t\t\t\n\t\t\tclass=\"so-widget-sow-editor so-widget-sow-editor-base\"\n\t\t\t\n\t\t>\n<div class=\"siteorigin-widget-tinymce textwidget\">\n\t<p><strong>Pour voir le programme illustr\u00e9 n\u00b0 142, cliquez\u00a0 <a href=\"https:\/\/www.o-p-i.fr\/parlonsen\/wp-content\/uploads\/A4-142.pdf\">A4 142<\/a><\/strong><\/p>\n<p><em>Information communiqu\u00e9e par Guy ROUMAGNAC<\/em><\/p>\n<div class=\"card\" style=\"width:350px\">\n<div class=\"card-body\">\n<h3 class=\"card-title text-center bg-light\">Fiche Annuaire<\/h3>\n<p><a href=\"https:\/\/www.o-p-i.fr\/aupays\/annuaire\/loisirs\/cine-monclar\/\" target=\"_blank\" rel=\"noopener\"><br \/>\n  <img data-recalc-dims=\"1\" decoding=\"async\" class=\"card-img\" src=\"https:\/\/i0.wp.com\/www.o-p-i.fr\/aupays\/wp-content\/uploads\/Cin%C3%A9Monclar.jpg?ssl=1\" alt=\"Cin\u00e9 Monclar\"\/><\/a><\/p>\n<p class=\"card-text\">Place des Capitouls,<br \/>\n82230 <a href=\"https:\/\/www.o-p-i.fr\/aupays\/monclar-de-quercy-82230\/\" target=\"_blank\" rel=\"noopener\">Monclar-de-Quercy<\/a><\/p>\n<p><a href=\"https:\/\/www.o-p-i.fr\/aupays\/annuaire\/loisirs\/cine-monclar\/\" target=\"_blank\" rel=\"noopener\" class=\"btn btn-primary\">Cin\u00e9ma Monclar de Quercy <i class=\"fa-solid fa-arrow-up-right-from-square\"><\/i><\/a><\/p><\/div>\n<\/div>\n<\/div>\n<\/div><\/div><\/div><\/div><\/div>","protected":false},"excerpt":{"rendered":"<div class=\"mh-excerpt\">Dimanche 16 f\u00e9vrier 2025 \u00e0 16h30 LA PIE VOLEUSE Pour voir la bande annonce, cliquez ici Pour voir le programme illustr\u00e9 n\u00b0 142, cliquez\u00a0 A4 142 Information communiqu\u00e9e par Guy ROUMAGNAC Fiche Annuaire Place des <a class=\"mh-excerpt-more\" href=\"https:\/\/www.o-p-i.fr\/parlonsen\/localisation\/au-pays-des-tescous\/monclar\/cine-monclar-la-pie-voleuse\/\" title=\"Cin\u00e9 Monclar &#8211; LA PIE VOLEUSE\">[&#8230;]<\/a><\/div>\n","protected":false},"author":9,"featured_media":62094,"comment_status":"open","ping_status":"open","sticky":false,"template":"","format":"video","meta":{"om_disable_all_campaigns":false,"advanced_seo_description":"","jetpack_seo_html_title":"","jetpack_seo_noindex":false,"_jetpack_memberships_contains_paid_content":false,"footnotes":"","_links_to":"","_links_to_target":""},"categories":[52,16,6297],"tags":[2998,6334],"class_list":{"0":"post-63885","1":"post","2":"type-post","3":"status-publish","4":"format-video","5":"has-post-thumbnail","7":"category-parlons-en","8":"category-monclar","9":"category-n-227-fevrier-2025","10":"tag-cine-monclar","11":"tag-s0725","12":"post_format-post-format-video"},"jetpack_featured_media_url":"https:\/\/i0.wp.com\/www.o-p-i.fr\/parlonsen\/wp-content\/uploads\/camera-cinema.jpg?fit=225%2C225&ssl=1","views":{"total":3,"cached_at":"","cached_date":1738528338},"jetpack_likes_enabled":true,"jetpack_sharing_enabled":true,"jetpack_shortlink":"https:\/\/wp.me\/pg7Wxj-gCp","jetpack-related-posts":[],"_links":{"self":[{"href":"https:\/\/www.o-p-i.fr\/parlonsen\/wp-json\/wp\/v2\/posts\/63885","targetHints":{"allow":["GET"]}}],"collection":[{"href":"https:\/\/www.o-p-i.fr\/parlonsen\/wp-json\/wp\/v2\/posts"}],"about":[{"href":"https:\/\/www.o-p-i.fr\/parlonsen\/wp-json\/wp\/v2\/types\/post"}],"author":[{"embeddable":true,"href":"https:\/\/www.o-p-i.fr\/parlonsen\/wp-json\/wp\/v2\/users\/9"}],"replies":[{"embeddable":true,"href":"https:\/\/www.o-p-i.fr\/parlonsen\/wp-json\/wp\/v2\/comments?post=63885"}],"version-history":[{"count":0,"href":"https:\/\/www.o-p-i.fr\/parlonsen\/wp-json\/wp\/v2\/posts\/63885\/revisions"}],"wp:featuredmedia":[{"embeddable":true,"href":"https:\/\/www.o-p-i.fr\/parlonsen\/wp-json\/wp\/v2\/media\/62094"}],"wp:attachment":[{"href":"https:\/\/www.o-p-i.fr\/parlonsen\/wp-json\/wp\/v2\/media?parent=63885"}],"wp:term":[{"taxonomy":"category","embeddable":true,"href":"https:\/\/www.o-p-i.fr\/parlonsen\/wp-json\/wp\/v2\/categories?post=63885"},{"taxonomy":"post_tag","embeddable":true,"href":"https:\/\/www.o-p-i.fr\/parlonsen\/wp-json\/wp\/v2\/tags?post=63885"}],"curies":[{"name":"wp","href":"https:\/\/api.w.org\/{rel}","templated":true}]}}