{"id":63895,"date":"2025-02-12T22:16:05","date_gmt":"2025-02-12T21:16:05","guid":{"rendered":"https:\/\/www.o-p-i.fr\/parlonsen\/?p=63895"},"modified":"2025-02-12T22:20:02","modified_gmt":"2025-02-12T21:20:02","slug":"bdm-chanson-soudaine-speciale-love-%e2%99%a5-a-salvagnac-81","status":"publish","type":"post","link":"https:\/\/www.o-p-i.fr\/parlonsen\/localisation\/au-pays-des-tescous\/salvagnac\/bdm-chanson-soudaine-speciale-love-%e2%99%a5-a-salvagnac-81\/","title":{"rendered":"BDM &#8211; CHANSON SOUDAINE sp\u00e9ciale love \u2665 &#8230; \u00e0 Salvagnac (81)"},"content":{"rendered":"<p><strong>Vendredi 14 f\u00e9vrier 2024 &#8211; <\/strong>21h00<\/p>\n<p><!--more--><img data-recalc-dims=\"1\" loading=\"lazy\" decoding=\"async\" class=\"wp-image-63901 size-medium alignright\" src=\"https:\/\/i0.wp.com\/www.o-p-i.fr\/parlonsen\/wp-content\/uploads\/2025-02-12-concert-love-love.jpg?resize=300%2C157&#038;ssl=1\" alt=\"\" width=\"300\" height=\"157\" srcset=\"https:\/\/i0.wp.com\/www.o-p-i.fr\/parlonsen\/wp-content\/uploads\/2025-02-12-concert-love-love.jpg?resize=300%2C157&amp;ssl=1 300w, https:\/\/i0.wp.com\/www.o-p-i.fr\/parlonsen\/wp-content\/uploads\/2025-02-12-concert-love-love.jpg?resize=1024%2C536&amp;ssl=1 1024w, https:\/\/i0.wp.com\/www.o-p-i.fr\/parlonsen\/wp-content\/uploads\/2025-02-12-concert-love-love.jpg?resize=768%2C402&amp;ssl=1 768w, https:\/\/i0.wp.com\/www.o-p-i.fr\/parlonsen\/wp-content\/uploads\/2025-02-12-concert-love-love.jpg?w=1080&amp;ssl=1 1080w\" sizes=\"auto, (max-width: 300px) 100vw, 300px\" \/><\/p>\n<p>Spectacle: CHANSON SOUDAINE sp\u00e9ciale love \u2665<br \/>\nUn concert participatif avec Guillaume Barraband et Etienne Choquet<\/p>\n<p>CHANSON SOUDAINE, c\u2019est une chanson que personne ne conna\u00eet et qui n\u2019existe pas encore quand on commence \u00e0 la chanter. C\u2019est une chanson spontan\u00e9e que les auditeurs impulsent par leur apport en textes en tous genre (po\u00e8mes, paroles de chansons, prose litt\u00e9raire, tracts, notices, cartons d\u2019emballage, lettres, t\u00e9moignages, \u2026) et par quelques contraintes qu\u2019ils tirent au sort ou qu\u2019ils inventent afin de pimenter la cr\u00e9ation imm\u00e9diate et improvis\u00e9e des deux acolytes qui sont sur sc\u00e8ne !<\/p>\n<p>Apportez vos textes en tout genre, mais SPECIALS LOVE \u2665<br \/>\n______________________<br \/>\nINFOS PRATIQUES<br \/>\n\ud83d\udccd Caf\u00e9 Au bord du monde, Salvagnac, Tarn<br \/>\n\u20ac Participation libre pour les artistes<br \/>\n\ud83d\udcde R\u00e9sa pour les burgers: 05 63 55 14 52<\/p>\n","protected":false},"excerpt":{"rendered":"<div class=\"mh-excerpt\">Vendredi 14 f\u00e9vrier 2024 &#8211; 21h00<\/div>\n","protected":false},"author":9,"featured_media":44336,"comment_status":"open","ping_status":"open","sticky":false,"template":"","format":"standard","meta":{"om_disable_all_campaigns":false,"advanced_seo_description":"","jetpack_seo_html_title":"","jetpack_seo_noindex":false,"_jetpack_memberships_contains_paid_content":false,"footnotes":"","_links_to":"","_links_to_target":""},"categories":[52,54,25,6297],"tags":[2548,2020,3830,6334],"class_list":{"0":"post-63895","1":"post","2":"type-post","3":"status-publish","4":"format-standard","5":"has-post-thumbnail","7":"category-parlons-en","8":"category-loisirs","9":"category-salvagnac","10":"category-n-227-fevrier-2025","11":"tag-salvagnac","12":"tag-cafe-concert","13":"tag-cafe-au-bord-du-monde","14":"tag-s0725"},"jetpack_featured_media_url":"https:\/\/i0.wp.com\/www.o-p-i.fr\/parlonsen\/wp-content\/uploads\/logo-bord-du-monde.jpg?fit=198%2C198&ssl=1","views":{"total":10,"cached_at":"","cached_date":1738535001},"jetpack_likes_enabled":true,"jetpack_sharing_enabled":true,"jetpack_shortlink":"https:\/\/wp.me\/pg7Wxj-gCz","jetpack-related-posts":[],"_links":{"self":[{"href":"https:\/\/www.o-p-i.fr\/parlonsen\/wp-json\/wp\/v2\/posts\/63895","targetHints":{"allow":["GET"]}}],"collection":[{"href":"https:\/\/www.o-p-i.fr\/parlonsen\/wp-json\/wp\/v2\/posts"}],"about":[{"href":"https:\/\/www.o-p-i.fr\/parlonsen\/wp-json\/wp\/v2\/types\/post"}],"author":[{"embeddable":true,"href":"https:\/\/www.o-p-i.fr\/parlonsen\/wp-json\/wp\/v2\/users\/9"}],"replies":[{"embeddable":true,"href":"https:\/\/www.o-p-i.fr\/parlonsen\/wp-json\/wp\/v2\/comments?post=63895"}],"version-history":[{"count":0,"href":"https:\/\/www.o-p-i.fr\/parlonsen\/wp-json\/wp\/v2\/posts\/63895\/revisions"}],"wp:featuredmedia":[{"embeddable":true,"href":"https:\/\/www.o-p-i.fr\/parlonsen\/wp-json\/wp\/v2\/media\/44336"}],"wp:attachment":[{"href":"https:\/\/www.o-p-i.fr\/parlonsen\/wp-json\/wp\/v2\/media?parent=63895"}],"wp:term":[{"taxonomy":"category","embeddable":true,"href":"https:\/\/www.o-p-i.fr\/parlonsen\/wp-json\/wp\/v2\/categories?post=63895"},{"taxonomy":"post_tag","embeddable":true,"href":"https:\/\/www.o-p-i.fr\/parlonsen\/wp-json\/wp\/v2\/tags?post=63895"}],"curies":[{"name":"wp","href":"https:\/\/api.w.org\/{rel}","templated":true}]}}