{"id":63908,"date":"2025-02-14T18:44:19","date_gmt":"2025-02-14T17:44:19","guid":{"rendered":"https:\/\/www.o-p-i.fr\/parlonsen\/?p=63908"},"modified":"2025-02-18T23:51:36","modified_gmt":"2025-02-18T22:51:36","slug":"cinemonclar-le-programme-du-vendredi-21-fevrier-au-mardi-18-mars-2025-a-monclar-de-quercy-82","status":"publish","type":"post","link":"https:\/\/www.o-p-i.fr\/parlonsen\/localisation\/au-pays-des-tescous\/monclar\/cinemonclar-le-programme-du-vendredi-21-fevrier-au-mardi-18-mars-2025-a-monclar-de-quercy-82\/","title":{"rendered":"Cin\u00e9monclar, le programme du vendredi 21 f\u00e9vrier au mardi 18 mars  2025..\u00e0 Monclar de Quercy (82)"},"content":{"rendered":"<p>Programme du vendredi 21 f\u00e9vrier au mardi 18 mars 2025:<!--more--><\/p>\n<ul>\n<li><strong>Vendredi 21 f\u00e9vrier 2025<\/strong> \u00e0 20h.30<br \/>\nVol \u00c0 haut risque\u00a0 \u00a0\u00a0<a href=\"https:\/\/www.google.com\/search?q=Bande+annonce+Vol+%C3%80+haut+risque6&amp;rlz=1C1CHZN_frFR989FR991&amp;oq=Bande+annonce+Vol+%C3%80+haut+risque6&amp;gs_lcrp=EgZjaHJvbWUyBggAEEUYOdIBCjQzNDUxajBqMTWoAgiwAgE&amp;sourceid=chrome&amp;ie=UTF-8#fpstate=ive&amp;vld=cid:57f1c872,vid:sVUJRGk8I20,st:0\" target=\"_blank\" rel=\"noopener\"><em>Pour voir la bande annonce, cliq<\/em><em>u<\/em><em>ez ici<\/em><\/a><\/li>\n<li><strong>Dimanche 23 f\u00e9vrier 2025<\/strong><\/li>\n<li>15h Vaiana 2\u00a0 \u00a0<a href=\"https:\/\/www.youtube.com\/watch?v=Snt6PdJDaJw\" target=\"_blank\" rel=\"noopener\"><em>Pour voir la bande annonce, cliq<\/em><em>u<\/em><em>ez ici<\/em><\/a><\/li>\n<li>17h La mer au loin\u00a0 <a href=\"https:\/\/www.allocine.fr\/video\/player_gen_cmedia=20613782&amp;cfilm=317096.html\" target=\"_blank\" rel=\"noopener\"><em>Pour voir la bande annonce, cliq<\/em><em>u<\/em><em>ez ici<\/em><\/a><\/li>\n<li><strong> Mardi 25 f\u00e9vrier 2025,<\/strong> \u00e0 20h.30<br \/>\nMon g\u00e2teau pr\u00e9f\u00e9r\u00e9 (V.O).\u00a0 <a href=\"https:\/\/www.google.com\/search?q=Bande+annonce+Mon+g%C3%A2teau+pr%C3%A9f%C3%A9r%C3%A9+%28V.O%29&amp;sca_esv=1efd172859308584&amp;rlz=1C1CHZN_frFR989FR991&amp;sxsrf=AHTn8zppOaplndFWRKAljBAWPWWgCe53pg%3A1739554633263&amp;ei=SX-vZ7XVD4WTkdUPg_--sAs&amp;ved=0ahUKEwj1ne7_2cOLAxWFSaQEHYO_D7YQ4dUDCBI&amp;oq=Bande+annonce+Mon+g%C3%A2teau+pr%C3%A9f%C3%A9r%C3%A9+%28V.O%29&amp;gs_lp=Egxnd3Mtd2l6LXNlcnAiKkJhbmRlIGFubm9uY2UgTW9uIGfDonRlYXUgcHLDqWbDqXLDqSAoVi5PKTIFECEYnwUyBRAhGJ8FSJRVUMAYWMAYcAF4AZABAJgBkgGgAZIBqgEDMC4xuAEMyAEA-AEC-AEBmAICoAKeAcICChAAGLADGNYEGEeYAwCIBgGQBgiSBwMxLjGgB-8D&amp;sclient=gws-wiz-serp#fpstate=ive&amp;vld=cid:e9db9d3c,vid:l382IK-nC8Y,st:0\" target=\"_blank\" rel=\"noopener\"><em>Pour voir la bande annonce, cliq<\/em><em>u<\/em><em>ez ici<\/em><\/a><\/li>\n<li><strong>Vendredi 28 f\u00e9vrier 2025,<\/strong> \u00e0 20h.30<br \/>\nMaria\u00a0 <a href=\"https:\/\/www.google.com\/search?rlz=1C1CHZN_frFR989FR991&amp;sca_esv=1efd172859308584&amp;cs=0&amp;sxsrf=AHTn8zo0pAMf4-0Uze574gFnKWPLmWBVVQ:1739607419406&amp;q=maria+bande+annonce+vf&amp;sa=X&amp;ved=2ahUKEwibgZbSnsWLAxXgVKQEHfdNHeAQpboHKAR6BAgBEAY&amp;biw=1536&amp;bih=695&amp;dpr=1.25#fpstate=ive&amp;vld=cid:5768362c,vid:Gu4dGZqOqoM,st:0\" target=\"_blank\" rel=\"noopener\"><em>Pour voir la bande annonce, cliq<\/em><em>u<\/em><em>ez ici<\/em><\/a><\/li>\n<li><strong> Samedi 1er mars 2025,<\/strong> Cin\u00e9-club \u00e0 20h30<br \/>\nDe l &lsquo;nfluence des rayons gamma sur le comportement des marguerites\u00a0 <a href=\"https:\/\/www.dailymotion.com\/video\/x8dmm45\" target=\"_blank\" rel=\"noopener\"><em>Pour voir la bande annonce, cliq<\/em><em>u<\/em><em>ez ici<\/em><\/a><\/li>\n<li><strong> Dimanche 2 mars 2025<\/strong><br \/>\n15h M\u00e9moires d&rsquo;un escargot\u00a0 <a href=\"https:\/\/www.youtube.com\/watch?v=Ehc8cc7g31I\" target=\"_blank\" rel=\"noopener\"><em>Pour voir la bande annonce, cliq<\/em><em>u<\/em><em>ez ici<\/em><\/a><br \/>\n16h45 Jane Austen a g\u00e2ch\u00e9 ma vie\u00a0 <a href=\"https:\/\/www.google.com\/search?q=bande+annonce+Jane+Austen+a+g%C3%A2ch%C3%A9+ma+vie&amp;rlz=1C1CHZN_frFR989FR991&amp;sca_esv=1efd172859308584&amp;cs=0&amp;biw=1536&amp;bih=695&amp;sxsrf=AHTn8zpGEecqy-XNHI_djIxZOT0BlT2xNA%3A1739607804546&amp;ei=_E6wZ5T7IJuJkdUPx_6X-Qk&amp;ved=0ahUKEwiU6fOJoMWLAxWbRKQEHUf_JZ8Q4dUDCBA&amp;oq=bande+annonce+Jane+Austen+a+g%C3%A2ch%C3%A9+ma+vie&amp;gs_lp=Egxnd3Mtd2l6LXNlcnAiKmJhbmRlIGFubm9uY2UgSmFuZSBBdXN0ZW4gYSBnw6JjaMOpIG1hIHZpZTIFEAAYgAQyCBAAGIAEGKIEMggQABiABBiiBDIIEAAYgAQYogQyBRAAGO8FMggQABiABBiiBEicYFDcMVjcMXABeACQAQCYAWWgAbsBqgEDMS4xuAEMyAEA-AEC-AEBmAICoAJuwgIKEAAYsAMY1gQYR5gDAIgGAZAGCJIHAzEuMaAH1Ao&amp;sclient=gws-wiz-serp#fpstate=ive&amp;vld=cid:f3611bc0,vid:vqYbchH9mUs,st:0\" target=\"_blank\" rel=\"noopener\"><em>Pour voir la bande annonce, cliq<\/em><em>u<\/em><em>ez ici<\/em><\/a><\/li>\n<li><strong>Mardi 4 mars 2025<\/strong>, \u00e022h.30<br \/>\nUn parfait inconnu (VO)\u00a0 <a href=\"https:\/\/www.google.com\/search?q=bande+annonce+Un+parfait+inconnu+%28VO%29&amp;rlz=1C1CHZN_frFR989FR991&amp;sca_esv=1efd172859308584&amp;cs=0&amp;biw=1536&amp;bih=695&amp;sxsrf=AHTn8zpASEmNLXLrX0nZai1rcSxz3LLq9g%3A1739607920727&amp;ei=cE-wZ5OLLK-okdUP66D62Ak&amp;ved=0ahUKEwiTg6fBoMWLAxUvVKQEHWuQHpsQ4dUDCBA&amp;oq=bande+annonce+Un+parfait+inconnu+%28VO%29&amp;gs_lp=Egxnd3Mtd2l6LXNlcnAiJWJhbmRlIGFubm9uY2UgVW4gcGFyZmFpdCBpbmNvbm51IChWTykyBRAhGKABSO5AUJIYWJIYcAF4AZABAJgBiAGgAYgBqgEDMC4xuAEMyAEA-AEC-AEBmAICoAKSAcICChAAGLADGNYEGEeYAwCIBgGQBgiSBwMxLjGgB9YB&amp;sclient=gws-wiz-serp#fpstate=ive&amp;vld=cid:8e960ef0,vid:hzmk9kqBH8o,st:0\" target=\"_blank\" rel=\"noopener\"><em>Pour voir la bande annonce, cliq<\/em><em>u<\/em><em>ez ici<\/em><\/a><\/li>\n<li><strong>Vendredi 7 mars 2025<\/strong> \u00e0 20h.30<br \/>\nGod save the tuche\u00a0 \u00a0 <a href=\"https:\/\/www.google.com\/search?q=bande+annonce+God+save+the+tuche&amp;rlz=1C1CHZN_frFR989FR991&amp;sca_esv=1efd172859308584&amp;cs=0&amp;biw=1536&amp;bih=695&amp;sxsrf=AHTn8zr5XDkru8PVbUc4zj5jrTdM5Ujq0g%3A1739608011557&amp;ei=y0-wZ-zfIf6IkdUP6IC9WA&amp;ved=0ahUKEwis8c7soMWLAxV-RKQEHWhADwsQ4dUDCBA&amp;oq=bande+annonce+God+save+the+tuche&amp;gs_lp=Egxnd3Mtd2l6LXNlcnAiIGJhbmRlIGFubm9uY2UgR29kIHNhdmUgdGhlIHR1Y2hlMgUQABiABDIGEAAYFhgeMgUQABjvBTIFEAAY7wUyBRAAGO8FMgUQABjvBTIFEAAY7wVI8yFQAFgAcAB4AZABAJgBdqABdqoBAzAuMbgBDMgBAPgBAvgBAZgCAaACfZgDAJIHAzAuMaAHpAQ&amp;sclient=gws-wiz-serp#fpstate=ive&amp;vld=cid:7f7f12a2,vid:K3aUaFbrd8g,st:0\" target=\"_blank\" rel=\"noopener\"><em>Pour voir la bande annonce, cliq<\/em><em>u<\/em><em>ez ici<\/em><\/a><\/li>\n<li><strong>Dimanche 9 mars 2025<\/strong><br \/>\n15h Hola frida\u00a0 <a href=\"https:\/\/www.google.com\/search?q=bande+annonce+Hola+frida%C2%A0&amp;rlz=1C1CHZN_frFR989FR991&amp;sca_esv=1efd172859308584&amp;cs=0&amp;biw=1536&amp;bih=695&amp;sxsrf=AHTn8zq16iY5P4bKE5tR_KK_X88iydHYaA%3A1739608135072&amp;ei=R1CwZ5-NBJvU7M8P0ebKwQs&amp;ved=0ahUKEwjfzMGnocWLAxUbKvsDHVGzMrgQ4dUDCBA&amp;oq=bande+annonce+Hola+frida%C2%A0&amp;gs_lp=Egxnd3Mtd2l6LXNlcnAiGmJhbmRlIGFubm9uY2UgSG9sYSBmcmlkYcKgMgYQABgWGB4yBhAAGBYYHjIFEAAY7wUyCBAAGIAEGKIEMggQABiABBiiBDIIEAAYgAQYogQyCBAAGIAEGKIESIE_ULYfWLYfcAF4AZABAJgBXKABXKoBATG4AQzIAQD4AQL4AQGYAgKgAmXCAgoQABiwAxjWBBhHmAMAiAYBkAYIkgcBMqAHswQ&amp;sclient=gws-wiz-serp#fpstate=ive&amp;vld=cid:e48e9ba3,vid:igCTQpG0CuU,st:0\" target=\"_blank\" rel=\"noopener\"><em>Pour voir la bande annonce, cliq<\/em><em>u<\/em><em>ez ici<\/em><\/a><br \/>\n16h30 L&rsquo;attachement\u00a0 <a href=\"https:\/\/www.google.com\/search?q=bande+annonce+L%27attachement%C2%A0&amp;rlz=1C1CHZN_frFR989FR991&amp;sca_esv=1efd172859308584&amp;cs=0&amp;biw=1536&amp;bih=695&amp;sxsrf=AHTn8zqj-hN0nnlFRxNdTnMOnnfgDrbjsA%3A1739608228437&amp;ei=pFCwZ8GlGrqukdUPl6C9kQs&amp;ved=0ahUKEwjBh4TUocWLAxU6V6QEHRdQL7IQ4dUDCBA&amp;oq=bande+annonce+L%27attachement%C2%A0&amp;gs_lp=Egxnd3Mtd2l6LXNlcnAiHWJhbmRlIGFubm9uY2UgTCdhdHRhY2hlbWVudMKgMgYQABgWGB4yBhAAGBYYHjIGEAAYFhgeMggQABiABBiiBDIIEAAYogQYiQUyBRAAGO8FMgUQABjvBUjKYFDGQVjGQXACeAGQAQCYAVygAVyqAQExuAEMyAEA-AEC-AEBmAIDoAJowgIKEAAYsAMY1gQYR5gDAIgGAZAGCJIHATOgB_8E&amp;sclient=gws-wiz-serp#fpstate=ive&amp;vld=cid:5396b240,vid:jafK7yg0whg,st:0\" target=\"_blank\" rel=\"noopener\"><em>Pour voir la bande annonce, cliq<\/em><em>u<\/em><em>ez ici<\/em><\/a><\/li>\n<li><strong>Mardi 11 mars 2025<\/strong>, \u00e0 20h.30<br \/>\nPr\u00e9sence\u00a0 (VO)\u00a0 <a href=\"https:\/\/www.dailymotion.com\/video\/x9crei2\" target=\"_blank\" rel=\"noopener\"><em>Pour voir la bande annonce, cliq<\/em><em>u<\/em><em>ez ici<\/em><\/a><\/li>\n<li><strong> Jeudi 13 mars 2025\u00a0<\/strong> Cin\u00e9-Solidaire\u00a0 \u00e0 15h.<br \/>\nLa pie voleuse\u00a0 <a href=\"https:\/\/www.google.com\/search?q=bande+annonce+La+pie+voleuse&amp;rlz=1C1CHZN_frFR989FR991&amp;sca_esv=1efd172859308584&amp;cs=0&amp;biw=1536&amp;bih=695&amp;sxsrf=AHTn8zq3aRhF7oOWR6HyD7OBqJkNtlcwbQ%3A1739608452163&amp;ei=hFGwZ6zUCfKdkdUP98avmQc&amp;ved=0ahUKEwisptu-osWLAxXyTqQEHXfjK3MQ4dUDCBA&amp;oq=bande+annonce+La+pie+voleuse&amp;gs_lp=Egxnd3Mtd2l6LXNlcnAiHGJhbmRlIGFubm9uY2UgTGEgcGllIHZvbGV1c2UyChAjGIAEGCcYigUyBhAAGBYYHjIGEAAYFhgeMgUQABjvBTIFEAAY7wUyBRAAGO8FMggQABiABBiiBEiae1DrRFjrRHAFeACQAQCYAVygAa8BqgEBMrgBDMgBAPgBAvgBAZgCBqACcsICChAAGLADGNYEGEeYAwCIBgGQBgWSBwE2oAeQCQ&amp;sclient=gws-wiz-serp#fpstate=ive&amp;vld=cid:a499152f,vid:758HN4VamcQ,st:0\" target=\"_blank\" rel=\"noopener\"><em>Pour voir la bande annonce, cliq<\/em><em>u<\/em><em>ez ici<\/em>,<\/a><\/li>\n<li><strong>Vendredi 14 mars 2025<\/strong>, \u00e0 20h.30<br \/>\nBridget Jones : folle de lui\u00a0 <a href=\"https:\/\/www.google.com\/search?q=bande+annonce+Bridget+Jones+%3A+folle+de+lui%C2%A0&amp;rlz=1C1CHZN_frFR989FR991&amp;sca_esv=1efd172859308584&amp;cs=0&amp;biw=1536&amp;bih=695&amp;sxsrf=AHTn8zpPcpenh7kMlh9M_97MUx3DqCPAjQ%3A1739608614638&amp;ei=JlKwZ6fQJrWGkdUPn_XngA0&amp;ved=0ahUKEwin-5eMo8WLAxU1Q6QEHZ_6GdAQ4dUDCBA&amp;oq=bande+annonce+Bridget+Jones+%3A+folle+de+lui%C2%A0&amp;gs_lp=Egxnd3Mtd2l6LXNlcnAiLGJhbmRlIGFubm9uY2UgQnJpZGdldCBKb25lcyA6IGZvbGxlIGRlIGx1acKgMgUQABiABDIEEAAYAzIIEAAYgAQYogQyCBAAGIAEGKIEMggQABiABBiiBDIIEAAYgAQYogQyCBAAGIAEGKIESLZHUKwcWKwccAF4AZABAJgBV6ABV6oBATG4AQzIAQD4AQL4AQGYAgKgAmHCAgoQABiwAxjWBBhHmAMAiAYBkAYIkgcBMqAH4gQ&amp;sclient=gws-wiz-serp#fpstate=ive&amp;vld=cid:6c68969d,vid:RMbEMP2s2Ps,st:0\" target=\"_blank\" rel=\"noopener\"><em>Pour voir la bande annonce, cliq<\/em><em>u<\/em><em>ez ici<\/em><\/a><\/li>\n<li><strong> Dimanche 16 mars 2025<\/strong><br \/>\n15h Une nuit au zoo\u00a0 <a href=\"https:\/\/www.youtube.com\/watch?v=C_3vhCqfwlo\" target=\"_blank\" rel=\"noopener\">P<em><em>our voir la bande annonce, cliq<\/em><em>u<\/em><em>ez ici<\/em><\/em><\/a><br \/>\n16h45 La pampa\u00a0 <a href=\"https:\/\/www.google.com\/search?q=bande+annonce+La+pampa&amp;rlz=1C1CHZN_frFR989FR991&amp;sca_esv=1efd172859308584&amp;cs=0&amp;biw=1536&amp;bih=695&amp;sxsrf=AHTn8zqFrwvKHciMDMFHqzNEzo1mQxaUqA%3A1739608886233&amp;ei=NlOwZ8b5DYWTkdUPpsKjwQs&amp;ved=0ahUKEwjG7NiNpMWLAxWFSaQEHSbhKLgQ4dUDCBA&amp;oq=bande+annonce+La+pampa&amp;gs_lp=Egxnd3Mtd2l6LXNlcnAiFmJhbmRlIGFubm9uY2UgTGEgcGFtcGEyBRAAGIAEMgsQABiABBixAxiDATIFEAAY7wUyCBAAGIAEGKIEMgUQABjvBUjoa1DDHljDHnABeACQAQCYAVmgAa8BqgEBMrgBDMgBAPgBAvgBAZgCAqACYsICChAAGLADGNYEGEeYAwCIBgGQBgiSBwEyoAfTCQ&amp;sclient=gws-wiz-serp#fpstate=ive&amp;vld=cid:c699dcfb,vid:jZCpZAGCsoY,st:0\" target=\"_blank\" rel=\"noopener\"><em>Pour voir la bande annonce, cliq<\/em><em>u<\/em><em>ez ici<\/em><\/a><\/li>\n<li><strong>Mardi 18 mars 2025<\/strong>, \u00e0 20h.30<br \/>\nFrom ground zero (VO)\u00a0 <a href=\"https:\/\/www.cineserie.com\/movies\/4627808\/\" target=\"_blank\" rel=\"noopener\"><em>Pour voir la bande annonce, cliq<\/em><em>u<\/em><em>ez ici<\/em><\/a><\/li>\n<\/ul>\n<p>&nbsp;<\/p>\n<p><strong>Pour voir le programme illustr\u00e9 n\u00b0 143, cliquez\u00a0\u00a0<a href=\"https:\/\/www.o-p-i.fr\/parlonsen\/wp-content\/uploads\/A4-143-OK.pdf\" target=\"_blank\" rel=\"noopener\">ICI<\/a><\/strong><\/p>\n<p><em>Information communiqu\u00e9e par Guy ROUMAGNAC<\/em><\/p>\n<div class=\"card\" style=\"width:350px\">\n<div class=\"card-body\">\n<h3 class=\"card-title text-center bg-light\">Fiche Annuaire<\/h3>\n<p><a href=\"https:\/\/www.o-p-i.fr\/aupays\/annuaire\/loisirs\/cine-monclar\/\" target=\"_blank\" rel=\"noopener\"><br \/>\n  <img data-recalc-dims=\"1\" decoding=\"async\" class=\"card-img\" src=\"https:\/\/i0.wp.com\/www.o-p-i.fr\/aupays\/wp-content\/uploads\/Cin%C3%A9Monclar.jpg?ssl=1\" alt=\"Cin\u00e9 Monclar\"\/><\/a><\/p>\n<p class=\"card-text\">Place des Capitouls,<br \/>\n82230 <a href=\"https:\/\/www.o-p-i.fr\/aupays\/monclar-de-quercy-82230\/\" target=\"_blank\" rel=\"noopener\">Monclar-de-Quercy<\/a><\/p>\n<p><a href=\"https:\/\/www.o-p-i.fr\/aupays\/annuaire\/loisirs\/cine-monclar\/\" target=\"_blank\" rel=\"noopener\" class=\"btn btn-primary\">Cin\u00e9ma Monclar de Quercy <i class=\"fa-solid fa-arrow-up-right-from-square\"><\/i><\/a><\/p><\/div>\n<\/div>\n","protected":false},"excerpt":{"rendered":"<div class=\"mh-excerpt\">Programme du vendredi 21 f\u00e9vrier au mardi 18 mars 2025:<\/div>\n","protected":false},"author":4,"featured_media":62094,"comment_status":"open","ping_status":"open","sticky":false,"template":"","format":"standard","meta":{"om_disable_all_campaigns":false,"advanced_seo_description":"","jetpack_seo_html_title":"","jetpack_seo_noindex":false,"_jetpack_memberships_contains_paid_content":false,"footnotes":"","_links_to":"","_links_to_target":""},"categories":[52,54,16,6297,6298],"tags":[1768,2998,6223,6337,1264],"class_list":{"0":"post-63908","1":"post","2":"type-post","3":"status-publish","4":"format-standard","5":"has-post-thumbnail","7":"category-parlons-en","8":"category-loisirs","9":"category-monclar","10":"category-n-227-fevrier-2025","11":"category-n-228-mars-2025","12":"tag-cinemonclar","13":"tag-cine-monclar","14":"tag-les-amis-du-cinema","15":"tag-s0825","16":"tag-programme"},"jetpack_featured_media_url":"https:\/\/i0.wp.com\/www.o-p-i.fr\/parlonsen\/wp-content\/uploads\/camera-cinema.jpg?fit=225%2C225&ssl=1","views":"","jetpack_likes_enabled":true,"jetpack_sharing_enabled":true,"jetpack_shortlink":"https:\/\/wp.me\/pg7Wxj-gCM","jetpack-related-posts":[],"_links":{"self":[{"href":"https:\/\/www.o-p-i.fr\/parlonsen\/wp-json\/wp\/v2\/posts\/63908","targetHints":{"allow":["GET"]}}],"collection":[{"href":"https:\/\/www.o-p-i.fr\/parlonsen\/wp-json\/wp\/v2\/posts"}],"about":[{"href":"https:\/\/www.o-p-i.fr\/parlonsen\/wp-json\/wp\/v2\/types\/post"}],"author":[{"embeddable":true,"href":"https:\/\/www.o-p-i.fr\/parlonsen\/wp-json\/wp\/v2\/users\/4"}],"replies":[{"embeddable":true,"href":"https:\/\/www.o-p-i.fr\/parlonsen\/wp-json\/wp\/v2\/comments?post=63908"}],"version-history":[{"count":0,"href":"https:\/\/www.o-p-i.fr\/parlonsen\/wp-json\/wp\/v2\/posts\/63908\/revisions"}],"wp:featuredmedia":[{"embeddable":true,"href":"https:\/\/www.o-p-i.fr\/parlonsen\/wp-json\/wp\/v2\/media\/62094"}],"wp:attachment":[{"href":"https:\/\/www.o-p-i.fr\/parlonsen\/wp-json\/wp\/v2\/media?parent=63908"}],"wp:term":[{"taxonomy":"category","embeddable":true,"href":"https:\/\/www.o-p-i.fr\/parlonsen\/wp-json\/wp\/v2\/categories?post=63908"},{"taxonomy":"post_tag","embeddable":true,"href":"https:\/\/www.o-p-i.fr\/parlonsen\/wp-json\/wp\/v2\/tags?post=63908"}],"curies":[{"name":"wp","href":"https:\/\/api.w.org\/{rel}","templated":true}]}}